{"id":280975,"date":"2025-09-29T15:45:00","date_gmt":"2025-09-29T13:45:00","guid":{"rendered":"https:\/\/www.tucomarca.com\/wordpress\/segunda\/?p=280975"},"modified":"2025-09-29T20:52:01","modified_gmt":"2025-09-29T18:52:01","slug":"mazon-preside-la-segunda-reunion-extraordinaria-de-los-miembros-del-consell","status":"publish","type":"post","link":"https:\/\/www.tucomarca.com\/wordpress\/segunda\/mazon-preside-la-segunda-reunion-extraordinaria-de-los-miembros-del-consell\/","title":{"rendered":"Maz\u00f3n preside la segunda reuni\u00f3n extraordinaria de los miembros del Consell"},"content":{"rendered":"\n<h3 class=\"wp-block-heading\">En esta segunda reuni\u00f3n de la jornada de hoy los consellers han actualizado la situaci\u00f3n en cada una de sus \u00e1reas ante las alertas meteorol\u00f3gicas activadas este lunes en la Comunitat Valenciana.<\/h3>\n\n\n\n<p>El president de la Generalitat, Carlos Maz\u00f3n, ha presidido la segunda reuni\u00f3n extraordinaria de los miembros del Consell en la jornada de hoy en la que los consellers han actualizado la situaci\u00f3n en cada una de sus \u00e1reas ante las alertas meteorol\u00f3gicas activadas este lunes en la Comunitat Valenciana<\/p>\n\n\n\n<p>En concreto, el conseller de Emergencias e Interior, Juan Carlos Valderrama ha explicado v\u00eda telem\u00e1tica a los miembros del Consell las conclusiones de la reuni\u00f3n de coordinaci\u00f3n celebrada esta tarde en el Centro de Emergencias de la Generalitat en L\u2019Eliana.<\/p>\n\n\n\n<p>En el encuentro tambi\u00e9n han participado de manera telem\u00e1tica el presidente de la Diputaci\u00f3n de Valencia, Vicent Momp\u00f3, la presidenta de la Diputaci\u00f3n de Castell\u00f3n, Marta Barrachina y la vicepresidenta de la Diputaci\u00f3n de Alicante,&nbsp;Ana&nbsp;Serna.<\/p>\n","protected":false},"excerpt":{"rendered":"<div class=\"mh-excerpt\">En esta segunda reuni\u00f3n de la jornada de hoy los consellers han actualizado la situaci\u00f3n en cada una de sus \u00e1reas ante las alertas meteorol\u00f3gicas activadas este lunes en la Comunitat Valenciana. El president de <a class=\"mh-excerpt-more\" href=\"https:\/\/www.tucomarca.com\/wordpress\/segunda\/mazon-preside-la-segunda-reunion-extraordinaria-de-los-miembros-del-consell\/\" title=\"Maz\u00f3n preside la segunda reuni\u00f3n extraordinaria de los miembros del Consell\">[+] <\/a><\/div>\n","protected":false},"author":1,"featured_media":280976,"comment_status":"open","ping_status":"open","sticky":false,"template":"","format":"standard","meta":{"footnotes":""},"categories":[21465,128,8,72,117,142,3,116,45],"tags":[18806,2163,12831,2142],"class_list":{"0":"post-280975","1":"post","2":"type-post","3":"status-publish","4":"format-standard","5":"has-post-thumbnail","7":"category-dana","8":"category-infraestructuras","9":"category-la-comarca","10":"category-sin-categorizar","11":"category-medio-ambiente-la-comarca","12":"category-politica-la-comarca","13":"category-seccion","14":"category-sucesos-la-comarca","15":"category-ventana","16":"tag-carlos-mazon","17":"tag-consell","18":"tag-dana-2","19":"tag-la-comunitat"},"_links":{"self":[{"href":"https:\/\/www.tucomarca.com\/wordpress\/segunda\/wp-json\/wp\/v2\/posts\/280975","targetHints":{"allow":["GET"]}}],"collection":[{"href":"https:\/\/www.tucomarca.com\/wordpress\/segunda\/wp-json\/wp\/v2\/posts"}],"about":[{"href":"https:\/\/www.tucomarca.com\/wordpress\/segunda\/wp-json\/wp\/v2\/types\/post"}],"author":[{"embeddable":true,"href":"https:\/\/www.tucomarca.com\/wordpress\/segunda\/wp-json\/wp\/v2\/users\/1"}],"replies":[{"embeddable":true,"href":"https:\/\/www.tucomarca.com\/wordpress\/segunda\/wp-json\/wp\/v2\/comments?post=280975"}],"version-history":[{"count":0,"href":"https:\/\/www.tucomarca.com\/wordpress\/segunda\/wp-json\/wp\/v2\/posts\/280975\/revisions"}],"wp:featuredmedia":[{"embeddable":true,"href":"https:\/\/www.tucomarca.com\/wordpress\/segunda\/wp-json\/wp\/v2\/media\/280976"}],"wp:attachment":[{"href":"https:\/\/www.tucomarca.com\/wordpress\/segunda\/wp-json\/wp\/v2\/media?parent=280975"}],"wp:term":[{"taxonomy":"category","embeddable":true,"href":"https:\/\/www.tucomarca.com\/wordpress\/segunda\/wp-json\/wp\/v2\/categories?post=280975"},{"taxonomy":"post_tag","embeddable":true,"href":"https:\/\/www.tucomarca.com\/wordpress\/segunda\/wp-json\/wp\/v2\/tags?post=280975"}],"curies":[{"name":"wp","href":"https:\/\/api.w.org\/{rel}","templated":true}]}}