{"id":281065,"date":"2025-09-30T11:00:00","date_gmt":"2025-09-30T09:00:00","guid":{"rendered":"https:\/\/www.tucomarca.com\/wordpress\/segunda\/?p=281065"},"modified":"2025-09-30T14:30:58","modified_gmt":"2025-09-30T12:30:58","slug":"la-unio-valora-como-muy-beneficiosas-en-general-las-lluvias-de-los-ultimos-dias-para-el-campo-valenciano","status":"publish","type":"post","link":"https:\/\/www.tucomarca.com\/wordpress\/segunda\/la-unio-valora-como-muy-beneficiosas-en-general-las-lluvias-de-los-ultimos-dias-para-el-campo-valenciano\/","title":{"rendered":"La Uni\u00f3 valora como \u00abmuy beneficiosas en general\u00bb las lluvias de los \u00faltimos d\u00edas para el campo valenciano"},"content":{"rendered":"\n<h3 class=\"wp-block-heading\"><strong>Carles Peris: \u201cA pesar de la magnitud de las lluvias hemos de estar satisfechos en general porque ten\u00edamos mucho temor de las consecuencias del temporal\u201d<\/strong>.<\/h3>\n\n\n\n<p>Las fuertes lluvias de los \u00faltimos dos d\u00edas dejan un balance general muy positivo para el campo valenciano a excepci\u00f3n de algunas zonas donde cay\u00f3 pedrisco de forma muy localizada y en cultivos como el arroz pendiente de segar o las hortalizas que son sensibles al exceso de agua y humedad, seg\u00fan informa La Uni\u00f3 Llauradora i Ramadera.<\/p>\n\n\n\n<p>Hasta seis estaciones meteorol\u00f3gicas de la Comunitat Valenciana han tenido registros pluviom\u00e9tricos superiores a los 200 litros\/m2. Sin embargo, las precipitaciones han ca\u00eddo de forma beneficiosa, espaciadas y sin causar da\u00f1os destacables, adem\u00e1s de suponer un aporte de agua muy positivo para el campo y el medio natural. Incluso en algunas zonas o localidades las lluvias han sido pr\u00e1cticamente testimoniales y los agricultores se han quedado esperando su llegada de una forma m\u00e1s generosa.<\/p>\n\n\n\n<p>Las lluvias de estas \u00faltimas horas suponen adem\u00e1s un ahorro de los riegos con la energ\u00eda el\u00e9ctrica al alza y la recarga de las reservas h\u00eddricas (embalses y acu\u00edferos), as\u00ed como una regeneraci\u00f3n de los pastos y de las balsas para la ganader\u00eda extensiva que evitar\u00e1 posibles problemas de suministro h\u00eddrico. Tambi\u00e9n las lluvias limpian los \u00e1rboles ante posibles plagas o enfermedades.<\/p>\n\n\n\n<p>Los \u00fanicos problemas destacables hasta el momento son posibles arrastres de tierras en algunas zonas donde se acumularon mayores precipitaciones y algunos da\u00f1os localizados en infraestructuras agrarias (m\u00e1rgenes, caminos o riego por goteo), la paralizaci\u00f3n de las tareas de recolecci\u00f3n de los diferentes cultivos (c\u00edtricos, caqui, uva, almendra) y posibles da\u00f1os en el arroz pendiente de segar o en las hortalizas anegadas, as\u00ed como el granizo pero que cay\u00f3 de forma muy localizada en algunas localidades de la Plana Baixa con da\u00f1os poco destacables aunque se suma en algunos casos a los ya ocurridos en julio.&nbsp;<\/p>\n\n\n\n<p>Habr\u00e1 que ver no obstante c\u00f3mo afecta al arroz este exceso de humedad y comprobar si el nivel de agua embalsada ha afectado a las espigas o al grano. En el caso de las hortalizas un exceso de humedad puede provocar problemas de asfixia radicular y dificultar la comercializaci\u00f3n posterior.<\/p>\n\n\n\n<p>Para cultivos de regad\u00edo como c\u00edtricos y caquis las lluvias mejorar\u00e1n el calibre de la fruta y en otros de secano como la almendra o el olivar servir\u00e1n para paliar la falta de agua tras un verano con escasas lluvias por el interior. &nbsp;<\/p>\n\n\n\n<p>\u201cA pesar de la relevancia y magnitud de las lluvias hemos de estar satisfechos en general porque ten\u00edamos mucho temor acerca de las consecuencias del temporal. Han sido al final unas lluvias \u00fatiles y seguras, sin episodios extremos que pudieran provocar demasiados destrozos en el campo. Son por tanto muy bienvenidas excepto da\u00f1os muy puntuales o zonas muy localizadas\u201d, se\u00f1ala Carles Peris, secretario general de La Uni\u00f3.<\/p>\n","protected":false},"excerpt":{"rendered":"<div class=\"mh-excerpt\">Carles Peris: \u201cA pesar de la magnitud de las lluvias hemos de estar satisfechos en general porque ten\u00edamos mucho temor de las consecuencias del temporal\u201d. Las fuertes lluvias de los \u00faltimos dos d\u00edas dejan un <a class=\"mh-excerpt-more\" href=\"https:\/\/www.tucomarca.com\/wordpress\/segunda\/la-unio-valora-como-muy-beneficiosas-en-general-las-lluvias-de-los-ultimos-dias-para-el-campo-valenciano\/\" title=\"La Uni\u00f3 valora como \u00abmuy beneficiosas en general\u00bb las lluvias de los \u00faltimos d\u00edas para el campo valenciano\">[+] <\/a><\/div>\n","protected":false},"author":12,"featured_media":281071,"comment_status":"open","ping_status":"open","sticky":false,"template":"","format":"standard","meta":{"footnotes":""},"categories":[169,128,8,72,117,142,3,116,45],"tags":[21081,16624],"class_list":{"0":"post-281065","1":"post","2":"type-post","3":"status-publish","4":"format-standard","5":"has-post-thumbnail","7":"category-agricultura-la-comarca","8":"category-infraestructuras","9":"category-la-comarca","10":"category-sin-categorizar","11":"category-medio-ambiente-la-comarca","12":"category-politica-la-comarca","13":"category-seccion","14":"category-sucesos-la-comarca","15":"category-ventana","16":"tag-la-unio-llauradora-i-ramadera","17":"tag-temporal-de-lluvias"},"_links":{"self":[{"href":"https:\/\/www.tucomarca.com\/wordpress\/segunda\/wp-json\/wp\/v2\/posts\/281065","targetHints":{"allow":["GET"]}}],"collection":[{"href":"https:\/\/www.tucomarca.com\/wordpress\/segunda\/wp-json\/wp\/v2\/posts"}],"about":[{"href":"https:\/\/www.tucomarca.com\/wordpress\/segunda\/wp-json\/wp\/v2\/types\/post"}],"author":[{"embeddable":true,"href":"https:\/\/www.tucomarca.com\/wordpress\/segunda\/wp-json\/wp\/v2\/users\/12"}],"replies":[{"embeddable":true,"href":"https:\/\/www.tucomarca.com\/wordpress\/segunda\/wp-json\/wp\/v2\/comments?post=281065"}],"version-history":[{"count":0,"href":"https:\/\/www.tucomarca.com\/wordpress\/segunda\/wp-json\/wp\/v2\/posts\/281065\/revisions"}],"wp:featuredmedia":[{"embeddable":true,"href":"https:\/\/www.tucomarca.com\/wordpress\/segunda\/wp-json\/wp\/v2\/media\/281071"}],"wp:attachment":[{"href":"https:\/\/www.tucomarca.com\/wordpress\/segunda\/wp-json\/wp\/v2\/media?parent=281065"}],"wp:term":[{"taxonomy":"category","embeddable":true,"href":"https:\/\/www.tucomarca.com\/wordpress\/segunda\/wp-json\/wp\/v2\/categories?post=281065"},{"taxonomy":"post_tag","embeddable":true,"href":"https:\/\/www.tucomarca.com\/wordpress\/segunda\/wp-json\/wp\/v2\/tags?post=281065"}],"curies":[{"name":"wp","href":"https:\/\/api.w.org\/{rel}","templated":true}]}}