{"id":281103,"date":"2025-09-30T08:00:00","date_gmt":"2025-09-30T06:00:00","guid":{"rendered":"https:\/\/www.tucomarca.com\/wordpress\/segunda\/?p=281103"},"modified":"2025-09-30T18:10:33","modified_gmt":"2025-09-30T16:10:33","slug":"la-diputacio-destina-13-millones-de-euros-al-deporte-provincial-para-la-participacion-en-competiciones-y-la-celebracion-de-eventos","status":"publish","type":"post","link":"https:\/\/www.tucomarca.com\/wordpress\/segunda\/la-diputacio-destina-13-millones-de-euros-al-deporte-provincial-para-la-participacion-en-competiciones-y-la-celebracion-de-eventos\/","title":{"rendered":"La Diputaci\u00f3 destina 1,3 millones de euros al deporte provincial para la participaci\u00f3n en competiciones y la celebraci\u00f3n de eventos"},"content":{"rendered":"\n<h3 class=\"wp-block-heading\">El \u00e1rea de Deportes que dirige Pedro Cuesta convoca dos l\u00edneas de ayudas: una de 900.000 euros por la participaci\u00f3n en competiciones nacionales e internacionales; y otra de 400.000 para la organizaci\u00f3n de eventos deportivos.<\/h3>\n\n\n\n<h3 class=\"wp-block-heading\">El plazo para solicitar estas subvenciones finaliza los d\u00edas 17 y 20 de octubre respectivamente.&nbsp;<\/h3>\n\n\n\n<p>La Diputaci\u00f3 de Val\u00e8ncia ha abierto dos convocatorias de ayudas destinadas a clubes, federaciones y entidades deportivas de la provincia. Se trata de dos l\u00edneas de ayudas puestas en marcha por el \u00e1rea de Deportes que dirige el diputado Pedro Cuesta, y que entre las dos alcanzan los 1,3 millones de euros.<\/p>\n\n\n\n<p>\u201cUna vez m\u00e1s desde el \u00e1rea de Deportes demostramos nuestro apoyo y compromiso con el desarrollo del deporte provincial. Estas ayudas resultan fundamentales para federaciones de deportes minoritarios y clubes no profesionales, que sin el apoyo de la Diputaci\u00f3n no podr\u00edan continuar con la pr\u00e1ctica deportiva. La corporaci\u00f3n se confirma como un pilar fundamental para el deporte base de la provincia\u201d, destaca el diputado de Deportes, Pedro Cuesta.<\/p>\n\n\n\n<p>La primera l\u00ednea de ayudas, dotada con 900.000 euros, va dirigida \u00fanicamente a los clubes deportivos de la provincia, y servir\u00e1n para financiar los gastos que conlleva la participaci\u00f3n de sus equipos absolutos, en las competiciones oficiales de \u00e1mbito nacional y\/o internacional, de car\u00e1cter no profesional. El plazo para que estas entidades soliciten la subvenci\u00f3n, que podr\u00e1 llegar hasta los 19.500 euros para los deportes individuales y hasta los 40.000 euros para los deportes colectivos, concluye el pr\u00f3ximo 17 de octubre.<\/p>\n\n\n\n<p>Concretamente, los clubes beneficiados deber\u00e1n dedicar este dinero a la participaci\u00f3n en una de las siguientes competiciones: torneos europeos de clubes, con participaci\u00f3n m\u00ednima de ocho pa\u00edses y que se clasifiquen en sus respectivas ligas; campeonatos de Espa\u00f1a de m\u00e1xima divisi\u00f3n y categor\u00eda absoluta; y\/o ligas estatales oficiales no profesionales de categor\u00eda absoluta, de m\u00e1xima categor\u00eda, o bien las dos ligas oficiales de categor\u00eda absoluta, inmediatamente inferiores, que se celebren por sistema de liga regular, organizada o reconocida por la federaci\u00f3n espa\u00f1ola correspondiente.<\/p>\n\n\n\n<p><strong>Ayudas para celebraci\u00f3n de eventos<\/strong><\/p>\n\n\n\n<p>A la segunda convocatoria de ayudas puesta en marcha por la Diputaci\u00f3n, que cuenta con un presupuesto de 400.000 euros, pueden optar las federaciones, clubes y entidades deportivas de la provincia de Valencia. La finalidad de esta subvenci\u00f3n es la realizaci\u00f3n de eventos deportivos especiales, extraordinarios o anuales, de car\u00e1cter nacional e internacional y de categor\u00eda senior o absoluta, en el territorio de la provincia de Valencia durante el ejercicio 2025. Cada entidad beneficiada podr\u00e1 recibir hasta un m\u00e1ximo de 40.000 euros, y la fecha para formalizar la solicitud de esta ayuda termina el pr\u00f3ximo 20 de octubre.<\/p>\n\n\n\n<p>Los eventos que, espec\u00edficamente, ser\u00e1n subvencionables por parte de la Diputaci\u00f3n son los campeonatos oficiales del Mundo, Europa o Espa\u00f1a; as\u00ed como otras competiciones de \u00e1mbito internacional y nacional de categor\u00eda senior o absoluta, calificadas &nbsp; por &nbsp; la &nbsp; federaci\u00f3n &nbsp; deportiva &nbsp; correspondiente (se considerar\u00e1n en este nivel las de pilota valenciana calificadas por la federaci\u00f3n auton\u00f3mica).&nbsp;<\/p>\n\n\n\n<p>Tambi\u00e9n se incluyen en esta l\u00ednea de ayudas los eventos para celebrar un aniversario de la entidad deportiva solicitante, y tambi\u00e9n eventos deportivos singulares que se celebren en una \u00fanica jornada, consistentes en carreras a pie, carreras ciclistas, nataci\u00f3n, duatlones o triatlones.<\/p>\n","protected":false},"excerpt":{"rendered":"<div class=\"mh-excerpt\">El \u00e1rea de Deportes que dirige Pedro Cuesta convoca dos l\u00edneas de ayudas: una de 900.000 euros por la participaci\u00f3n en competiciones nacionales e internacionales; y otra de 400.000 para la organizaci\u00f3n de eventos deportivos. <a class=\"mh-excerpt-more\" href=\"https:\/\/www.tucomarca.com\/wordpress\/segunda\/la-diputacio-destina-13-millones-de-euros-al-deporte-provincial-para-la-participacion-en-competiciones-y-la-celebracion-de-eventos\/\" title=\"La Diputaci\u00f3 destina 1,3 millones de euros al deporte provincial para la participaci\u00f3n en competiciones y la celebraci\u00f3n de eventos\">[+] <\/a><\/div>\n","protected":false},"author":1,"featured_media":281104,"comment_status":"open","ping_status":"open","sticky":false,"template":"","format":"standard","meta":{"footnotes":""},"categories":[6,128,8,72,199,142,3,45],"tags":[545,3677,2142],"class_list":{"0":"post-281103","1":"post","2":"type-post","3":"status-publish","4":"format-standard","5":"has-post-thumbnail","7":"category-deportes","8":"category-infraestructuras","9":"category-la-comarca","10":"category-sin-categorizar","11":"category-polideportivo","12":"category-politica-la-comarca","13":"category-seccion","14":"category-ventana","15":"tag-deporte","16":"tag-diputacio-de-valencia","17":"tag-la-comunitat"},"_links":{"self":[{"href":"https:\/\/www.tucomarca.com\/wordpress\/segunda\/wp-json\/wp\/v2\/posts\/281103","targetHints":{"allow":["GET"]}}],"collection":[{"href":"https:\/\/www.tucomarca.com\/wordpress\/segunda\/wp-json\/wp\/v2\/posts"}],"about":[{"href":"https:\/\/www.tucomarca.com\/wordpress\/segunda\/wp-json\/wp\/v2\/types\/post"}],"author":[{"embeddable":true,"href":"https:\/\/www.tucomarca.com\/wordpress\/segunda\/wp-json\/wp\/v2\/users\/1"}],"replies":[{"embeddable":true,"href":"https:\/\/www.tucomarca.com\/wordpress\/segunda\/wp-json\/wp\/v2\/comments?post=281103"}],"version-history":[{"count":0,"href":"https:\/\/www.tucomarca.com\/wordpress\/segunda\/wp-json\/wp\/v2\/posts\/281103\/revisions"}],"wp:featuredmedia":[{"embeddable":true,"href":"https:\/\/www.tucomarca.com\/wordpress\/segunda\/wp-json\/wp\/v2\/media\/281104"}],"wp:attachment":[{"href":"https:\/\/www.tucomarca.com\/wordpress\/segunda\/wp-json\/wp\/v2\/media?parent=281103"}],"wp:term":[{"taxonomy":"category","embeddable":true,"href":"https:\/\/www.tucomarca.com\/wordpress\/segunda\/wp-json\/wp\/v2\/categories?post=281103"},{"taxonomy":"post_tag","embeddable":true,"href":"https:\/\/www.tucomarca.com\/wordpress\/segunda\/wp-json\/wp\/v2\/tags?post=281103"}],"curies":[{"name":"wp","href":"https:\/\/api.w.org\/{rel}","templated":true}]}}