{"id":281208,"date":"2025-10-01T12:15:00","date_gmt":"2025-10-01T10:15:00","guid":{"rendered":"https:\/\/www.tucomarca.com\/wordpress\/segunda\/?p=281208"},"modified":"2025-10-01T21:28:16","modified_gmt":"2025-10-01T19:28:16","slug":"la-generalitat-inicia-los-trabajos-de-reconstruccion-del-acceso-al-centro-comercial-bonaire-con-el-objetivo-de-abrirlo-para-navidad","status":"publish","type":"post","link":"https:\/\/www.tucomarca.com\/wordpress\/segunda\/la-generalitat-inicia-los-trabajos-de-reconstruccion-del-acceso-al-centro-comercial-bonaire-con-el-objetivo-de-abrirlo-para-navidad\/","title":{"rendered":"La Generalitat inicia los trabajos de reconstrucci\u00f3n del acceso al centro comercial Bonaire con el objetivo de abrirlo para Navidad"},"content":{"rendered":"\n<h3 class=\"wp-block-heading\">Vicente Mart\u00ednez Mus ha visitado la zona que result\u00f3 gravemente da\u00f1ada por las inundaciones con motivo del comienzo de las obras.<\/h3>\n\n\n\n<h3 class=\"wp-block-heading\">La Conselleria de Medio Ambiente, Infraestructuras y Territorio va a invertir 1.080.000 euros en esta infraestructura municipal tras solicitar el Ayuntamiento de Aldaia que asumiera los trabajos.<\/h3>\n\n\n\n<p>La Generalitat ha iniciado los trabajos de reconstrucci\u00f3n del viario auxiliar y la estructura de acceso al centro comercial Bonaire en Aldaia con el objetivo de abrirlo para Navidad.<\/p>\n\n\n\n<p>As\u00ed lo ha confirmado el conseller de Medio Ambiente, Infraestructuras y Territorio, Vicente Mart\u00ednez Mus, que ha visitado, este mi\u00e9rcoles, la zona junto con el alcalde de Aldaia, Guillermo Luj\u00e1n. El Ayuntamiento fue consciente de los da\u00f1os en el puente del vial que atraviesa el barranco de la Saleta tras la reapertura del centro comercial y, ante la imposibilidad de realizar los trabajos con celeridad, solicit\u00f3 en agosto a la Generalitat que asumiera las obras.<\/p>\n\n\n\n<p>De esta manera, la Conselleria de Medio Ambiente, Infraestructuras y Territorio va a llevar a cabo la urgente ejecuci\u00f3n de estas obras, que tendr\u00e1n un coste estimado de 1.080.000 euros y un plazo de tres meses, tras unas inspecciones t\u00e9cnicas que han confirmado que las riadas comprometieron la estabilidad de la estructura al recibir el fuerte empuje del agua.<\/p>\n\n\n\n<p>En este sentido, Mart\u00ednez Mus ha detallado que \u00abse han detectado problemas de descalce de los taludes norte de acceso al puente, as\u00ed como diversas grietas en los muros de cerramiento de los taludes y grandes socavaciones en el lecho del barranco, dejando la cimentaci\u00f3n de las pilas de la estructura descalzadas\u00bb.<\/p>\n\n\n\n<p>Asimismo, estas socavaciones han provocado el deterioro del firme sobre el tablero del puente y han afectado a las juntas existentes entre los terraplenes de acceso y el propio tablero del puente. Tambi\u00e9n, se ha visto afectada tanto la barrera r\u00edgida de contenci\u00f3n sobre la estructura, como las biondas existentes en los terraplenes de acceso.<\/p>\n\n\n\n<p>Mart\u00ednez Mus ha destacado que, tras las primeras inspecciones de los t\u00e9cnicos de la Conselleria, \u00abse ha considerado necesario iniciar los trabajos con urgencia para limpiar y desbrozar los taludes y los par\u00e1metros de hormig\u00f3n para poder evaluar con detalle los da\u00f1os. Adem\u00e1s, se van a demoler y retirar las losas da\u00f1adas, as\u00ed como sanear los apoyos y realizar la excavaci\u00f3n de envolvente de canalizaci\u00f3n de gas\u00bb.&nbsp;<\/p>\n\n\n\n<p>El titular de Infraestructuras ha destacado que \u00abno solo se va a reponer con seguridad la estructura original, sino que tambi\u00e9n se van a ejecutar nuevas protecciones de escollera para hacer m\u00e1s resistente la estructura, ante fen\u00f3menos meteorol\u00f3gicos extremos y se habilitar\u00e1n las se\u00f1alizaciones y protecciones, entre otros trabajos\u201d.<\/p>\n\n\n\n<figure class=\"wp-block-gallery has-nested-images columns-default is-cropped wp-block-gallery-1 is-layout-flex wp-block-gallery-is-layout-flex\">\n<figure class=\"wp-block-image size-large\"><img loading=\"lazy\" decoding=\"async\" width=\"1024\" height=\"691\" data-id=\"281210\" src=\"https:\/\/www.tucomarca.com\/wordpress\/segunda\/wp-content\/uploads\/2025\/10\/Obras_acceso_Bonaire3-1024x691.jpg\" alt=\"\" class=\"wp-image-281210\" srcset=\"https:\/\/www.tucomarca.com\/wordpress\/segunda\/wp-content\/uploads\/2025\/10\/Obras_acceso_Bonaire3-1024x691.jpg 1024w, https:\/\/www.tucomarca.com\/wordpress\/segunda\/wp-content\/uploads\/2025\/10\/Obras_acceso_Bonaire3-300x202.jpg 300w, https:\/\/www.tucomarca.com\/wordpress\/segunda\/wp-content\/uploads\/2025\/10\/Obras_acceso_Bonaire3-768x518.jpg 768w, https:\/\/www.tucomarca.com\/wordpress\/segunda\/wp-content\/uploads\/2025\/10\/Obras_acceso_Bonaire3.jpg 1181w\" sizes=\"auto, (max-width: 1024px) 100vw, 1024px\" \/><\/figure>\n\n\n\n<figure class=\"wp-block-image size-large\"><img loading=\"lazy\" decoding=\"async\" width=\"1024\" height=\"691\" data-id=\"281212\" src=\"https:\/\/www.tucomarca.com\/wordpress\/segunda\/wp-content\/uploads\/2025\/10\/Obras_acceso_Bonaire2-1024x691.jpg\" alt=\"\" class=\"wp-image-281212\" srcset=\"https:\/\/www.tucomarca.com\/wordpress\/segunda\/wp-content\/uploads\/2025\/10\/Obras_acceso_Bonaire2-1024x691.jpg 1024w, https:\/\/www.tucomarca.com\/wordpress\/segunda\/wp-content\/uploads\/2025\/10\/Obras_acceso_Bonaire2-300x202.jpg 300w, https:\/\/www.tucomarca.com\/wordpress\/segunda\/wp-content\/uploads\/2025\/10\/Obras_acceso_Bonaire2-768x518.jpg 768w, https:\/\/www.tucomarca.com\/wordpress\/segunda\/wp-content\/uploads\/2025\/10\/Obras_acceso_Bonaire2.jpg 1181w\" sizes=\"auto, (max-width: 1024px) 100vw, 1024px\" \/><\/figure>\n<\/figure>\n\n\n\n<p><strong>Acceso a centro comercial<\/strong><\/p>\n\n\n\n<p>Este vial se corresponde con uno de los accesos al centro comercial Bonaire y paulatinamente, a medida que est\u00e1 volviendo a la actividad, se est\u00e1 incrementando el tr\u00e1fico por el mismo. \u201cHasta el pasado mes de julio, el Ayuntamiento de Aldaia, titular de la infraestructura viaria, no hab\u00eda tenido conocimiento del da\u00f1o existente en la estructura. Al disponer de esta informaci\u00f3n, procedi\u00f3 al cierre al tr\u00e1fico del viario dada la peligrosidad existente\u201d, ha destacado el titular de Infraestructuras.<\/p>\n\n\n\n<p>Este vial es uno de los principales accesos a la zona comercial y evita que el tr\u00e1fico se tenga que derivar por otros accesos m\u00e1s al sur y que afectan a la rotonda del distribuidor comarcal sur de la CV-410, as\u00ed como de acceso a otras zonas industriales, siendo una infraestructura necesaria para la movilidad en un entorno de uso industrial y terciario muy consolidado, y con grandes intensidades de tr\u00e1fico.<\/p>\n\n\n\n<p>Por \u00faltimo, Vicente Mart\u00ednez Mus ha ratificado el \u00abcompromiso\u00bb del ejecutivo valenciano para \u00abasumir las competencias de la adecuaci\u00f3n de esta y otras infraestructuras municipales\u201d. La rehabilitaci\u00f3n se incorporar\u00e1 al plan &#8216;Recuperem Val\u00e8ncia&#8217; que lleva a cabo la Generalitat en el que asume m\u00e1s de medio centenar de actuaciones de titularidad local en municipios afectados por las inundaciones, con una inversi\u00f3n superior a los 50 millones de euros. La mitad de estas actuaciones ya han sido finalizadas.<\/p>\n","protected":false},"excerpt":{"rendered":"<div class=\"mh-excerpt\">Vicente Mart\u00ednez Mus ha visitado la zona que result\u00f3 gravemente da\u00f1ada por las inundaciones con motivo del comienzo de las obras. La Conselleria de Medio Ambiente, Infraestructuras y Territorio va a invertir 1.080.000 euros en <a class=\"mh-excerpt-more\" href=\"https:\/\/www.tucomarca.com\/wordpress\/segunda\/la-generalitat-inicia-los-trabajos-de-reconstruccion-del-acceso-al-centro-comercial-bonaire-con-el-objetivo-de-abrirlo-para-navidad\/\" title=\"La Generalitat inicia los trabajos de reconstrucci\u00f3n del acceso al centro comercial Bonaire con el objetivo de abrirlo para Navidad\">[+] <\/a><\/div>\n","protected":false},"author":12,"featured_media":281214,"comment_status":"open","ping_status":"open","sticky":false,"template":"","format":"gallery","meta":{"footnotes":""},"categories":[46,21465,128,8,72,10,117,142,3,116,45],"tags":[23123,12831,10716],"class_list":{"0":"post-281208","1":"post","2":"type-post","3":"status-publish","4":"format-gallery","5":"has-post-thumbnail","7":"category-camp-de-turia","8":"category-dana","9":"category-infraestructuras","10":"category-la-comarca","11":"category-sin-categorizar","12":"category-la-hoya","13":"category-medio-ambiente-la-comarca","14":"category-politica-la-comarca","15":"category-seccion","16":"category-sucesos-la-comarca","17":"category-ventana","18":"tag-centro-comercial-bonaire","19":"tag-dana-2","20":"tag-generalitat-valenciana","21":"post_format-post-format-gallery"},"_links":{"self":[{"href":"https:\/\/www.tucomarca.com\/wordpress\/segunda\/wp-json\/wp\/v2\/posts\/281208","targetHints":{"allow":["GET"]}}],"collection":[{"href":"https:\/\/www.tucomarca.com\/wordpress\/segunda\/wp-json\/wp\/v2\/posts"}],"about":[{"href":"https:\/\/www.tucomarca.com\/wordpress\/segunda\/wp-json\/wp\/v2\/types\/post"}],"author":[{"embeddable":true,"href":"https:\/\/www.tucomarca.com\/wordpress\/segunda\/wp-json\/wp\/v2\/users\/12"}],"replies":[{"embeddable":true,"href":"https:\/\/www.tucomarca.com\/wordpress\/segunda\/wp-json\/wp\/v2\/comments?post=281208"}],"version-history":[{"count":0,"href":"https:\/\/www.tucomarca.com\/wordpress\/segunda\/wp-json\/wp\/v2\/posts\/281208\/revisions"}],"wp:featuredmedia":[{"embeddable":true,"href":"https:\/\/www.tucomarca.com\/wordpress\/segunda\/wp-json\/wp\/v2\/media\/281214"}],"wp:attachment":[{"href":"https:\/\/www.tucomarca.com\/wordpress\/segunda\/wp-json\/wp\/v2\/media?parent=281208"}],"wp:term":[{"taxonomy":"category","embeddable":true,"href":"https:\/\/www.tucomarca.com\/wordpress\/segunda\/wp-json\/wp\/v2\/categories?post=281208"},{"taxonomy":"post_tag","embeddable":true,"href":"https:\/\/www.tucomarca.com\/wordpress\/segunda\/wp-json\/wp\/v2\/tags?post=281208"}],"curies":[{"name":"wp","href":"https:\/\/api.w.org\/{rel}","templated":true}]}}