{"id":281252,"date":"2025-10-01T10:00:00","date_gmt":"2025-10-01T08:00:00","guid":{"rendered":"https:\/\/www.tucomarca.com\/wordpress\/segunda\/?p=281252"},"modified":"2025-10-01T21:07:26","modified_gmt":"2025-10-01T19:07:26","slug":"mompo-anuncia-en-fruit-attraction-un-plan-provincial-de-la-diputacio-de-valencia-contra-la-sobrepoblacion-de-jabalies","status":"publish","type":"post","link":"https:\/\/www.tucomarca.com\/wordpress\/segunda\/mompo-anuncia-en-fruit-attraction-un-plan-provincial-de-la-diputacio-de-valencia-contra-la-sobrepoblacion-de-jabalies\/","title":{"rendered":"Momp\u00f3 anuncia en Fruit Attraction un plan provincial de la Diputaci\u00f3 de Val\u00e8ncia contra la sobrepoblaci\u00f3n de jabal\u00edes"},"content":{"rendered":"\n<h3 class=\"wp-block-heading\">La instituci\u00f3n provincial activa una ayuda econ\u00f3mica a la Federaci\u00f3n de Caza de la Comunitat Valenciana, que se encargar\u00e1 de redistribuir a los clubes y sociedades de cazadores de la provincia de Valencia.<\/h3>\n\n\n\n<h3 class=\"wp-block-heading\">De manera paralela, el \u00e1rea provincial de Carreteras trabaja en una herramienta tecnol\u00f3gica para alertar a los conductores de la presencia de animales.<\/h3>\n\n\n\n<p>El presidente de la Diputaci\u00f3 de Val\u00e8ncia, Vicent Momp\u00f3, ha anunciado este mi\u00e9rcoles en la feria Fruit Attraction 2025 de Madrid, que la Diputaci\u00f3, junto con la Federaci\u00f3n de Caza de la Comunitat Valenciana, \u00abest\u00e1 dise\u00f1ando un plan provincial contra la sobrepoblaci\u00f3n de jabal\u00edes con medidas concretas para problemas reales que afectan a nuestros campos y a la rentabilidad de nuestros cultivos\u00bb. \u00abEsa es la clave -contin\u00faa Momp\u00f3- dar respuestas: proteger a quienes trabajan la tierra y garantizar que la agricultura siga siendo motor econ\u00f3mico y se\u00f1a de identidad de nuestra tierra\u00bb.<\/p>\n\n\n\n<p>En este sentido, y tras asistir a la presentaci\u00f3n dela campa\u00f1a&nbsp;de promoci\u00f3n de la marca &#8216;Aguacates&nbsp;CV&#8217; por la Asociaci\u00f3n de Productores de Aguacates (ASOPROA), el presidente Momp\u00f3 ha avanzado este nuevo impulso de la corporaci\u00f3n provincial al sector agr\u00edcola. \u00abCada campo, cada fruto y cada esfuerzo de nuestros agricultores forman parte de lo que somos; la Comunitat Valenciana no se entiende sin su campo, por eso apostar por el producto valenciano es un acto de justicia, de orgullo y de futuro\u00bb, se\u00f1ala.<\/p>\n\n\n\n<figure class=\"wp-block-image size-large\"><img loading=\"lazy\" decoding=\"async\" width=\"1024\" height=\"683\" src=\"https:\/\/www.tucomarca.com\/wordpress\/segunda\/wp-content\/uploads\/2025\/10\/DipuFruit2-1024x683.jpg\" alt=\"\" class=\"wp-image-281259\" srcset=\"https:\/\/www.tucomarca.com\/wordpress\/segunda\/wp-content\/uploads\/2025\/10\/DipuFruit2-1024x683.jpg 1024w, https:\/\/www.tucomarca.com\/wordpress\/segunda\/wp-content\/uploads\/2025\/10\/DipuFruit2-300x200.jpg 300w, https:\/\/www.tucomarca.com\/wordpress\/segunda\/wp-content\/uploads\/2025\/10\/DipuFruit2-768x512.jpg 768w, https:\/\/www.tucomarca.com\/wordpress\/segunda\/wp-content\/uploads\/2025\/10\/DipuFruit2-1536x1024.jpg 1536w, https:\/\/www.tucomarca.com\/wordpress\/segunda\/wp-content\/uploads\/2025\/10\/DipuFruit2-2048x1365.jpg 2048w\" sizes=\"auto, (max-width: 1024px) 100vw, 1024px\" \/><\/figure>\n\n\n\n<p>La corporaci\u00f3n provincial reafirma su compromiso con este sector con una serie de medidas que van encaminadas a proteger el futuro de la agricultura. As\u00ed, la Diputaci\u00f3 ha articulado una ayuda a la Federaci\u00f3n de Caza para la realizaci\u00f3n de ganchos y batidas con la colaboraci\u00f3n de los cazadores locales de los municipios donde se ha declarado la sobrepoblaci\u00f3n de jabal\u00ed -\u00abhay 245\u00bb, ha informado Momp\u00f3- y se puedan llevar a cabo actuaciones de este tipo.&nbsp;<\/p>\n\n\n\n<p>La presidenta de la Federaci\u00f3n de Caza CV, Lorena Mart\u00ednez, destaca que \u00abla particularidad de esta ayuda de la Diputaci\u00f3 de Val\u00e8ncia es que nuestra entidad va a hacer de elemento transmisor para que los fondos repercutan \u00edntegramente en los clubes y sociedades de cazadores. De este modo, los beneficiarios finales son quienes est\u00e1n en primera l\u00ednea combatiendo la sobrepoblaci\u00f3n de jabal\u00edes, que es lo m\u00e1s justo\u00bb.&nbsp;<\/p>\n\n\n\n<p>En este sentido, Lorena Mart\u00ednez ha querido \u00abagradecer a la Diputaci\u00f3n, no solo la ayuda econ\u00f3mica otorgada, sino la manera de articularla, porque las batidas conllevan unos gastos que de otra manera tendr\u00edan que sufragarse con fondos de los propios cazadores\u00bb.<\/p>\n\n\n\n<p><strong>Tecnolog\u00eda para evitar accidentes<\/strong><\/p>\n\n\n\n<p>Otro de los pilares del plan anunciado por Vicent Momp\u00f3 pasa por el problema de seguridad vial que supone la presencia de jabal\u00edes en el entorno de las carreteras de la red gestionada por la Diputaci\u00f3 de Val\u00e8ncia.<\/p>\n\n\n\n<p>As\u00ed, el presidente provincial ha indicado que \u00abel \u00e1rea que dirige Reme Mazzolari est\u00e1 ultimando un plan de acci\u00f3n para instalar, en los tramos de las carreteras de la red provincial con mayor accidentalidad, dispositivos que alerten a los conductores de la presencia de animales junto a la carretera\u201d y ha anunciado que \u00abantes de final de a\u00f1o se instalar\u00e1 en dos tramos de carretera un sistema experimental de detecci\u00f3n de animales y alerta a los conductores desarrollado conjuntamente por la Diputaci\u00f3n de Valencia y Metalesa, una empresa valenciana especializada en la aplicaci\u00f3n de la tecnolog\u00eda en materia de seguridad vial\u00bb. &nbsp;<\/p>\n\n\n\n<p><strong>Otras acciones de apoyo a la agricultura<\/strong><\/p>\n\n\n\n<p>Durante su intervenci\u00f3n en el certamen Fruit Attraction 2025, el presidente Momp\u00f3 ha recordado que \u00abdesde la Diputaci\u00f3 tenemos una especial sensibilidad hacia la problem\u00e1tica que sufren los agricultores de la provincia\u00bb y ha repasado acciones como \u00abla campa\u00f1a informativa y de concienciaci\u00f3n contra los robos en el campo, animando a los consumidores a comprar productos de origen legal y seguro\u00bb.&nbsp;<\/p>\n\n\n\n<p>Se trata una iniciativa desarrollada a trav\u00e9s del \u00e1rea de Desarrollo Territorial Sostenible, que consta de un conjunto de contenidos gr\u00e1ficos y audiovisuales, adaptados a diferentes formatos y canales, que inciden, adem\u00e1s del hecho ya censurable de consumir productos de origen il\u00edcito, en el riesgo que supone para la salud el consumo de productos sin conocer su origen y sin tener garant\u00eda sanitaria.<\/p>\n\n\n\n<p>Asimismo, ha recordado que \u00abpor primera vez, hemos creado un \u00e1rea espec\u00edfica de agricultura, porque el campo valenciano merece un compromiso real, y avanzamos de manera coordinada con la Generalitat, impulsando medidas concretas para proteger al sector\u00bb.<\/p>\n","protected":false},"excerpt":{"rendered":"<div class=\"mh-excerpt\">La instituci\u00f3n provincial activa una ayuda econ\u00f3mica a la Federaci\u00f3n de Caza de la Comunitat Valenciana, que se encargar\u00e1 de redistribuir a los clubes y sociedades de cazadores de la provincia de Valencia. De manera <a class=\"mh-excerpt-more\" href=\"https:\/\/www.tucomarca.com\/wordpress\/segunda\/mompo-anuncia-en-fruit-attraction-un-plan-provincial-de-la-diputacio-de-valencia-contra-la-sobrepoblacion-de-jabalies\/\" title=\"Momp\u00f3 anuncia en Fruit Attraction un plan provincial de la Diputaci\u00f3 de Val\u00e8ncia contra la sobrepoblaci\u00f3n de jabal\u00edes\">[+] <\/a><\/div>\n","protected":false},"author":12,"featured_media":281261,"comment_status":"open","ping_status":"open","sticky":false,"template":"","format":"standard","meta":{"footnotes":""},"categories":[169,128,8,72,117,142,3,45],"tags":[3677,23129,19438],"class_list":{"0":"post-281252","1":"post","2":"type-post","3":"status-publish","4":"format-standard","5":"has-post-thumbnail","7":"category-agricultura-la-comarca","8":"category-infraestructuras","9":"category-la-comarca","10":"category-sin-categorizar","11":"category-medio-ambiente-la-comarca","12":"category-politica-la-comarca","13":"category-seccion","14":"category-ventana","15":"tag-diputacio-de-valencia","16":"tag-fruit-attraction-25","17":"tag-jabalies"},"_links":{"self":[{"href":"https:\/\/www.tucomarca.com\/wordpress\/segunda\/wp-json\/wp\/v2\/posts\/281252","targetHints":{"allow":["GET"]}}],"collection":[{"href":"https:\/\/www.tucomarca.com\/wordpress\/segunda\/wp-json\/wp\/v2\/posts"}],"about":[{"href":"https:\/\/www.tucomarca.com\/wordpress\/segunda\/wp-json\/wp\/v2\/types\/post"}],"author":[{"embeddable":true,"href":"https:\/\/www.tucomarca.com\/wordpress\/segunda\/wp-json\/wp\/v2\/users\/12"}],"replies":[{"embeddable":true,"href":"https:\/\/www.tucomarca.com\/wordpress\/segunda\/wp-json\/wp\/v2\/comments?post=281252"}],"version-history":[{"count":0,"href":"https:\/\/www.tucomarca.com\/wordpress\/segunda\/wp-json\/wp\/v2\/posts\/281252\/revisions"}],"wp:featuredmedia":[{"embeddable":true,"href":"https:\/\/www.tucomarca.com\/wordpress\/segunda\/wp-json\/wp\/v2\/media\/281261"}],"wp:attachment":[{"href":"https:\/\/www.tucomarca.com\/wordpress\/segunda\/wp-json\/wp\/v2\/media?parent=281252"}],"wp:term":[{"taxonomy":"category","embeddable":true,"href":"https:\/\/www.tucomarca.com\/wordpress\/segunda\/wp-json\/wp\/v2\/categories?post=281252"},{"taxonomy":"post_tag","embeddable":true,"href":"https:\/\/www.tucomarca.com\/wordpress\/segunda\/wp-json\/wp\/v2\/tags?post=281252"}],"curies":[{"name":"wp","href":"https:\/\/api.w.org\/{rel}","templated":true}]}}