{"id":281264,"date":"2025-10-01T12:31:00","date_gmt":"2025-10-01T10:31:00","guid":{"rendered":"https:\/\/www.tucomarca.com\/wordpress\/segunda\/?p=281264"},"modified":"2025-10-01T21:54:19","modified_gmt":"2025-10-01T19:54:19","slug":"el-museu-de-prehistoria-de-la-diputacion-halla-nuevas-piezas-fauna-y-restos-de-construcciones-en-los-yacimientos-de-chiva-bugarra-oliva-y-yatova","status":"publish","type":"post","link":"https:\/\/www.tucomarca.com\/wordpress\/segunda\/el-museu-de-prehistoria-de-la-diputacion-halla-nuevas-piezas-fauna-y-restos-de-construcciones-en-los-yacimientos-de-chiva-bugarra-oliva-y-yatova\/","title":{"rendered":"El Museu de Prehist\u00f2ria de la Diputaci\u00f3n halla nuevas piezas, fauna y restos de construcciones en los yacimientos de Chiva, Bugarra, Oliva y Y\u00e1tova"},"content":{"rendered":"\n<h3 class=\"wp-block-heading\">La campa\u00f1a de excavaciones realizada el \u00faltimo verano por el Servicio de Investigaci\u00f3n Prehist\u00f3rica deja importantes hallazgos en la Cova Foradada, la Cueva Merinel, la Cueva del Sapo y el Pico de los Ajos.<\/h3>\n\n\n\n<h3 class=\"wp-block-heading\">El diputado de Cultura, Paco Teruel, destaca el trabajo de los arque\u00f3logos de la Diputaci\u00f3n y la Universitat que \u201cavanzan en el conocimiento de nuestros antepasados en esta tierra, en zonas como Oliva, Bugarra, Y\u00e1tova y Chiva\u201d.<\/h3>\n\n\n\n<p>El Museu de Prehist\u00f2ria de la Diputaci\u00f3n ha finalizado su campa\u00f1a estival de excavaciones en yacimientos valencianos, con distintos hallazgos entre los que destacan piezas l\u00edticas, fauna y restos constructivos y vegetales. En palabras del diputado de Cultura, Paco Teruel, \u201clos trabajos efectuados por el Servicio de Investigaci\u00f3n Prehist\u00f3rica de la Diputaci\u00f3n siguen marcando un referente en la investigaci\u00f3n y la conservaci\u00f3n del patrimonio valenciano. Estas intervenciones son una de las actividades primordiales del museo y tienen por objeto profundizar en el conocimiento de la prehistoria en nuestras tierras\u201d.<\/p>\n\n\n\n<p>El programa de actuaciones de 2025 incluye excavaciones que abarcan \u201cun amplio per\u00edodo cronol\u00f3gico, desde el Paleol\u00edtico medio hasta la \u00e9poca ib\u00e9rica\u201d, explica la directora del Museu de Prehist\u00f2ria (MUPREVA), M\u00aa Jes\u00fas de Pedro. Durante los meses de verano \u201cse han llevado a cabo significativas campa\u00f1as de excavaci\u00f3n en yacimientos relevantes de la provincia, como la Cova Foradada de Oliva, la Cueva Merinel de Bugarra, el Pico de los Ajos de Y\u00e1tova y la Cueva del Sapo de Chiva, con la colaboraci\u00f3n de diversas instituciones y prestigiosos investigadores\u201d, se\u00f1ala De Pedro, quien incluye entre el personal t\u00e9cnico a \u201cnumerosos grupos de especialistas y estudiantes de arqueolog\u00eda\u201d.<\/p>\n\n\n\n<p>El responsable provincial de Cultura destaca \u201cel apoyo de los ayuntamientos de Oliva, Bugarra, Y\u00e1tova y Chiva, que han facilitado la realizaci\u00f3n de los trabajos de excavaci\u00f3n en los respectivos yacimientos\u201d. En este sentido, Paco Teruel enmarca estos proyectos en el plan anual de intervenciones del Museu de Prehist\u00f2ria, que tiene como objetivo \u201cgarantizar la protecci\u00f3n y la difusi\u00f3n de nuestro rico patrimonio arqueol\u00f3gico, adem\u00e1s de profundizar en el conocimiento de la prehistoria y la historia\u201d.<\/p>\n\n\n\n<p><strong>La Cova Foradada<\/strong><\/p>\n\n\n\n<p>La Cova Foradada de Oliva es \u201cun yacimiento de referencia en el \u00e1mbito peninsular, una ventana al pasado m\u00e1s remoto\u201d, destaca la directora del MUPREVA. M\u00aa Jes\u00fas de Pedro considera el yacimiento \u201cfundamental para comprender el modo de vida de las \u00faltimas poblaciones neandertales en el actual territorio de la Safor, as\u00ed como su sustituci\u00f3n por parte de nuestra especie Homo sapiens o humanos anat\u00f3micamente modernos\u201d.&nbsp;<\/p>\n\n\n\n<p>En julio tuvo lugar la tercera campa\u00f1a de excavaciones en la cueva para seguir explorando los \u00faltimos niveles del Paleol\u00edtico superior inicial, a fin de conocer mejor las primeras ocupaciones de los Homo sapiens en tierras valencianas. La intervenci\u00f3n, dirigida por los arque\u00f3logos Alfred Sanchis, del Museu de Prehist\u00f2ria de Val\u00e8ncia-SIP, y Aleix Eixea, de la Universitat de Val\u00e8ncia, ha permitido descubrir piezas l\u00edticas, fauna y restos vegetales, producto de varias ocupaciones de la cavidad por parte de grupos humanos.&nbsp;<\/p>\n\n\n\n<p>Entre el material l\u00edtico destaca la aparici\u00f3n de hojitas Dufour, elementos t\u00edpicos del Auri\u00f1aciense con la funci\u00f3n de ser enmangadas en un soporte de madera empleado en la caza de animales. Entre la fauna, las especies con m\u00e1s restos representados son el conejo, el ciervo, el caballo, el asno silvestre y el jabal\u00ed, especies que fueron cazadas sobre todo por los grupos de sapiens a comienzos del Paleol\u00edtico superior hace 30.000 a\u00f1os.&nbsp;<\/p>\n\n\n\n<p><strong>La Cueva Merinel y la Cueva del Sapo<\/strong><\/p>\n\n\n\n<p>Las de Bugarra y Chiva son dos cuevas con uso ritual en \u00e9poca ib\u00e9rica. Las intervenciones arqueol\u00f3gicas est\u00e1n dirigidas por Sonia Machause y Agust\u00edn D\u00edez, profesores de la Universitat de Val\u00e8ncia. La segunda campa\u00f1a de excavaci\u00f3n en la Cueva Merinel se efectu\u00f3 durante el mes de junio para avanzar en el estudio de las pr\u00e1cticas rituales ib\u00e9ricas entre los siglos V y III a.C. Los trabajos se centraron en analizar los espacios donde se documentaron ofrendas cer\u00e1micas (vasos y platos) y restos faun\u00edsticos (partes craneales de suidos y ovicaprinos de tan solo unos meses de edad) con el fin de comprender su uso ritual.&nbsp;<\/p>\n\n\n\n<p>En cuanto a la Cueva del Sapo, durante el mes de septiembre se ha llevado a cabo la s\u00e9ptima campa\u00f1a de excavaci\u00f3n. La intervenci\u00f3n ha tenido tres objetivos principales: en primer lugar, las tareas de adecuaci\u00f3n de las instalaciones de acceso afectadas por la Dana. El segundo objetivo ha sido completar la excavaci\u00f3n de un sector situado a la entrada, que confirma su uso en cronolog\u00edas anteriores. Finalmente, el equipo ha trabajado en la protecci\u00f3n de los sectores excavados, con el objetivo de garantizar su conservaci\u00f3n. En las pr\u00f3ximas semanas empezar\u00e1n los trabajos de laboratorio, as\u00ed como el proyecto de puesta en valor y difusi\u00f3n del yacimiento.<\/p>\n\n\n\n<p><strong>El Pico de los Ajos<\/strong><\/p>\n\n\n\n<p>En el mes de agosto concluy\u00f3 la novena campa\u00f1a de excavaci\u00f3n en el Pico de los Ajos, un yacimiento ib\u00e9rico de gran relevancia, conocido por su colecci\u00f3n de plomos escritos en lengua \u00edbera. Ubicado en la cumbre de la Sierra Mart\u00e9s, a m\u00e1s de mil metros de altitud, estuvo ocupado entre el siglo VII y I a.C., durante sucesivas fases, con el fin de controlar una importante v\u00eda de comunicaci\u00f3n entre el litoral y las llanuras interiores.<\/p>\n\n\n\n<p>Los trabajos, dirigidos por los profesores de la Universitat David Quixal y Consuelo Mata, se han centrado este a\u00f1o en la excavaci\u00f3n de dos \u00e1reas diferentes del poblado: una dedicada al h\u00e1bitat y la otra a una estructura defensiva. \u201cEn un agreste espol\u00f3n rocoso, con vistas espectaculares, se est\u00e1 sacando a la luz un edificio ib\u00e9rico, con funci\u00f3n de h\u00e1bitat, una posible casa ib\u00e9rica\u201d, apunta la directora del museo de la Diputaci\u00f3n.&nbsp;<\/p>\n\n\n\n<p>En otro sector ubicado al oeste se ha excavado parte del sistema defensivo del poblado, incluyendo un foso y la planta de una gran torre que protege el acceso principal al lugar. \u201cEn estos momentos estamos trabajando para dar a conocer los hallazgos constructivos documentados en distintos sectores del poblado, a fin de consolidar los restos y ponerlos en valor\u201d, concluye M\u00aa Jes\u00fas de Pedro.<\/p>\n\n\n\n<figure class=\"wp-block-gallery has-nested-images columns-default is-cropped wp-block-gallery-1 is-layout-flex wp-block-gallery-is-layout-flex\">\n<figure class=\"wp-block-image size-large\"><img loading=\"lazy\" decoding=\"async\" width=\"768\" height=\"1024\" data-id=\"281269\" src=\"https:\/\/www.tucomarca.com\/wordpress\/segunda\/wp-content\/uploads\/2025\/10\/Dipu_CuevaMerinel-768x1024.jpeg\" alt=\"\" class=\"wp-image-281269\" srcset=\"https:\/\/www.tucomarca.com\/wordpress\/segunda\/wp-content\/uploads\/2025\/10\/Dipu_CuevaMerinel-768x1024.jpeg 768w, https:\/\/www.tucomarca.com\/wordpress\/segunda\/wp-content\/uploads\/2025\/10\/Dipu_CuevaMerinel-225x300.jpeg 225w, https:\/\/www.tucomarca.com\/wordpress\/segunda\/wp-content\/uploads\/2025\/10\/Dipu_CuevaMerinel-1152x1536.jpeg 1152w, https:\/\/www.tucomarca.com\/wordpress\/segunda\/wp-content\/uploads\/2025\/10\/Dipu_CuevaMerinel.jpeg 1536w\" sizes=\"auto, (max-width: 768px) 100vw, 768px\" \/><\/figure>\n\n\n\n<figure class=\"wp-block-image size-large\"><img loading=\"lazy\" decoding=\"async\" width=\"1024\" height=\"768\" data-id=\"281265\" src=\"https:\/\/www.tucomarca.com\/wordpress\/segunda\/wp-content\/uploads\/2025\/10\/Dipu_CovaForadada-1024x768.jpg\" alt=\"\" class=\"wp-image-281265\" srcset=\"https:\/\/www.tucomarca.com\/wordpress\/segunda\/wp-content\/uploads\/2025\/10\/Dipu_CovaForadada-1024x768.jpg 1024w, https:\/\/www.tucomarca.com\/wordpress\/segunda\/wp-content\/uploads\/2025\/10\/Dipu_CovaForadada-300x225.jpg 300w, https:\/\/www.tucomarca.com\/wordpress\/segunda\/wp-content\/uploads\/2025\/10\/Dipu_CovaForadada-768x576.jpg 768w, https:\/\/www.tucomarca.com\/wordpress\/segunda\/wp-content\/uploads\/2025\/10\/Dipu_CovaForadada-1536x1152.jpg 1536w, https:\/\/www.tucomarca.com\/wordpress\/segunda\/wp-content\/uploads\/2025\/10\/Dipu_CovaForadada-678x509.jpg 678w, https:\/\/www.tucomarca.com\/wordpress\/segunda\/wp-content\/uploads\/2025\/10\/Dipu_CovaForadada-326x245.jpg 326w, https:\/\/www.tucomarca.com\/wordpress\/segunda\/wp-content\/uploads\/2025\/10\/Dipu_CovaForadada-80x60.jpg 80w, https:\/\/www.tucomarca.com\/wordpress\/segunda\/wp-content\/uploads\/2025\/10\/Dipu_CovaForadada.jpg 1600w\" sizes=\"auto, (max-width: 1024px) 100vw, 1024px\" \/><\/figure>\n<\/figure>\n","protected":false},"excerpt":{"rendered":"<div class=\"mh-excerpt\">La campa\u00f1a de excavaciones realizada el \u00faltimo verano por el Servicio de Investigaci\u00f3n Prehist\u00f3rica deja importantes hallazgos en la Cova Foradada, la Cueva Merinel, la Cueva del Sapo y el Pico de los Ajos. El <a class=\"mh-excerpt-more\" href=\"https:\/\/www.tucomarca.com\/wordpress\/segunda\/el-museu-de-prehistoria-de-la-diputacion-halla-nuevas-piezas-fauna-y-restos-de-construcciones-en-los-yacimientos-de-chiva-bugarra-oliva-y-yatova\/\" title=\"El Museu de Prehist\u00f2ria de la Diputaci\u00f3n halla nuevas piezas, fauna y restos de construcciones en los yacimientos de Chiva, Bugarra, Oliva y Y\u00e1tova\">[+] <\/a><\/div>\n","protected":false},"author":13,"featured_media":281267,"comment_status":"open","ping_status":"open","sticky":false,"template":"","format":"gallery","meta":{"footnotes":""},"categories":[185,16,128,8,10,59,7,3,45,11],"tags":[10440,10384,456,20938,5952,10400,10380],"class_list":{"0":"post-281264","1":"post","2":"type-post","3":"status-publish","4":"format-gallery","5":"has-post-thumbnail","7":"category-bugarra","8":"category-chiva","9":"category-infraestructuras","10":"category-la-comarca","11":"category-la-hoya","12":"category-los-serranos","13":"category-ocio-y-cultura","14":"category-seccion","15":"category-ventana","16":"category-yatova","17":"tag-bugarra","18":"tag-chiva","19":"tag-cultura","20":"tag-la-diputacio-de-valencia","21":"tag-la-hoya-de-bunol-chiva","22":"tag-los-serranos","23":"tag-yatova","24":"post_format-post-format-gallery"},"_links":{"self":[{"href":"https:\/\/www.tucomarca.com\/wordpress\/segunda\/wp-json\/wp\/v2\/posts\/281264","targetHints":{"allow":["GET"]}}],"collection":[{"href":"https:\/\/www.tucomarca.com\/wordpress\/segunda\/wp-json\/wp\/v2\/posts"}],"about":[{"href":"https:\/\/www.tucomarca.com\/wordpress\/segunda\/wp-json\/wp\/v2\/types\/post"}],"author":[{"embeddable":true,"href":"https:\/\/www.tucomarca.com\/wordpress\/segunda\/wp-json\/wp\/v2\/users\/13"}],"replies":[{"embeddable":true,"href":"https:\/\/www.tucomarca.com\/wordpress\/segunda\/wp-json\/wp\/v2\/comments?post=281264"}],"version-history":[{"count":0,"href":"https:\/\/www.tucomarca.com\/wordpress\/segunda\/wp-json\/wp\/v2\/posts\/281264\/revisions"}],"wp:featuredmedia":[{"embeddable":true,"href":"https:\/\/www.tucomarca.com\/wordpress\/segunda\/wp-json\/wp\/v2\/media\/281267"}],"wp:attachment":[{"href":"https:\/\/www.tucomarca.com\/wordpress\/segunda\/wp-json\/wp\/v2\/media?parent=281264"}],"wp:term":[{"taxonomy":"category","embeddable":true,"href":"https:\/\/www.tucomarca.com\/wordpress\/segunda\/wp-json\/wp\/v2\/categories?post=281264"},{"taxonomy":"post_tag","embeddable":true,"href":"https:\/\/www.tucomarca.com\/wordpress\/segunda\/wp-json\/wp\/v2\/tags?post=281264"}],"curies":[{"name":"wp","href":"https:\/\/api.w.org\/{rel}","templated":true}]}}