{"id":2813,"date":"2012-06-01T16:48:07","date_gmt":"2012-06-01T14:48:07","guid":{"rendered":"http:\/\/www.tucomarca.com\/wordpress\/segunda\/?p=2813"},"modified":"2012-06-01T16:48:07","modified_gmt":"2012-06-01T14:48:07","slug":"los-populares-de-bunol-tienden-la-mano-al-tripartito-para-elaborar-un-verdadero-plan-de-ajuste-sin-recortes-sociales","status":"publish","type":"post","link":"https:\/\/www.tucomarca.com\/wordpress\/segunda\/los-populares-de-bunol-tienden-la-mano-al-tripartito-para-elaborar-un-verdadero-plan-de-ajuste-sin-recortes-sociales\/","title":{"rendered":"Los Populares de Bu\u00f1ol tienden la mano al tripartito para elaborar un verdadero Plan de Ajuste sin recortes sociales"},"content":{"rendered":"<p>Los Populares de Bu\u00f1ol han decidido tender p\u00fablicamente la mano a IU-PSOE-IAB para elaborar \u00abun verdadero Plan de Ajuste descartando los recortes m\u00e1s antisociales de la historia del Ayuntamiento de Bu\u00f1ol propuestos por el tripartito\u00bb.<\/p>\n<p>El PP ofrece, con esta nueva oferta, una nueva oportunidad, como afirman, \u00abpara evitar despidos y cierre de servicios previstos en el Plan de Ajuste del gobierno municipal. Para ello es necesario que el tripartito haga un alarde de humildad y transparencia, aportando todos los datos econ\u00f3micos solicitados por los populares tanto del Ayuntamiento de Bu\u00f1ol como de Buinsa, para conocer la verdadera realidad de la situaci\u00f3n econ\u00f3mica en la que se encuentra el Ayuntamiento y no la situaci\u00f3n totalmente maquillada que el gobierno local nos quiere hacer ver. En este sentido los Populares de Bu\u00f1ol exigiremos acceso a la informaci\u00f3n que se nos est\u00e1 negando sistem\u00e1ticamente, a trav\u00e9s de una actitud de oscurantismo totalitario para que no llegue la realidad de las cuentas del Ayuntamiento a los ciudadanos de Bu\u00f1ol\u00bb, afirman.<\/p>\n<p>\u00abLa delicada situaci\u00f3n econ\u00f3mica y pol\u00edtica local (con un gobierno municipal en minor\u00eda), hace m\u00e1s necesario que nunca un consenso entre las fuerzas pol\u00edticas locales, cosa que desde el Partido Popular estamos dispuestos a trabajar teniendo siempre como referente la mejora de las condiciones de vida de los ciudadanos de Bu\u00f1ol. Por eso hacemos un llamamiento al consenso y la responsabilidad\u00a0 del resto de fuerzas pol\u00edticas municipales, para negociar un verdadero Plan de Ajuste que prime los intereses de los ciudadanos por encima de los de cualquier partido pol\u00edtico\u00bb, concluyen.<\/p>\n<p>&nbsp;<\/p>\n<p>&nbsp;<\/p>\n<p>&nbsp;<\/p>\n","protected":false},"excerpt":{"rendered":"<div class=\"mh-excerpt\">Los Populares de Bu\u00f1ol han decidido tender p\u00fablicamente la mano a IU-PSOE-IAB para elaborar \u00abun verdadero Plan de Ajuste descartando los recortes m\u00e1s antisociales de la historia del Ayuntamiento de Bu\u00f1ol propuestos por el tripartito\u00bb. <a class=\"mh-excerpt-more\" href=\"https:\/\/www.tucomarca.com\/wordpress\/segunda\/los-populares-de-bunol-tienden-la-mano-al-tripartito-para-elaborar-un-verdadero-plan-de-ajuste-sin-recortes-sociales\/\" title=\"Los Populares de Bu\u00f1ol tienden la mano al tripartito para elaborar un verdadero Plan de Ajuste sin recortes sociales\">[+] <\/a><\/div>\n","protected":false},"author":2,"featured_media":0,"comment_status":"open","ping_status":"open","sticky":false,"template":"","format":"standard","meta":{"footnotes":""},"categories":[18,8,10,142,3],"tags":[268],"class_list":{"0":"post-2813","1":"post","2":"type-post","3":"status-publish","4":"format-standard","6":"category-bunol","7":"category-la-comarca","8":"category-la-hoya","9":"category-politica-la-comarca","10":"category-seccion","11":"tag-pacto"},"_links":{"self":[{"href":"https:\/\/www.tucomarca.com\/wordpress\/segunda\/wp-json\/wp\/v2\/posts\/2813","targetHints":{"allow":["GET"]}}],"collection":[{"href":"https:\/\/www.tucomarca.com\/wordpress\/segunda\/wp-json\/wp\/v2\/posts"}],"about":[{"href":"https:\/\/www.tucomarca.com\/wordpress\/segunda\/wp-json\/wp\/v2\/types\/post"}],"author":[{"embeddable":true,"href":"https:\/\/www.tucomarca.com\/wordpress\/segunda\/wp-json\/wp\/v2\/users\/2"}],"replies":[{"embeddable":true,"href":"https:\/\/www.tucomarca.com\/wordpress\/segunda\/wp-json\/wp\/v2\/comments?post=2813"}],"version-history":[{"count":0,"href":"https:\/\/www.tucomarca.com\/wordpress\/segunda\/wp-json\/wp\/v2\/posts\/2813\/revisions"}],"wp:attachment":[{"href":"https:\/\/www.tucomarca.com\/wordpress\/segunda\/wp-json\/wp\/v2\/media?parent=2813"}],"wp:term":[{"taxonomy":"category","embeddable":true,"href":"https:\/\/www.tucomarca.com\/wordpress\/segunda\/wp-json\/wp\/v2\/categories?post=2813"},{"taxonomy":"post_tag","embeddable":true,"href":"https:\/\/www.tucomarca.com\/wordpress\/segunda\/wp-json\/wp\/v2\/tags?post=2813"}],"curies":[{"name":"wp","href":"https:\/\/api.w.org\/{rel}","templated":true}]}}