{"id":281508,"date":"2025-10-04T12:00:00","date_gmt":"2025-10-04T10:00:00","guid":{"rendered":"https:\/\/www.tucomarca.com\/wordpress\/segunda\/?p=281508"},"modified":"2025-10-06T13:42:19","modified_gmt":"2025-10-06T11:42:19","slug":"martinez-mus-subraya-que-con-la-mostra-marca-parcs-naturals-fortalecemos-nuestra-identidad-y-preservamos-el-patrimonio-natural-y-social","status":"publish","type":"post","link":"https:\/\/www.tucomarca.com\/wordpress\/segunda\/martinez-mus-subraya-que-con-la-mostra-marca-parcs-naturals-fortalecemos-nuestra-identidad-y-preservamos-el-patrimonio-natural-y-social\/","title":{"rendered":"Mart\u00ednez Mus subraya que con la Mostra Marca Parcs Naturals \u201cfortalecemos nuestra identidad y preservamos el patrimonio natural y social\u201d"},"content":{"rendered":"\n<h3 class=\"wp-block-heading\">Se celebra durante este s\u00e1bado en el Mercado de Col\u00f3n de Val\u00e8ncia, desde las 10.00 hasta las 21.00 horas.<\/h3>\n\n\n\n<h3 class=\"wp-block-heading\">Siete nuevas empresas reciben la placa acreditativa que les reconoce como empresa de la Marca.<\/h3>\n\n\n\n<p>La Conselleria de Medio Ambiente, Infraestructuras y Territorio celebra, este s\u00e1bado, la Mostra Marca Parcs Naturals un evento que se recuper\u00f3 en 2024 y que, seg\u00fan ha se\u00f1alado el conseller Vicente Mart\u00ednez Mus, contribuye a \u201cfortalecer nuestra identidad, as\u00ed como a preservar el patrimonio natural y social de la Comunitat Valenciana\u201d.<\/p>\n\n\n\n<p>Esta iniciativa pone en valor a las empresas que trabajan en el entorno de los parques naturales de la Comunitat Valenciana y \u201cevidencia el compromiso de la Generalitat con el territorio, su gente, la sostenibilidad, la innovaci\u00f3n, el respeto por la naturaleza y es un motor para la econom\u00eda local\u201d, ha destacado el conseller.&nbsp;<\/p>\n\n\n\n<p>La muestra re\u00fane en el Mercado de Col\u00f3n de Val\u00e8ncia a 30 empresas certificadas con el sello oficial de calidad y sostenibilidad de la marca Parcs Naturals, que muestran su oferta como reflejo del compromiso con el medio ambiente y la tradici\u00f3n.<\/p>\n\n\n\n<p>Durante su visita a la X Mostra de la Marca Parcs Naturals, Mart\u00ednez Mus ha explicado que \u201cel evento consolida su papel como plataforma de promoci\u00f3n y reconocimiento del desarrollo econ\u00f3mico, rural y sostenible\u201d.<\/p>\n\n\n\n<p>As\u00ed, ser\u00e1 posible descubrir, degustar y adquirir aceites, vinos, quesos, miel, embutidos, mermeladas, o bien explorar en las distintas propuestas de turismo de naturaleza. Una gran variedad de productos y servicios provenientes de 17 parques naturales de toda la Comunitat Valenciana, (5 de la provincia de Valencia, 5 de Castell\u00f3n y 7 de Alicante), est\u00e1n presentes en la Mostra Marca Parcs Naturals.&nbsp;<\/p>\n\n\n\n<figure class=\"wp-block-image size-full\"><img loading=\"lazy\" decoding=\"async\" width=\"1024\" height=\"768\" src=\"https:\/\/www.tucomarca.com\/wordpress\/segunda\/wp-content\/uploads\/2025\/10\/MED_Parcs2.jpg\" alt=\"\" class=\"wp-image-281513\" srcset=\"https:\/\/www.tucomarca.com\/wordpress\/segunda\/wp-content\/uploads\/2025\/10\/MED_Parcs2.jpg 1024w, https:\/\/www.tucomarca.com\/wordpress\/segunda\/wp-content\/uploads\/2025\/10\/MED_Parcs2-300x225.jpg 300w, https:\/\/www.tucomarca.com\/wordpress\/segunda\/wp-content\/uploads\/2025\/10\/MED_Parcs2-768x576.jpg 768w, https:\/\/www.tucomarca.com\/wordpress\/segunda\/wp-content\/uploads\/2025\/10\/MED_Parcs2-678x509.jpg 678w, https:\/\/www.tucomarca.com\/wordpress\/segunda\/wp-content\/uploads\/2025\/10\/MED_Parcs2-326x245.jpg 326w, https:\/\/www.tucomarca.com\/wordpress\/segunda\/wp-content\/uploads\/2025\/10\/MED_Parcs2-80x60.jpg 80w\" sizes=\"auto, (max-width: 1024px) 100vw, 1024px\" \/><\/figure>\n\n\n\n<p><br><strong>Siete nuevas empresas<\/strong><\/p>\n\n\n\n<p>Al finalizar el recorrido por la Mostra, el conseller de Medio Ambiente ha participado en el acto de entrega de placas a las nuevas empresas de la Marca Parcs Naturals. Este a\u00f1o se incorporan a este proyecto 7 nuevas empresas que reciben la placa acreditativa que les reconoce como empresa Marca Parcs Naturals. Se refuerza as\u00ed una red de proyectos de sostenibilidad, arraigo territorial y revitalizaci\u00f3n del medio rural.&nbsp;<\/p>\n\n\n\n<p>La distinci\u00f3n otorgada a estas empresas no solo certifica la calidad del cuidado por el entorno, sino que tambi\u00e9n refleja la responsabilidad social y el compromiso con el desarrollo sostenible. Este esfuerzo, ha se\u00f1alado Mart\u00ednez Mus, \u201ccontribuye a la generaci\u00f3n de empleo, la fijaci\u00f3n de la poblaci\u00f3n y la revitalizaci\u00f3n de \u00e1reas rurales, combatiendo la despoblaci\u00f3n que afecta a algunas zonas de la Comunitat\u201d.<\/p>\n\n\n\n<p>Se trata de un s\u00edmbolo exclusivo de la Generalitat que \u201ctrasciende el mero sello de calidad\u201d, ya que, al elegir productos y servicios de esta marca, \u201cse apoya a una econom\u00eda local sostenible y se promueve la conservaci\u00f3n de los parques naturales\u201d ha incidido el conseller.<\/p>\n\n\n\n<p>La Marca, creada en 2011, reconoce a aquellas empresas que desarrollan su actividad en el \u00e1rea de influencia de los parques naturales, utilizando materias primas locales y fomentando una econom\u00eda circular respetuosa con el medio ambiente. Actualmente, 137 empresas en toda la Comunitat Valenciana cuentan con este distintivo: 47 en Castell\u00f3n, 57 en Valencia y 33 en Alicante.<\/p>\n","protected":false},"excerpt":{"rendered":"<div class=\"mh-excerpt\">Se celebra durante este s\u00e1bado en el Mercado de Col\u00f3n de Val\u00e8ncia, desde las 10.00 hasta las 21.00 horas. Siete nuevas empresas reciben la placa acreditativa que les reconoce como empresa de la Marca. La <a class=\"mh-excerpt-more\" href=\"https:\/\/www.tucomarca.com\/wordpress\/segunda\/martinez-mus-subraya-que-con-la-mostra-marca-parcs-naturals-fortalecemos-nuestra-identidad-y-preservamos-el-patrimonio-natural-y-social\/\" title=\"Mart\u00ednez Mus subraya que con la Mostra Marca Parcs Naturals \u201cfortalecemos nuestra identidad y preservamos el patrimonio natural y social\u201d\">[+] <\/a><\/div>\n","protected":false},"author":12,"featured_media":281511,"comment_status":"open","ping_status":"open","sticky":false,"template":"","format":"standard","meta":{"footnotes":""},"categories":[128,8,72,117,7,142,3,45],"tags":[23141,6180,21857],"class_list":{"0":"post-281508","1":"post","2":"type-post","3":"status-publish","4":"format-standard","5":"has-post-thumbnail","7":"category-infraestructuras","8":"category-la-comarca","9":"category-sin-categorizar","10":"category-medio-ambiente-la-comarca","11":"category-ocio-y-cultura","12":"category-politica-la-comarca","13":"category-seccion","14":"category-ventana","15":"tag-mostra-parcs-naturals","16":"tag-parcs-naturals","17":"tag-vicente-martinez-mus-2"},"_links":{"self":[{"href":"https:\/\/www.tucomarca.com\/wordpress\/segunda\/wp-json\/wp\/v2\/posts\/281508","targetHints":{"allow":["GET"]}}],"collection":[{"href":"https:\/\/www.tucomarca.com\/wordpress\/segunda\/wp-json\/wp\/v2\/posts"}],"about":[{"href":"https:\/\/www.tucomarca.com\/wordpress\/segunda\/wp-json\/wp\/v2\/types\/post"}],"author":[{"embeddable":true,"href":"https:\/\/www.tucomarca.com\/wordpress\/segunda\/wp-json\/wp\/v2\/users\/12"}],"replies":[{"embeddable":true,"href":"https:\/\/www.tucomarca.com\/wordpress\/segunda\/wp-json\/wp\/v2\/comments?post=281508"}],"version-history":[{"count":0,"href":"https:\/\/www.tucomarca.com\/wordpress\/segunda\/wp-json\/wp\/v2\/posts\/281508\/revisions"}],"wp:featuredmedia":[{"embeddable":true,"href":"https:\/\/www.tucomarca.com\/wordpress\/segunda\/wp-json\/wp\/v2\/media\/281511"}],"wp:attachment":[{"href":"https:\/\/www.tucomarca.com\/wordpress\/segunda\/wp-json\/wp\/v2\/media?parent=281508"}],"wp:term":[{"taxonomy":"category","embeddable":true,"href":"https:\/\/www.tucomarca.com\/wordpress\/segunda\/wp-json\/wp\/v2\/categories?post=281508"},{"taxonomy":"post_tag","embeddable":true,"href":"https:\/\/www.tucomarca.com\/wordpress\/segunda\/wp-json\/wp\/v2\/tags?post=281508"}],"curies":[{"name":"wp","href":"https:\/\/api.w.org\/{rel}","templated":true}]}}