{"id":281520,"date":"2025-10-06T10:50:00","date_gmt":"2025-10-06T08:50:00","guid":{"rendered":"https:\/\/www.tucomarca.com\/wordpress\/segunda\/?p=281520"},"modified":"2025-10-06T21:04:33","modified_gmt":"2025-10-06T19:04:33","slug":"medio-ambiente-controla-la-sobreabundancia-de-jabalies-en-el-paraje-natural-de-la-murta-tras-reducir-un-68-su-poblacion","status":"publish","type":"post","link":"https:\/\/www.tucomarca.com\/wordpress\/segunda\/medio-ambiente-controla-la-sobreabundancia-de-jabalies-en-el-paraje-natural-de-la-murta-tras-reducir-un-68-su-poblacion\/","title":{"rendered":"Medio Ambiente controla la sobreabundancia de jabal\u00edes en el paraje natural de la Murta tras reducir un 68 % su poblaci\u00f3n"},"content":{"rendered":"\n<h3 class=\"wp-block-heading\">El secretario auton\u00f3mico de Medio Ambiente y Territorio asegura que \u201ctras el diagn\u00f3stico\u00a0se pusieron en marcha medidas de control de la poblaci\u00f3n mediante m\u00e9todos de trampeo homologados\u201d.<\/h3>\n\n\n\n<h3 class=\"wp-block-heading\">La Generalitat mantiene su compromiso con la gesti\u00f3n equilibrada de la fauna silvestre y con la preservaci\u00f3n de la biodiversidad en los espacios naturales.<\/h3>\n\n\n\n<p>La Generalitat, a trav\u00e9s del Servicio de Caza y Pesca de la Direcci\u00f3n General de Medio Natural y Animal, ha llevado a cabo durante los dos \u00faltimos a\u00f1os un amplio programa de monitorizaci\u00f3n y control de la poblaci\u00f3n de jabal\u00ed en el Paraje Natural Municipal de la Murta, donde se ha logrado reducir su poblaci\u00f3n un 68 %.<\/p>\n\n\n\n<p>Como ha destacado el secretario auton\u00f3mico de Medio Ambiente y Territorio, Ra\u00fal M\u00e9rida, \u201cera necesario controlar la sobreabundancia de jabal\u00ed tanto en espacios de Alzira tan importantes como la Murta y la Casella, porque afecta no solo a la agricultura, tambi\u00e9n a otras especies y, en definitiva, a la conservaci\u00f3n de la biodiversidad\u201d.<\/p>\n\n\n\n<p>Entre enero y marzo de 2024 se realiz\u00f3 el primer muestreo de poblaci\u00f3n mediante t\u00e9cnicas de fototrampeo siguiendo est\u00e1ndares europeos. Los resultados confirmaron un exceso de densidad en la zona, con especial incidencia en el \u00e1rea de la Murta, donde se detectaron hasta 57,6 jabal\u00eds\/km\u00b2, frente a los 20,5 jabal\u00eds\/km\u00b2 de la Casella. Este desequilibrio supon\u00eda un riesgo para la seguridad vial y los cultivos, adem\u00e1s de un impacto negativo en el ecosistema.<\/p>\n\n\n\n<p>\u201cTras el diagn\u00f3stico, se pusieron en marcha medidas de control directo de la poblaci\u00f3n mediante m\u00e9todos de trampeo homologados\u201d ha explicado M\u00e9rida. As\u00ed, las actuaciones se desarrollaron desde junio de en un total de 25 ubicaciones, con 194 jabal\u00eds capturados (94 en el Refugio de la Murta y 100 en su zona de influencia).<\/p>\n\n\n\n<p>Estas medidas han confirmado una reducci\u00f3n de densidad de hasta el 68 % en la Murta y del 35 % en la Casella. Actualmente est\u00e1 en curso un tercer muestreo (oto\u00f1o de 2025), que permitir\u00e1 evaluar el impacto global.<\/p>\n\n\n\n<p>De este modo, \u201clos trabajos de monitorizaci\u00f3n constatan la eficacia de las medidas puestas en marcha por la Conselleria y se evidencia que se ha podido alcanzar un cierto equilibrio\u201d, ha concluido el secretario auton\u00f3mico de Medio Ambiente.<\/p>\n\n\n\n<p>La Generalitat mantiene su compromiso con la gesti\u00f3n equilibrada de la fauna silvestre y con la preservaci\u00f3n de la biodiversidad en los espacios naturales valencianos, garantizando la seguridad ciudadana y la convivencia sostenible entre la fauna y las actividades humanas.<\/p>\n","protected":false},"excerpt":{"rendered":"<div class=\"mh-excerpt\">El secretario auton\u00f3mico de Medio Ambiente y Territorio asegura que \u201ctras el diagn\u00f3stico\u00a0se pusieron en marcha medidas de control de la poblaci\u00f3n mediante m\u00e9todos de trampeo homologados\u201d. La Generalitat mantiene su compromiso con la gesti\u00f3n <a class=\"mh-excerpt-more\" href=\"https:\/\/www.tucomarca.com\/wordpress\/segunda\/medio-ambiente-controla-la-sobreabundancia-de-jabalies-en-el-paraje-natural-de-la-murta-tras-reducir-un-68-su-poblacion\/\" title=\"Medio Ambiente controla la sobreabundancia de jabal\u00edes en el paraje natural de la Murta tras reducir un 68 % su poblaci\u00f3n\">[+] <\/a><\/div>\n","protected":false},"author":12,"featured_media":281524,"comment_status":"open","ping_status":"open","sticky":false,"template":"","format":"standard","meta":{"footnotes":""},"categories":[69,128,8,42,117,142,3,116,45],"tags":[10402,19438,23144,1407],"class_list":{"0":"post-281520","1":"post","2":"type-post","3":"status-publish","4":"format-standard","5":"has-post-thumbnail","7":"category-alzira","8":"category-infraestructuras","9":"category-la-comarca","10":"category-la-ribera","11":"category-medio-ambiente-la-comarca","12":"category-politica-la-comarca","13":"category-seccion","14":"category-sucesos-la-comarca","15":"category-ventana","16":"tag-alzira","17":"tag-jabalies","18":"tag-parc-natural-de-la-murta","19":"tag-ribera-alta"},"_links":{"self":[{"href":"https:\/\/www.tucomarca.com\/wordpress\/segunda\/wp-json\/wp\/v2\/posts\/281520","targetHints":{"allow":["GET"]}}],"collection":[{"href":"https:\/\/www.tucomarca.com\/wordpress\/segunda\/wp-json\/wp\/v2\/posts"}],"about":[{"href":"https:\/\/www.tucomarca.com\/wordpress\/segunda\/wp-json\/wp\/v2\/types\/post"}],"author":[{"embeddable":true,"href":"https:\/\/www.tucomarca.com\/wordpress\/segunda\/wp-json\/wp\/v2\/users\/12"}],"replies":[{"embeddable":true,"href":"https:\/\/www.tucomarca.com\/wordpress\/segunda\/wp-json\/wp\/v2\/comments?post=281520"}],"version-history":[{"count":0,"href":"https:\/\/www.tucomarca.com\/wordpress\/segunda\/wp-json\/wp\/v2\/posts\/281520\/revisions"}],"wp:featuredmedia":[{"embeddable":true,"href":"https:\/\/www.tucomarca.com\/wordpress\/segunda\/wp-json\/wp\/v2\/media\/281524"}],"wp:attachment":[{"href":"https:\/\/www.tucomarca.com\/wordpress\/segunda\/wp-json\/wp\/v2\/media?parent=281520"}],"wp:term":[{"taxonomy":"category","embeddable":true,"href":"https:\/\/www.tucomarca.com\/wordpress\/segunda\/wp-json\/wp\/v2\/categories?post=281520"},{"taxonomy":"post_tag","embeddable":true,"href":"https:\/\/www.tucomarca.com\/wordpress\/segunda\/wp-json\/wp\/v2\/tags?post=281520"}],"curies":[{"name":"wp","href":"https:\/\/api.w.org\/{rel}","templated":true}]}}