{"id":281764,"date":"2025-10-08T11:00:00","date_gmt":"2025-10-08T09:00:00","guid":{"rendered":"https:\/\/www.tucomarca.com\/wordpress\/segunda\/?p=281764"},"modified":"2025-10-08T11:28:50","modified_gmt":"2025-10-08T09:28:50","slug":"aemet-activa-el-aviso-naranja-en-valencia-por-lluvias-intensas-este-9-de-octubre-a-causa-de-la-llegada-de-la-dana-alice","status":"publish","type":"post","link":"https:\/\/www.tucomarca.com\/wordpress\/segunda\/aemet-activa-el-aviso-naranja-en-valencia-por-lluvias-intensas-este-9-de-octubre-a-causa-de-la-llegada-de-la-dana-alice\/","title":{"rendered":"Aemet activa el aviso naranja en Valencia por lluvias intensas este 9 de octubre a causa de la llegada de la DANA Alice"},"content":{"rendered":"\n<p>El <strong>puente del 9 d\u2019Octubre<\/strong> estar\u00e1 pasado por agua. Y no por poca: la <strong>DANA Alice<\/strong> llega a la Comunitat Valenciana dejando un episodio de lluvias intensas que, seg\u00fan la <strong>Agencia Estatal de Meteorolog\u00eda (Aemet)<\/strong>, podr\u00e1 acumular <strong>hasta 100 litros por metro cuadrado en 12 horas<\/strong> en el litoral sur de Valencia.<\/p>\n\n\n\n<p>Ante esta situaci\u00f3n, Aemet ha activado el <strong>aviso naranja<\/strong> desde la <strong>medianoche hasta las 17,00 horas del mi\u00e9rcoles 9 de octubre<\/strong> en el litoral sur de Valencia y el litoral norte de Alicante. Adem\u00e1s, la alerta comenzar\u00e1 ya el <strong>mi\u00e9rcoles 8<\/strong> con un <strong>aviso amarillo<\/strong> por lluvias intensas que podr\u00edan alcanzar <strong>30 mm\/hora<\/strong> en buena parte de la Comunitat.<\/p>\n\n\n\n<p>Aunque el temporal durar\u00e1 varios d\u00edas, los meteor\u00f3logos no prev\u00e9n que los acumulados sean comparables a los del <strong>29 de octubre del pasado a\u00f1o<\/strong>, cuando la DANA provoc\u00f3 graves da\u00f1os en numerosas localidades valencianas.<\/p>\n\n\n\n<p>Seg\u00fan ha explicado Aemet en un <strong>aviso extraordinario<\/strong>, la situaci\u00f3n se debe a la presencia de una <strong>vaguada<\/strong>, una \u201clengua de aire fr\u00edo en las capas altas de la troposfera\u201d que, al combinarse con <strong>vientos h\u00famedos en superficie<\/strong>, incrementa notablemente la inestabilidad atmosf\u00e9rica.<\/p>\n\n\n\n<p><strong>Lluvias intensas hasta el fin de semana<\/strong><\/p>\n\n\n\n<p>La inestabilidad no se detendr\u00e1 el jueves. Para el <strong>viernes 10<\/strong>, la previsi\u00f3n apunta a <strong>chubascos localmente fuertes y persistentes<\/strong>, acompa\u00f1ados de <strong>tormentas<\/strong> especialmente en el litoral central y norte de Alicante.<\/p>\n\n\n\n<p>El <strong>s\u00e1bado 11 y el domingo 12<\/strong> el tiempo seguir\u00e1 siendo lluvioso, aunque las precipitaciones se espera que sean <strong>menos intensas y m\u00e1s irregulares<\/strong>, con tendencia a remitir progresivamente durante el fin de semana.<\/p>\n\n\n\n<p>Aemet recomienda <strong>extremar la precauci\u00f3n<\/strong>, especialmente en desplazamientos por carretera y en zonas propensas a inundaciones, ante la posibilidad de tormentas y acumulaciones significativas de agua en pocas horas.<\/p>\n\n\n\n<p>La <strong>DANA Alice<\/strong> marca as\u00ed un inicio de puente marcado por el mal tiempo, en un mes de octubre que, una vez m\u00e1s, vuelve a poner a prueba la capacidad de la Comunitat Valenciana para afrontar fuertes episodios de lluvia.<\/p>\n","protected":false},"excerpt":{"rendered":"<div class=\"mh-excerpt\">El puente del 9 d\u2019Octubre estar\u00e1 pasado por agua. Y no por poca: la DANA Alice llega a la Comunitat Valenciana dejando un episodio de lluvias intensas que, seg\u00fan la Agencia Estatal de Meteorolog\u00eda (Aemet), <a class=\"mh-excerpt-more\" href=\"https:\/\/www.tucomarca.com\/wordpress\/segunda\/aemet-activa-el-aviso-naranja-en-valencia-por-lluvias-intensas-este-9-de-octubre-a-causa-de-la-llegada-de-la-dana-alice\/\" title=\"Aemet activa el aviso naranja en Valencia por lluvias intensas este 9 de octubre a causa de la llegada de la DANA Alice\">[+] <\/a><\/div>\n","protected":false},"author":12,"featured_media":94325,"comment_status":"open","ping_status":"open","sticky":false,"template":"","format":"standard","meta":{"footnotes":""},"categories":[21465,128,8,72,117,142,3,116,45],"tags":[4453,11450,12831,23158],"class_list":{"0":"post-281764","1":"post","2":"type-post","3":"status-publish","4":"format-standard","5":"has-post-thumbnail","7":"category-dana","8":"category-infraestructuras","9":"category-la-comarca","10":"category-sin-categorizar","11":"category-medio-ambiente-la-comarca","12":"category-politica-la-comarca","13":"category-seccion","14":"category-sucesos-la-comarca","15":"category-ventana","16":"tag-aemet","17":"tag-agencia-estatal-de-meteorologia-aemet-2","18":"tag-dana-2","19":"tag-dana-alice"},"_links":{"self":[{"href":"https:\/\/www.tucomarca.com\/wordpress\/segunda\/wp-json\/wp\/v2\/posts\/281764","targetHints":{"allow":["GET"]}}],"collection":[{"href":"https:\/\/www.tucomarca.com\/wordpress\/segunda\/wp-json\/wp\/v2\/posts"}],"about":[{"href":"https:\/\/www.tucomarca.com\/wordpress\/segunda\/wp-json\/wp\/v2\/types\/post"}],"author":[{"embeddable":true,"href":"https:\/\/www.tucomarca.com\/wordpress\/segunda\/wp-json\/wp\/v2\/users\/12"}],"replies":[{"embeddable":true,"href":"https:\/\/www.tucomarca.com\/wordpress\/segunda\/wp-json\/wp\/v2\/comments?post=281764"}],"version-history":[{"count":0,"href":"https:\/\/www.tucomarca.com\/wordpress\/segunda\/wp-json\/wp\/v2\/posts\/281764\/revisions"}],"wp:featuredmedia":[{"embeddable":true,"href":"https:\/\/www.tucomarca.com\/wordpress\/segunda\/wp-json\/wp\/v2\/media\/94325"}],"wp:attachment":[{"href":"https:\/\/www.tucomarca.com\/wordpress\/segunda\/wp-json\/wp\/v2\/media?parent=281764"}],"wp:term":[{"taxonomy":"category","embeddable":true,"href":"https:\/\/www.tucomarca.com\/wordpress\/segunda\/wp-json\/wp\/v2\/categories?post=281764"},{"taxonomy":"post_tag","embeddable":true,"href":"https:\/\/www.tucomarca.com\/wordpress\/segunda\/wp-json\/wp\/v2\/tags?post=281764"}],"curies":[{"name":"wp","href":"https:\/\/api.w.org\/{rel}","templated":true}]}}