{"id":281838,"date":"2025-10-08T11:15:00","date_gmt":"2025-10-08T09:15:00","guid":{"rendered":"https:\/\/www.tucomarca.com\/wordpress\/segunda\/?p=281838"},"modified":"2025-10-08T22:03:52","modified_gmt":"2025-10-08T20:03:52","slug":"el-ayuntamiento-de-bunol-acondiciona-el-camino-del-planell-para-mejorar-la-seguridad-y-el-transito-vecinal","status":"publish","type":"post","link":"https:\/\/www.tucomarca.com\/wordpress\/segunda\/el-ayuntamiento-de-bunol-acondiciona-el-camino-del-planell-para-mejorar-la-seguridad-y-el-transito-vecinal\/","title":{"rendered":"El Ayuntamiento de Bu\u00f1ol acondiciona el camino del Planell para mejorar la seguridad y el tr\u00e1nsito vecinal"},"content":{"rendered":"\n<p>El Ayuntamiento de Bu\u00f1ol ha iniciado esta semana los trabajos de acondicionamiento y reparaci\u00f3n del camino del Planell, una actuaci\u00f3n incluida dentro del plan municipal de mejora de infraestructuras rurales y de acceso a las zonas agr\u00edcolas y residenciales del t\u00e9rmino.<\/p>\n\n\n\n<p>Los trabajos consisten en la nivelaci\u00f3n del firme y reparaci\u00f3n de desprendimientos, con el objetivo de mejorar la seguridad vial y facilitar el tr\u00e1nsito de veh\u00edculos y peatones que utilizan habitualmente esta v\u00eda.<\/p>\n\n\n\n<p>Desde el consistorio se informa que durante los pr\u00f3ximos d\u00edas se recomienda evitar el paso por la zona, salvo que sea estrictamente necesario, con el fin de garantizar la seguridad de los usuarios y el correcto desarrollo de las obras.<\/p>\n\n\n\n<p>El Ayuntamiento ha agradecido la comprensi\u00f3n y colaboraci\u00f3n de los vecinos y vecinas de Bu\u00f1ol durante la ejecuci\u00f3n de estos trabajos, que suponen una mejora sustancial en la red de caminos del municipio y contribuyen al mantenimiento y desarrollo de las infraestructuras locales.<\/p>\n","protected":false},"excerpt":{"rendered":"<div class=\"mh-excerpt\">El Ayuntamiento de Bu\u00f1ol ha iniciado esta semana los trabajos de acondicionamiento y reparaci\u00f3n del camino del Planell, una actuaci\u00f3n incluida dentro del plan municipal de mejora de infraestructuras rurales y de acceso a las <a class=\"mh-excerpt-more\" href=\"https:\/\/www.tucomarca.com\/wordpress\/segunda\/el-ayuntamiento-de-bunol-acondiciona-el-camino-del-planell-para-mejorar-la-seguridad-y-el-transito-vecinal\/\" title=\"El Ayuntamiento de Bu\u00f1ol acondiciona el camino del Planell para mejorar la seguridad y el tr\u00e1nsito vecinal\">[+] <\/a><\/div>\n","protected":false},"author":12,"featured_media":281840,"comment_status":"open","ping_status":"open","sticky":false,"template":"","format":"standard","meta":{"footnotes":""},"categories":[18,128,8,10,117,142,3,116],"tags":[10385,9633,5952,765],"class_list":{"0":"post-281838","1":"post","2":"type-post","3":"status-publish","4":"format-standard","5":"has-post-thumbnail","7":"category-bunol","8":"category-infraestructuras","9":"category-la-comarca","10":"category-la-hoya","11":"category-medio-ambiente-la-comarca","12":"category-politica-la-comarca","13":"category-seccion","14":"category-sucesos-la-comarca","15":"tag-bunol","16":"tag-el-planell","17":"tag-la-hoya-de-bunol-chiva","18":"tag-obras"},"_links":{"self":[{"href":"https:\/\/www.tucomarca.com\/wordpress\/segunda\/wp-json\/wp\/v2\/posts\/281838","targetHints":{"allow":["GET"]}}],"collection":[{"href":"https:\/\/www.tucomarca.com\/wordpress\/segunda\/wp-json\/wp\/v2\/posts"}],"about":[{"href":"https:\/\/www.tucomarca.com\/wordpress\/segunda\/wp-json\/wp\/v2\/types\/post"}],"author":[{"embeddable":true,"href":"https:\/\/www.tucomarca.com\/wordpress\/segunda\/wp-json\/wp\/v2\/users\/12"}],"replies":[{"embeddable":true,"href":"https:\/\/www.tucomarca.com\/wordpress\/segunda\/wp-json\/wp\/v2\/comments?post=281838"}],"version-history":[{"count":0,"href":"https:\/\/www.tucomarca.com\/wordpress\/segunda\/wp-json\/wp\/v2\/posts\/281838\/revisions"}],"wp:featuredmedia":[{"embeddable":true,"href":"https:\/\/www.tucomarca.com\/wordpress\/segunda\/wp-json\/wp\/v2\/media\/281840"}],"wp:attachment":[{"href":"https:\/\/www.tucomarca.com\/wordpress\/segunda\/wp-json\/wp\/v2\/media?parent=281838"}],"wp:term":[{"taxonomy":"category","embeddable":true,"href":"https:\/\/www.tucomarca.com\/wordpress\/segunda\/wp-json\/wp\/v2\/categories?post=281838"},{"taxonomy":"post_tag","embeddable":true,"href":"https:\/\/www.tucomarca.com\/wordpress\/segunda\/wp-json\/wp\/v2\/tags?post=281838"}],"curies":[{"name":"wp","href":"https:\/\/api.w.org\/{rel}","templated":true}]}}