{"id":281864,"date":"2025-10-08T14:00:00","date_gmt":"2025-10-08T12:00:00","guid":{"rendered":"https:\/\/www.tucomarca.com\/wordpress\/segunda\/?p=281864"},"modified":"2025-10-08T20:48:57","modified_gmt":"2025-10-08T18:48:57","slug":"la-generalitat-aplaza-el-acto-institucional-del-9-doctubre-dia-de-la-comunitat-valenciana-ante-la-declaracion-de-alerta-naranja-por-lluvias","status":"publish","type":"post","link":"https:\/\/www.tucomarca.com\/wordpress\/segunda\/la-generalitat-aplaza-el-acto-institucional-del-9-doctubre-dia-de-la-comunitat-valenciana-ante-la-declaracion-de-alerta-naranja-por-lluvias\/","title":{"rendered":"La Generalitat aplaza el acto institucional del 9 d&#8217;Octubre, D\u00eda de la Comunitat Valenciana, ante la declaraci\u00f3n de alerta naranja por lluvias"},"content":{"rendered":"\n<h3 class=\"wp-block-heading\">\u00a0La decisi\u00f3n se adopta para evitar los desplazamientos de m\u00e1s de 400 personas invitadas al acto institucional de la Generalitat.<\/h3>\n\n\n\n<h3 class=\"wp-block-heading\">El president de la Generalitat emitir\u00e1 este jueves una declaraci\u00f3n institucional con motivo del D\u00eda de la Comunitat Valenciana.<\/h3>\n\n\n\n<p>La Generalitat ha aplazado el acto institucional con motivo de la celebraci\u00f3n del D\u00eda de la Comunitat Valenciana por recomendaci\u00f3n de la Conselleria de Emergencias e Interior tras activarse el aviso de nivel naranja para el litoral de Valencia y el litoral de Alicante por previsi\u00f3n de fuertes lluvias, seg\u00fan la Agencia Estatal de Meteorolog\u00eda (AEMET).<\/p>\n\n\n\n<p>La Generalitat ha adoptado aplazar la entrega de los galardones del 9 d\u2019Octubre, acto institucional al que estaban invitadas m\u00e1s de 400 personas, para evitar desplazamientos, tal y como se recomienda ante una alerta naranja meteorol\u00f3gica.&nbsp;<\/p>\n\n\n\n<p>Adem\u00e1s, entre los galardonados con las distinciones de la Generalitat se encuentran servicios de emergencias, entidades y organismos que deben permanecer en alerta por el episodio de lluvias. Tambi\u00e9n estaban invitados a la celebraci\u00f3n alcaldes de ayuntamientos de la Comunitat Valenciana que deben permanecer en sus municipios realizando el seguimiento de los avisos que emita el Centro de Coordinaci\u00f3n de Emergencias de la Generalitat.<\/p>\n\n\n\n<p>Del mismo modo, estaba previsto que acudiesen al acto galardonados e invitados de diferentes \u00e1mbitos empresariales, sociales y culturales, y representantes institucionales de otras comunidades aut\u00f3nomas.<\/p>\n\n\n\n<p>El president de la Generalitat, Carlos Maz\u00f3n, emitir\u00e1 este jueves una declaraci\u00f3n institucional con motivo del D\u00eda de la Comunitat Valenciana. En cuanto al acto de entrega de las distinciones de 2025, se determinar\u00e1 pr\u00f3ximamente una nueva fecha.<\/p>\n\n\n\n<p>Seg\u00fan la predicci\u00f3n de Aemet para el jueves 9 de octubre se prev\u00e9 acumulados de 100 mil\u00edmetros en 12 horas en el litoral norte de Alicante y el litoral sur de Valencia para la franja comprendida entre las 00.00 y las 24.00 horas, intensidad que tambi\u00e9n mantiene para el litoral norte de Valencia de 00.00 a 15.00 horas y para el litoral sur de Alicante de 6.00 a 24.00 horas. &nbsp;<\/p>\n\n\n\n<p>Ante esta situaci\u00f3n, el Centro de Coordinaci\u00f3n de Emergencias ha decretado la alerta naranja para el litoral de las provincias de Valencia y Alicante y amarilla para el interior de Valencia y Alicante, as\u00ed como para el interior sur de Castell\u00f3n y todo el litoral de la provincia de Castell\u00f3n, y la ha remitido a ayuntamientos y organismos que intervienen en las emergencias, recomendando adem\u00e1s a la ciudadan\u00eda extremar las precauciones y seguir los consejos de autoprotecci\u00f3n.&nbsp;<\/p>\n","protected":false},"excerpt":{"rendered":"<div class=\"mh-excerpt\">\u00a0La decisi\u00f3n se adopta para evitar los desplazamientos de m\u00e1s de 400 personas invitadas al acto institucional de la Generalitat. El president de la Generalitat emitir\u00e1 este jueves una declaraci\u00f3n institucional con motivo del D\u00eda <a class=\"mh-excerpt-more\" href=\"https:\/\/www.tucomarca.com\/wordpress\/segunda\/la-generalitat-aplaza-el-acto-institucional-del-9-doctubre-dia-de-la-comunitat-valenciana-ante-la-declaracion-de-alerta-naranja-por-lluvias\/\" title=\"La Generalitat aplaza el acto institucional del 9 d&#8217;Octubre, D\u00eda de la Comunitat Valenciana, ante la declaraci\u00f3n de alerta naranja por lluvias\">[+] <\/a><\/div>\n","protected":false},"author":12,"featured_media":267145,"comment_status":"open","ping_status":"open","sticky":false,"template":"","format":"standard","meta":{"footnotes":""},"categories":[21465,128,8,72,117,142,3,116,45],"tags":[5944,17987,10716],"class_list":{"0":"post-281864","1":"post","2":"type-post","3":"status-publish","4":"format-standard","5":"has-post-thumbnail","7":"category-dana","8":"category-infraestructuras","9":"category-la-comarca","10":"category-sin-categorizar","11":"category-medio-ambiente-la-comarca","12":"category-politica-la-comarca","13":"category-seccion","14":"category-sucesos-la-comarca","15":"category-ventana","16":"tag-9-doctubre","17":"tag-dia-de-la-comunitat-valenciana","18":"tag-generalitat-valenciana"},"_links":{"self":[{"href":"https:\/\/www.tucomarca.com\/wordpress\/segunda\/wp-json\/wp\/v2\/posts\/281864","targetHints":{"allow":["GET"]}}],"collection":[{"href":"https:\/\/www.tucomarca.com\/wordpress\/segunda\/wp-json\/wp\/v2\/posts"}],"about":[{"href":"https:\/\/www.tucomarca.com\/wordpress\/segunda\/wp-json\/wp\/v2\/types\/post"}],"author":[{"embeddable":true,"href":"https:\/\/www.tucomarca.com\/wordpress\/segunda\/wp-json\/wp\/v2\/users\/12"}],"replies":[{"embeddable":true,"href":"https:\/\/www.tucomarca.com\/wordpress\/segunda\/wp-json\/wp\/v2\/comments?post=281864"}],"version-history":[{"count":0,"href":"https:\/\/www.tucomarca.com\/wordpress\/segunda\/wp-json\/wp\/v2\/posts\/281864\/revisions"}],"wp:featuredmedia":[{"embeddable":true,"href":"https:\/\/www.tucomarca.com\/wordpress\/segunda\/wp-json\/wp\/v2\/media\/267145"}],"wp:attachment":[{"href":"https:\/\/www.tucomarca.com\/wordpress\/segunda\/wp-json\/wp\/v2\/media?parent=281864"}],"wp:term":[{"taxonomy":"category","embeddable":true,"href":"https:\/\/www.tucomarca.com\/wordpress\/segunda\/wp-json\/wp\/v2\/categories?post=281864"},{"taxonomy":"post_tag","embeddable":true,"href":"https:\/\/www.tucomarca.com\/wordpress\/segunda\/wp-json\/wp\/v2\/tags?post=281864"}],"curies":[{"name":"wp","href":"https:\/\/api.w.org\/{rel}","templated":true}]}}