{"id":281872,"date":"2025-10-09T07:00:00","date_gmt":"2025-10-09T05:00:00","guid":{"rendered":"https:\/\/www.tucomarca.com\/wordpress\/segunda\/?p=281872"},"modified":"2025-10-08T22:34:41","modified_gmt":"2025-10-08T20:34:41","slug":"vixca-vixca-vixca-por-carlos-mazon-guixot-president-de-la-generalitat-valenciana","status":"publish","type":"post","link":"https:\/\/www.tucomarca.com\/wordpress\/segunda\/vixca-vixca-vixca-por-carlos-mazon-guixot-president-de-la-generalitat-valenciana\/","title":{"rendered":"\u00abVixca, Vixca, vixca,\u00bb, por Carlos Maz\u00f3n Guixot, President de la Generalitat Valenciana"},"content":{"rendered":"\n<figure class=\"wp-block-image size-large\"><img loading=\"lazy\" decoding=\"async\" width=\"1024\" height=\"789\" src=\"https:\/\/www.tucomarca.com\/wordpress\/segunda\/wp-content\/uploads\/2025\/10\/CarlosMazon-1024x789.jpg\" alt=\"\" class=\"wp-image-281876\" srcset=\"https:\/\/www.tucomarca.com\/wordpress\/segunda\/wp-content\/uploads\/2025\/10\/CarlosMazon-1024x789.jpg 1024w, https:\/\/www.tucomarca.com\/wordpress\/segunda\/wp-content\/uploads\/2025\/10\/CarlosMazon-300x231.jpg 300w, https:\/\/www.tucomarca.com\/wordpress\/segunda\/wp-content\/uploads\/2025\/10\/CarlosMazon-768x591.jpg 768w, https:\/\/www.tucomarca.com\/wordpress\/segunda\/wp-content\/uploads\/2025\/10\/CarlosMazon-1536x1183.jpg 1536w, https:\/\/www.tucomarca.com\/wordpress\/segunda\/wp-content\/uploads\/2025\/10\/CarlosMazon-2048x1577.jpg 2048w\" sizes=\"auto, (max-width: 1024px) 100vw, 1024px\" \/><\/figure>\n\n\n\n<p>Las \u00faltimas palabras que siempre resuenan en el Sal\u00f3 de Corts del Palau de la Generalitat para cerrar el acto institucional del Nou d\u2019Octubre no se pronuncian, se cantan: \u201cVixca, Vixca, Vixca\u201d. As\u00ed concluy\u00f3 Maximiliano Thous, de su pu\u00f1o y letra, el \u00faltimo verso del Himno de la Exposici\u00f3n que el maestro Jos\u00e9 Serrano compuso en 1909. Este a\u00f1o, el Nou d\u2019Octubre viene marcado \u2013adem\u00e1s de por la tragedia que padecimos con las riadas del a\u00f1o pasado\u2013 por la conmemoraci\u00f3n del centenario de la aprobaci\u00f3n de la pieza como Himno Regional por los ayuntamientos de Alicante, Castell\u00f3 y Val\u00e8ncia.&nbsp;<\/p>\n\n\n\n<p>Aunque fue creado para un evento concreto, los valencianos adoptaron el Himno como parte de su identidad colectiva mucho antes de que una ley lo consagrara oficialmente. A diferencia de otros que nacieron de conflictos, el valenciano surgi\u00f3 de la voluntad de un pueblo de mostrar al mundo su arte, su ciencia y su capacidad para el progreso. Por eso es un himno que no va contra nadie, sino a favor de todos, y que habla de historia com\u00fan, trabajo, progreso, naturaleza, libertad, futuro y paz.<\/p>\n\n\n\n<p>El himno muestra lo que hemos sido, ensalza lo que somos e inspira lo que queremos ser. Ah\u00ed reside el secreto de su popularidad. Sus notas y palabras nos han acompa\u00f1ado en momentos dulces y tambi\u00e9n en los m\u00e1s amargos, como los vividos hace casi un a\u00f1o, cuando la peor cat\u00e1strofe natural de la historia reciente de Espa\u00f1a golpe\u00f3 a nuestra tierra.<\/p>\n\n\n\n<p>Por ello, este Nou d\u2019Octubre rendimos homenaje y recordamos con emoci\u00f3n a las v\u00edctimas de las riadas del a\u00f1o pasado, renovamos nuestras condolencias y respeto a sus familias y reforzamos nuestro compromiso de solidaridad para con los afectados y damnificados, por quienes seguimos trabajando incansablemente para su recuperaci\u00f3n material y emocional.<\/p>\n\n\n\n<p>La magnitud de la tragedia no tiene precedentes. Tampoco lo tuvo la respuesta solidaria que recibimos de todo el pueblo espa\u00f1ol. Por ello, este a\u00f1o otorgamos la Alta Distinci\u00f3n a las comunidades aut\u00f3nomas y la Distinci\u00f3n de la Generalitat a la solidaridad mostrada con los valencianos que sufrieron la riada, con menciones a docenas de personas, instituciones y empresas como muestra de agradecimiento por la ayuda recibida. Estos reconocimientos son tambi\u00e9n una mirada hacia la esperanza y la capacidad del pueblo valenciano, que se levanta de la mano del resto de Espa\u00f1a para reconstruir lo perdido y prevenir futuras cat\u00e1strofes.<\/p>\n\n\n\n<p>Ser\u00eda imposible enumerar todas las muestras de solidaridad que recibimos. Fueron muchos los que llevaron su compromiso m\u00e1s all\u00e1 del deber, demostrando un esp\u00edritu fraternal que llen\u00f3 los corazones de toda Espa\u00f1a mientras la Generalitat asum\u00eda el mayor reto de su historia.<\/p>\n\n\n\n<p>Un reto que hemos llevado a cabo con recursos propios y que involucra a todos los departamentos de la Generalitat. Un esfuerzo que se ha centrado en las v\u00edctimas, sus familias, los afectados, aut\u00f3nomos y empresas damnificadas. Tambi\u00e9n se han reconstruido infraestructuras esenciales como el metro, carreteras, depuradoras, centros de salud y educativos.<\/p>\n\n\n\n<p>Nunca antes la Generalitat hab\u00eda realizado un despliegue semejante de recursos econ\u00f3micos y de gesti\u00f3n. La tarea a\u00fan no ha concluido, seguimos trabajando para que la recuperaci\u00f3n no se detenga y para que los planes dise\u00f1ados permitan prevenir o mitigar futuras emergencias.<\/p>\n\n\n\n<p>El Nou d\u2019Octubre no es una efem\u00e9ride m\u00e1s. Es una realidad viva y festiva, presente en las calles de nuestros pueblos y ciudades. Es la expresi\u00f3n de una identidad construida desde la colaboraci\u00f3n, no desde el conflicto. Desde el derecho y no desde el privilegio y que tiene en nuestras instituciones de autogobierno \u2013la Generalitat \u2013su m\u00e1xima expresi\u00f3n institucional y pol\u00edtica.<\/p>\n\n\n\n<p>Por ello, el respeto y la lealtad hacia ellas no pueden depender de coyunturas pasajeras ni de intereses particulares. Nuestras instituciones, como nuestras se\u00f1as de identidad, pertenecen al pueblo valenciano y son garant\u00eda de estabilidad y defensa frente a decisiones que, objetivamente, nos perjudican.<\/p>\n\n\n\n<p>Fortalecer la estabilidad institucional requiere continuidad y renovaci\u00f3n. Y por ello, aunque el contexto no sea el m\u00e1s favorable, debemos mostrar unidad y alzar la mirada para que nuestras instituciones sigan generando la confianza que necesitamos para la recuperaci\u00f3n y para seguir avanzando hacia el futuro.<\/p>\n\n\n\n<p>Es momento de abrir camino, de demostrar que sabemos acordar para mantener sano y fuerte nuestro autogobierno. Que en el momento m\u00e1s complejo, supimos cambiar el paso en nombre de todos.<\/p>\n\n\n\n<p>La recuperaci\u00f3n tras las riadas es el mayor reto que enfrenta la Generalitat, pero no el \u00fanico. De la Administraci\u00f3n Auton\u00f3mica depende la prestaci\u00f3n de servicios p\u00fablicos esenciales como la educaci\u00f3n, la sanidad y la atenci\u00f3n a la dependencia. Servicios que definen a una sociedad avanzada y que deben estar a la altura de lo que merecen los habitantes de Alicante, Castell\u00f3n y Valencia.<\/p>\n\n\n\n<p>El bienestar de cinco millones de personas es fundamental. Por ello, seguir\u00e9 reclamando un sistema de financiaci\u00f3n justo, basado en criterios objetivos y no en privilegios. El Estado Auton\u00f3mico es el mayor \u00e9xito de nuestra historia pol\u00edtica y no debe malograrse por decisiones cortoplacistas y espurias.<\/p>\n\n\n\n<p>No se puede garantizar una atenci\u00f3n sanitaria de calidad ni un sistema educativo eficaz sin los fondos necesarios. Tampoco se puede atender a los m\u00e1s vulnerables si la deuda del Gobierno en materia de dependencia se salda con excusas y retrasos. No podemos mantener la competitividad de nuestro tejido productivo sin agua para nuestros campos ni infraestructuras estrat\u00e9gicas para nuestra industria. Tampoco podemos seguir liderando sectores como el turismo si se imponen trabas o aumentos fiscales injustificados.<\/p>\n\n\n\n<p>Hace dos a\u00f1os y medio, la sociedad valenciana expres\u00f3 en las urnas su voluntad de cambio. Y ese cambio ya da frutos. La Comunitat Valenciana sigue creciendo, sigue siendo tierra de oportunidades, con una administraci\u00f3n que ofrece estabilidad, eficacia y libertad.<\/p>\n\n\n\n<p>Estabilidad fiscal, eficacia administrativa y libertad para emprender, que propician inversi\u00f3n y empleo. Nunca antes hubo tanta inversi\u00f3n ni tanta gente trabajando. Tambi\u00e9n hay estabilidad institucional, eficacia en pol\u00edticas p\u00fablicas y libertad para las familias, para decidir c\u00f3mo educar a sus hijos, para reducir listas de espera, impulsar infraestructuras, proteger nuestro patrimonio y fomentar la cultura, la ciencia y el deporte.<\/p>\n\n\n\n<p>Todos los Nou d\u2019Octubre son especiales, pero este lo es todav\u00eda m\u00e1s porque, desde el recuerdo, emoci\u00f3n y permanente homenaje por las v\u00edctimas, los damnificados y los afectados, debe marcar el inicio de un tiempo nuevo de esperanza y unidad.&nbsp;<\/p>\n","protected":false},"excerpt":{"rendered":"<div class=\"mh-excerpt\">Las \u00faltimas palabras que siempre resuenan en el Sal\u00f3 de Corts del Palau de la Generalitat para cerrar el acto institucional del Nou d\u2019Octubre no se pronuncian, se cantan: \u201cVixca, Vixca, Vixca\u201d. As\u00ed concluy\u00f3 Maximiliano <a class=\"mh-excerpt-more\" href=\"https:\/\/www.tucomarca.com\/wordpress\/segunda\/vixca-vixca-vixca-por-carlos-mazon-guixot-president-de-la-generalitat-valenciana\/\" title=\"\u00abVixca, Vixca, vixca,\u00bb, por Carlos Maz\u00f3n Guixot, President de la Generalitat Valenciana\">[+] <\/a><\/div>\n","protected":false},"author":1,"featured_media":281885,"comment_status":"open","ping_status":"open","sticky":false,"template":"","format":"standard","meta":{"footnotes":""},"categories":[128,72,142,3,45],"tags":[5944,18806,2163,10716,2142,17207],"class_list":{"0":"post-281872","1":"post","2":"type-post","3":"status-publish","4":"format-standard","5":"has-post-thumbnail","7":"category-infraestructuras","8":"category-sin-categorizar","9":"category-politica-la-comarca","10":"category-seccion","11":"category-ventana","12":"tag-9-doctubre","13":"tag-carlos-mazon","14":"tag-consell","15":"tag-generalitat-valenciana","16":"tag-la-comunitat","17":"tag-mazon"},"_links":{"self":[{"href":"https:\/\/www.tucomarca.com\/wordpress\/segunda\/wp-json\/wp\/v2\/posts\/281872","targetHints":{"allow":["GET"]}}],"collection":[{"href":"https:\/\/www.tucomarca.com\/wordpress\/segunda\/wp-json\/wp\/v2\/posts"}],"about":[{"href":"https:\/\/www.tucomarca.com\/wordpress\/segunda\/wp-json\/wp\/v2\/types\/post"}],"author":[{"embeddable":true,"href":"https:\/\/www.tucomarca.com\/wordpress\/segunda\/wp-json\/wp\/v2\/users\/1"}],"replies":[{"embeddable":true,"href":"https:\/\/www.tucomarca.com\/wordpress\/segunda\/wp-json\/wp\/v2\/comments?post=281872"}],"version-history":[{"count":0,"href":"https:\/\/www.tucomarca.com\/wordpress\/segunda\/wp-json\/wp\/v2\/posts\/281872\/revisions"}],"wp:featuredmedia":[{"embeddable":true,"href":"https:\/\/www.tucomarca.com\/wordpress\/segunda\/wp-json\/wp\/v2\/media\/281885"}],"wp:attachment":[{"href":"https:\/\/www.tucomarca.com\/wordpress\/segunda\/wp-json\/wp\/v2\/media?parent=281872"}],"wp:term":[{"taxonomy":"category","embeddable":true,"href":"https:\/\/www.tucomarca.com\/wordpress\/segunda\/wp-json\/wp\/v2\/categories?post=281872"},{"taxonomy":"post_tag","embeddable":true,"href":"https:\/\/www.tucomarca.com\/wordpress\/segunda\/wp-json\/wp\/v2\/tags?post=281872"}],"curies":[{"name":"wp","href":"https:\/\/api.w.org\/{rel}","templated":true}]}}