{"id":28223,"date":"2014-06-14T12:42:54","date_gmt":"2014-06-14T09:42:54","guid":{"rendered":"http:\/\/www.tucomarca.com\/wordpress\/segunda\/?p=28223"},"modified":"2014-06-14T12:42:54","modified_gmt":"2014-06-14T09:42:54","slug":"cine-en-el-astoria-de-chiva-9","status":"publish","type":"post","link":"https:\/\/www.tucomarca.com\/wordpress\/segunda\/cine-en-el-astoria-de-chiva-9\/","title":{"rendered":"Cine en el Astoria de Chiva"},"content":{"rendered":"<p>El s\u00e1bado 14 de junio a las 18,00 horas y el domingo 15 de junio a la misma hora en el cine Teatro Astoria  se proyectar\u00e1 la pel\u00edcula infantil Rio 2.<\/p>\n","protected":false},"excerpt":{"rendered":"<div class=\"mh-excerpt\">El s\u00e1bado 14 de junio a las 18,00 horas y el domingo 15 de junio a la misma hora en el cine Teatro Astoria se proyectar\u00e1 la pel\u00edcula infantil Rio 2.<\/div>\n","protected":false},"author":2,"featured_media":0,"comment_status":"open","ping_status":"open","sticky":false,"template":"","format":"standard","meta":{"footnotes":""},"categories":[4,3],"tags":[612,10384,86],"class_list":{"0":"post-28223","1":"post","2":"type-post","3":"status-publish","4":"format-standard","6":"category-agenda","7":"category-seccion","8":"tag-astoria","9":"tag-chiva","10":"tag-cine"},"_links":{"self":[{"href":"https:\/\/www.tucomarca.com\/wordpress\/segunda\/wp-json\/wp\/v2\/posts\/28223","targetHints":{"allow":["GET"]}}],"collection":[{"href":"https:\/\/www.tucomarca.com\/wordpress\/segunda\/wp-json\/wp\/v2\/posts"}],"about":[{"href":"https:\/\/www.tucomarca.com\/wordpress\/segunda\/wp-json\/wp\/v2\/types\/post"}],"author":[{"embeddable":true,"href":"https:\/\/www.tucomarca.com\/wordpress\/segunda\/wp-json\/wp\/v2\/users\/2"}],"replies":[{"embeddable":true,"href":"https:\/\/www.tucomarca.com\/wordpress\/segunda\/wp-json\/wp\/v2\/comments?post=28223"}],"version-history":[{"count":0,"href":"https:\/\/www.tucomarca.com\/wordpress\/segunda\/wp-json\/wp\/v2\/posts\/28223\/revisions"}],"wp:attachment":[{"href":"https:\/\/www.tucomarca.com\/wordpress\/segunda\/wp-json\/wp\/v2\/media?parent=28223"}],"wp:term":[{"taxonomy":"category","embeddable":true,"href":"https:\/\/www.tucomarca.com\/wordpress\/segunda\/wp-json\/wp\/v2\/categories?post=28223"},{"taxonomy":"post_tag","embeddable":true,"href":"https:\/\/www.tucomarca.com\/wordpress\/segunda\/wp-json\/wp\/v2\/tags?post=28223"}],"curies":[{"name":"wp","href":"https:\/\/api.w.org\/{rel}","templated":true}]}}