{"id":282433,"date":"2025-10-14T10:00:00","date_gmt":"2025-10-14T08:00:00","guid":{"rendered":"https:\/\/www.tucomarca.com\/wordpress\/segunda\/?p=282433"},"modified":"2025-10-14T19:58:20","modified_gmt":"2025-10-14T17:58:20","slug":"la-muestra-de-teatro-no-profesional-de-cheste-ofrecera-10-representaciones-en-su-28a-edicion","status":"publish","type":"post","link":"https:\/\/www.tucomarca.com\/wordpress\/segunda\/la-muestra-de-teatro-no-profesional-de-cheste-ofrecera-10-representaciones-en-su-28a-edicion\/","title":{"rendered":"La Muestra de teatro no profesional de Cheste ofrecer\u00e1 10 representaciones en su 28\u00aa edici\u00f3n"},"content":{"rendered":"\n<p>El pr\u00f3ximo 19 de octubre, domingo, se inaugurar\u00e1 la 28\u00aa edici\u00f3n de la Muestra de teatro no profesional de Cheste con el espect\u00e1culo \u201cColecci\u00f3n Privada\u201d de la compa\u00f1\u00eda Marco Vargas &amp; Chlo\u00e9 Br\u00fbl\u00e9, una propuesta que fusiona el flamenco con la danza contempor\u00e1nea de la mano de este d\u00fao ganador de reconocidos premios del panorama nacional e internacional. A trav\u00e9s de las coreograf\u00edas, el vestuario y el ritmo, los artistas invitar\u00e1n al p\u00fablico a acompa\u00f1arles en un recorrido por las obras de su repertorio en el que compartir\u00e1n una mirada com\u00fan sobre el lenguaje de la danza y el flamenco.<\/p>\n\n\n<div class=\"wp-block-image\">\n<figure class=\"alignleft size-large is-resized\"><img loading=\"lazy\" decoding=\"async\" width=\"724\" height=\"1024\" src=\"https:\/\/www.tucomarca.com\/wordpress\/segunda\/wp-content\/uploads\/2025\/10\/ChesteAperturaMuestra-724x1024.jpg\" alt=\"\" class=\"wp-image-282436\" style=\"width:307px;height:auto\" srcset=\"https:\/\/www.tucomarca.com\/wordpress\/segunda\/wp-content\/uploads\/2025\/10\/ChesteAperturaMuestra-724x1024.jpg 724w, https:\/\/www.tucomarca.com\/wordpress\/segunda\/wp-content\/uploads\/2025\/10\/ChesteAperturaMuestra-212x300.jpg 212w, https:\/\/www.tucomarca.com\/wordpress\/segunda\/wp-content\/uploads\/2025\/10\/ChesteAperturaMuestra-768x1086.jpg 768w, https:\/\/www.tucomarca.com\/wordpress\/segunda\/wp-content\/uploads\/2025\/10\/ChesteAperturaMuestra.jpg 886w\" sizes=\"auto, (max-width: 724px) 100vw, 724px\" \/><\/figure>\n<\/div>\n\n\n<p>En esta nueva edici\u00f3n de la Muestra, organizada por la Concejal\u00eda de Cultura, la compa\u00f1\u00eda local Far\u00e1ndula teatro, con motivo de su 25 aniversario, teatralizar\u00e1 la presentaci\u00f3n de todas las obras representadas y de la gala final de entrega de premios. Adem\u00e1s, la agrupaci\u00f3n teatral participar\u00e1 fuera de concurso con el montaje <em>Una hora para m\u00ed<\/em>, el 30 de noviembre, y estrenar\u00e1 el proyecto <em>Hay un teatro en ti<\/em>, que se representar\u00e1 en un recorrido por el teatro Liceo con pases reducidos, el 13 y el 14 de diciembre. Tambi\u00e9n fuera de concurso, el 8 de noviembre se representar\u00e1 en Cheste la obra <em>Todas nosotras<\/em>, de la compa\u00f1\u00eda Danza Gineceo A.C., con una puesta en escena en clave feminista que pondr\u00e1 el acento en los ciclos que se repiten en las mujeres en relaci\u00f3n con sus familias y sus individualidades, durante generaciones, para generar un cuestionamiento sobre su persistencia en la actualidad y en el futuro.&nbsp;<\/p>\n\n\n\n<p>Dentro de concurso, 5 compa\u00f1\u00edas amateurs de diferentes puntos de la geograf\u00eda espa\u00f1ola se dar\u00e1n cita en Cheste para participar en la muestra: Paraskenia teatro, con <em>Madrid 19-67<\/em>; Comboi Mediterrani, con <em>Escr\u00edbeme a la tierra<\/em>; Maniqu\u00ed teatre, con <em>El Pollito<\/em>; <em>Stres de Quatre,<\/em> con <em>Que 20 a\u00f1os no es nada, <\/em>y Ariba Teatro<em>, con Torito Bravo. <\/em>La muestra se clausurar\u00e1 el domingo 7 de diciembre con <em>Reg\u00e1lame esta noche<\/em>, de Albena Teatro, una comedia rom\u00e1ntica que narra el reencuentro de dos viejos amantes.<\/p>\n\n\n\n<p>En total, la 28\u00aa edici\u00f3n de la Muestra de teatro no profesional de Cheste ofrecer\u00e1 10 propuestas teatrales y de danza desde el pr\u00f3ximo 20 de octubre hasta el 14 de diciembre.Todas las obras comenzar\u00e1n a las 19:00 en el teatro Liceo y las entradas estar\u00e1n disponibles en los quioscos de la localidad y en la web agendacheste.com, para adquirirlas de forma anticipada. Adem\u00e1s, se podr\u00e1n comprar las entradas en taquilla desde las 18:00 del mismo d\u00eda de la representaci\u00f3n.<\/p>\n\n\n\n<p><strong>Fechas de las representaciones<\/strong><\/p>\n\n\n\n<p>\u00b7 Domingo, 19 de octubre:<\/p>\n\n\n\n<p>Apertura \u00b7 <em>Colecci\u00f3n privada<\/em>, de Marco Vargas &amp; Chlo\u00e9 Br\u00fbl\u00e9<\/p>\n\n\n\n<p>\u00b7 Domingo, 26 de octubre:<\/p>\n\n\n\n<p><em>Madrid 19-67,<\/em> C\u00eda. Paraskenia teatro.<\/p>\n\n\n\n<p>\u00b7 Domingo, 2 de noviembre:<\/p>\n\n\n\n<p><em>Escr\u00edbeme a la Tierra, <\/em>C\u00eda. Comboi mediterrani<\/p>\n\n\n\n<p>\u00b7 S\u00e1bado, 8 de noviembre:<\/p>\n\n\n\n<p><em>Todas nosotras<\/em>, C\u00eda. Danza Gineceo A.C.<\/p>\n\n\n\n<p>\u00b7 Domingo, 9&nbsp; de noviembre:<\/p>\n\n\n\n<p><em>El Pollito, <\/em>C\u00eda. Maniqu\u00ed teatre.<\/p>\n\n\n\n<p>\u00b7 Domingo, 16 de noviembre:<\/p>\n\n\n\n<p>&nbsp;<em>Que 20 a\u00f1os no es nada<\/em>, C\u00eda. <em>Stres de Quatre.<\/em><\/p>\n\n\n\n<p>\u00b7 Domingo, 23 de noviembre:<\/p>\n\n\n\n<p><em>Torito Bravo<\/em>, C\u00eda. Ariba teatro.<\/p>\n\n\n\n<p>\u00b7 Domingo, 30 de diciembre:<\/p>\n\n\n\n<p><em>Una hora para m\u00ed<\/em>, C\u00eda. Far\u00e1ndula teatro Cheste.<\/p>\n\n\n\n<p>\u00b7 Domingo, 7 de diciembre:<\/p>\n\n\n\n<p>Clausura \u00b7 <em>Reg\u00e1lame esta noche<\/em>, C\u00eda. Albena Teatro<\/p>\n\n\n\n<p>\u00b7 S\u00e1bado y domingo, 13 y 14 de diciembre:<\/p>\n\n\n\n<p><em>Hay un teatro en ti<\/em>, C\u00eda. Far\u00e1ndula teatro Cheste<\/p>\n","protected":false},"excerpt":{"rendered":"<div class=\"mh-excerpt\">El pr\u00f3ximo 19 de octubre, domingo, se inaugurar\u00e1 la 28\u00aa edici\u00f3n de la Muestra de teatro no profesional de Cheste con el espect\u00e1culo \u201cColecci\u00f3n Privada\u201d de la compa\u00f1\u00eda Marco Vargas &amp; Chlo\u00e9 Br\u00fbl\u00e9, una propuesta <a class=\"mh-excerpt-more\" href=\"https:\/\/www.tucomarca.com\/wordpress\/segunda\/la-muestra-de-teatro-no-profesional-de-cheste-ofrecera-10-representaciones-en-su-28a-edicion\/\" title=\"La Muestra de teatro no profesional de Cheste ofrecer\u00e1 10 representaciones en su 28\u00aa edici\u00f3n\">[+] <\/a><\/div>\n","protected":false},"author":12,"featured_media":282434,"comment_status":"open","ping_status":"open","sticky":false,"template":"","format":"standard","meta":{"footnotes":""},"categories":[4,17,8,10,7,3],"tags":[339,5952,12768],"class_list":{"0":"post-282433","1":"post","2":"type-post","3":"status-publish","4":"format-standard","5":"has-post-thumbnail","7":"category-agenda","8":"category-cheste","9":"category-la-comarca","10":"category-la-hoya","11":"category-ocio-y-cultura","12":"category-seccion","13":"tag-cheste-2","14":"tag-la-hoya-de-bunol-chiva","15":"tag-muestra-de-teatro-no-profesional"},"_links":{"self":[{"href":"https:\/\/www.tucomarca.com\/wordpress\/segunda\/wp-json\/wp\/v2\/posts\/282433","targetHints":{"allow":["GET"]}}],"collection":[{"href":"https:\/\/www.tucomarca.com\/wordpress\/segunda\/wp-json\/wp\/v2\/posts"}],"about":[{"href":"https:\/\/www.tucomarca.com\/wordpress\/segunda\/wp-json\/wp\/v2\/types\/post"}],"author":[{"embeddable":true,"href":"https:\/\/www.tucomarca.com\/wordpress\/segunda\/wp-json\/wp\/v2\/users\/12"}],"replies":[{"embeddable":true,"href":"https:\/\/www.tucomarca.com\/wordpress\/segunda\/wp-json\/wp\/v2\/comments?post=282433"}],"version-history":[{"count":0,"href":"https:\/\/www.tucomarca.com\/wordpress\/segunda\/wp-json\/wp\/v2\/posts\/282433\/revisions"}],"wp:featuredmedia":[{"embeddable":true,"href":"https:\/\/www.tucomarca.com\/wordpress\/segunda\/wp-json\/wp\/v2\/media\/282434"}],"wp:attachment":[{"href":"https:\/\/www.tucomarca.com\/wordpress\/segunda\/wp-json\/wp\/v2\/media?parent=282433"}],"wp:term":[{"taxonomy":"category","embeddable":true,"href":"https:\/\/www.tucomarca.com\/wordpress\/segunda\/wp-json\/wp\/v2\/categories?post=282433"},{"taxonomy":"post_tag","embeddable":true,"href":"https:\/\/www.tucomarca.com\/wordpress\/segunda\/wp-json\/wp\/v2\/tags?post=282433"}],"curies":[{"name":"wp","href":"https:\/\/api.w.org\/{rel}","templated":true}]}}