{"id":28290,"date":"2014-06-16T19:21:33","date_gmt":"2014-06-16T16:21:33","guid":{"rendered":"http:\/\/www.tucomarca.com\/wordpress\/segunda\/?p=28290"},"modified":"2014-06-16T19:21:36","modified_gmt":"2014-06-16T16:21:36","slug":"ordinaga-y-betoret-inauguran-la-vi-feria-del-comercio-de-vilamarxant","status":"publish","type":"post","link":"https:\/\/www.tucomarca.com\/wordpress\/segunda\/ordinaga-y-betoret-inauguran-la-vi-feria-del-comercio-de-vilamarxant\/","title":{"rendered":"Ordi\u00f1aga y Betoret inauguran la VI Feria del Comercio de Vilamarxant"},"content":{"rendered":"<p><figure id=\"attachment_28291\" aria-describedby=\"caption-attachment-28291\" style=\"width: 300px\" class=\"wp-caption alignleft\"><a href=\"https:\/\/www.tucomarca.com\/wordpress\/segunda\/2014\/06\/ordinaga-y-betoret-inauguran-la-vi-feria-del-comercio-de-vilamarxant\/vilamarxant-12\/\" rel=\"attachment wp-att-28291\"><img loading=\"lazy\" decoding=\"async\" src=\"https:\/\/www.tucomarca.com\/wordpress\/segunda\/wp-content\/uploads\/2014\/06\/vilamarxant1-300x199.jpg\" alt=\"\" title=\"vilamarxant\" width=\"300\" height=\"199\" class=\"size-medium wp-image-28291\" srcset=\"https:\/\/www.tucomarca.com\/wordpress\/segunda\/wp-content\/uploads\/2014\/06\/vilamarxant1-300x199.jpg 300w, https:\/\/www.tucomarca.com\/wordpress\/segunda\/wp-content\/uploads\/2014\/06\/vilamarxant1.jpg 1024w\" sizes=\"auto, (max-width: 300px) 100vw, 300px\" \/><\/a><figcaption id=\"caption-attachment-28291\" class=\"wp-caption-text\">Betoret y Ordi\u00f1aga durante el acto inaugural. tc.c<\/figcaption><\/figure>La directora general de Comercio y Consumo, Silvia Ordi\u00f1aga; el alcalde de Vilamarxant, Vicente Betoret; y la concejala de Comercio, M\u00aa Luisa S\u00e1nchez-Ar\u00e9valo, inauguraron el pasado s\u00e1bado, 14 de junio, la VI Feria del Comercio Local que se ha celebrado durante todo el fin de semana en la Replaza del municipio.<br \/>\nCon esta iniciativa comercial, que cont\u00f3 con la participaci\u00f3n de 40 expositores, el Consistorio pretende, un a\u00f1o m\u00e1s, que los establecimientos del municipio den a conocer la variedad de sus productos y servicios a vecinos y visitantes, que se fomenten las compras en este comercio de proximidad, adem\u00e1s de que estos consigan fidelizar m\u00e1s clientes.<br \/>\nDurante el acto, en el que tambi\u00e9n participaron la presidenta de la Asociaci\u00f3n de Comerciantes y Profesionales de Vilamarxant (ACPV), Pilar Dur\u00e1, as\u00ed como los concejales de la corporaci\u00f3n municipal, el primer edil manifest\u00f3 que \u201ceste tipo de iniciativas son muy importantes porque persiguen el lanzamiento y apoyo a la econom\u00eda productiva\u201d.<br \/>\nPara Betoret el peque\u00f1o comercio local es \u201cun instrumento fundamental para la generaci\u00f3n de riqueza y empleo\u201d, por este motivo, lanz\u00f3 un mensaje a todos los vecinos para que cuando vayan a hacer una compra se pregunten: \u201c\u00bfLo puedo comprar en aqu\u00ed, en mi pueblo?\u201d.<br \/>\nPor su parte, la presidenta de la Asociaci\u00f3n de Comercios de Vilamarxant, Pilar Dur\u00e0, asegur\u00f3 que \u201cla vida de un pueblo es la actividad de sus comercios, y en Vilamarxant existe una gran variedad de oferta y una gran calidad en cada propuesta\u201d. Dur\u00e0 agradeci\u00f3 la implicaci\u00f3n de los distintos colectivos sociales y vecinales en esta Feria, \u201cporque con ello se ha contribuido a demostrar que en este municipio hay mucha gente creativa y imaginativa\u201d.<br \/>\nFinalmente, Ordi\u00f1aga record\u00f3 que ella misma ha asistido a todas las ediciones de la Feria del Comercio de Vilamarxant, \u201cpor lo que he podido constatar su nacimiento, su crecimiento y su consolidaci\u00f3n\u201d. La dirigente auton\u00f3mica insisti\u00f3 en que el gobierno auton\u00f3mico \u201cest\u00e1 muy implicado en la ayuda a promocionar el consumo en los comercios de cada municipio\u201d.<br \/>\nDurante el fin de semana se ha ofrecido, adem\u00e1s de promoci\u00f3n de productos y servicios locales, diversas actividades l\u00fadicas y de entretenimiento (como las actuaciones del Club de Girmnasia R\u00edtmica de Vilamarxant, un espect\u00e1culo de Danza oriental, una actuaci\u00f3n de un Grupo de Batukada o varios talleres de animaci\u00f3n).<\/p>\n","protected":false},"excerpt":{"rendered":"<div class=\"mh-excerpt\">La directora general de Comercio y Consumo, Silvia Ordi\u00f1aga; el alcalde de Vilamarxant, Vicente Betoret; y la concejala de Comercio, M\u00aa Luisa S\u00e1nchez-Ar\u00e9valo, inauguraron el pasado s\u00e1bado, 14 de junio, la VI Feria del Comercio <a class=\"mh-excerpt-more\" href=\"https:\/\/www.tucomarca.com\/wordpress\/segunda\/ordinaga-y-betoret-inauguran-la-vi-feria-del-comercio-de-vilamarxant\/\" title=\"Ordi\u00f1aga y Betoret inauguran la VI Feria del Comercio de Vilamarxant\">[+] <\/a><\/div>\n","protected":false},"author":2,"featured_media":28291,"comment_status":"open","ping_status":"open","sticky":false,"template":"","format":"standard","meta":{"footnotes":""},"categories":[46,8,3,184],"tags":[895,2483,100,1156,10439],"class_list":{"0":"post-28290","1":"post","2":"type-post","3":"status-publish","4":"format-standard","5":"has-post-thumbnail","7":"category-camp-de-turia","8":"category-la-comarca","9":"category-seccion","10":"category-vilamarxant","11":"tag-betoret","12":"tag-comercio-local","13":"tag-feria","14":"tag-ordinaga","15":"tag-vilamarxant"},"_links":{"self":[{"href":"https:\/\/www.tucomarca.com\/wordpress\/segunda\/wp-json\/wp\/v2\/posts\/28290","targetHints":{"allow":["GET"]}}],"collection":[{"href":"https:\/\/www.tucomarca.com\/wordpress\/segunda\/wp-json\/wp\/v2\/posts"}],"about":[{"href":"https:\/\/www.tucomarca.com\/wordpress\/segunda\/wp-json\/wp\/v2\/types\/post"}],"author":[{"embeddable":true,"href":"https:\/\/www.tucomarca.com\/wordpress\/segunda\/wp-json\/wp\/v2\/users\/2"}],"replies":[{"embeddable":true,"href":"https:\/\/www.tucomarca.com\/wordpress\/segunda\/wp-json\/wp\/v2\/comments?post=28290"}],"version-history":[{"count":0,"href":"https:\/\/www.tucomarca.com\/wordpress\/segunda\/wp-json\/wp\/v2\/posts\/28290\/revisions"}],"wp:featuredmedia":[{"embeddable":true,"href":"https:\/\/www.tucomarca.com\/wordpress\/segunda\/wp-json\/wp\/v2\/media\/28291"}],"wp:attachment":[{"href":"https:\/\/www.tucomarca.com\/wordpress\/segunda\/wp-json\/wp\/v2\/media?parent=28290"}],"wp:term":[{"taxonomy":"category","embeddable":true,"href":"https:\/\/www.tucomarca.com\/wordpress\/segunda\/wp-json\/wp\/v2\/categories?post=28290"},{"taxonomy":"post_tag","embeddable":true,"href":"https:\/\/www.tucomarca.com\/wordpress\/segunda\/wp-json\/wp\/v2\/tags?post=28290"}],"curies":[{"name":"wp","href":"https:\/\/api.w.org\/{rel}","templated":true}]}}