{"id":282994,"date":"2025-10-21T10:15:00","date_gmt":"2025-10-21T08:15:00","guid":{"rendered":"https:\/\/www.tucomarca.com\/wordpress\/segunda\/?p=282994"},"modified":"2025-10-21T19:26:34","modified_gmt":"2025-10-21T17:26:34","slug":"urbanitas-del-vino-arranca-con-un-showroom-a-mas-de-100-profesionales-del-sector","status":"publish","type":"post","link":"https:\/\/www.tucomarca.com\/wordpress\/segunda\/urbanitas-del-vino-arranca-con-un-showroom-a-mas-de-100-profesionales-del-sector\/","title":{"rendered":"URbanitas del VINO arranca con un showroom a m\u00e1s de 100 profesionales del sector"},"content":{"rendered":"\n<p>La ciudad de Val\u00e8ncia dio ayer el pistoletazo de salida a URbanitas del VINO, la nueva acci\u00f3n impulsada por la Denominaci\u00f3n de Origen Utiel-Requena para acercar sus vinos al coraz\u00f3n urbano. El evento inaugural, que se celebr\u00f3 en un espacio emblem\u00e1tico como es Mercader, reuni\u00f3 a m\u00e1s de un centenar de profesionales del sector entre distribuidores, sumilleres, restauradores, prensa 29 de septiembre de 2025 P\u00e1g 2 especializada e influencers, que pudieron catar vinos de las 36 bodegas participantes en un showroom de alto nivel.<\/p>\n\n\n\n<p>La jornada comenz\u00f3 a las 12,00 horas con una presentaci\u00f3n por parte de la DO Utiel-Requena, seguida de un recorrido por m\u00e1s de 30 referencias de vinos blancos, rosados, tintos y espumosos, maridados con una demostraci\u00f3n gastron\u00f3mica. Un evento que puso en valor la versatilidad de las variedades aut\u00f3ctonas como la Bobal o la Tardana.<\/p>\n\n\n\n<p>Lorena Monteagudo, responsable de comunicaci\u00f3n de la Denominaci\u00f3n de Origen Utiel-Requena, fue la encargada de dar la bienvenida, destacando la importancia de esta acci\u00f3n para consolidar la presencia de la denominaci\u00f3n en la capital y desvelando que URbanitas del Vino \u00abllegar\u00e1 a cinco barrios de la ciudad con 10 planes totalmente distintos y transgresores con el objetivo de llevar el buen trabajo de las bodegas de esta denominaci\u00f3n de origen a la capital\u00bb.<\/p>\n\n\n\n<figure class=\"wp-block-image size-full\"><img loading=\"lazy\" decoding=\"async\" width=\"1024\" height=\"683\" src=\"https:\/\/www.tucomarca.com\/wordpress\/segunda\/wp-content\/uploads\/2025\/10\/DO-URUrbanitas2.jpg\" alt=\"\" class=\"wp-image-282996\" srcset=\"https:\/\/www.tucomarca.com\/wordpress\/segunda\/wp-content\/uploads\/2025\/10\/DO-URUrbanitas2.jpg 1024w, https:\/\/www.tucomarca.com\/wordpress\/segunda\/wp-content\/uploads\/2025\/10\/DO-URUrbanitas2-300x200.jpg 300w, https:\/\/www.tucomarca.com\/wordpress\/segunda\/wp-content\/uploads\/2025\/10\/DO-URUrbanitas2-768x512.jpg 768w\" sizes=\"auto, (max-width: 1024px) 100vw, 1024px\" \/><\/figure>\n\n\n\n<p>Y es que la acci\u00f3n es de lo m\u00e1s completa. Cinco Barrios (Caba\u00f1al \/ L\u2019Eixample \/ El Carmen \/ Ruzafa \/ Pla del Real) con diez planes que van desde tardeos, catas minimalistas, maridajes y afterworks que invitan a vivir el vino de forma cercana y urbana. Un programa que transforma la ciudad: del 21 al 31 de octubre. La gran cita de esta edici\u00f3n ser\u00e1 un tardeo este s\u00e1bado 25 de octubre en Mercader que convertir\u00e1 El Caba\u00f1al en el epicentro del vino valenciano con una jornada festiva abierta al p\u00fablico.<\/p>\n\n\n\n<p>El presidente de la DO Utiel-Requena, Jos\u00e9 Miguel Medina, tambi\u00e9n dirigi\u00f3 unas palabras a los asistentes: \u00abcon URbanitas del vino queremos llevar a todos los rincones de la ciudad el buen trabajo de los viticultores de nuestra Denominaci\u00f3n de Origen que se esconde detr\u00e1s de cada botella. Valencia es una plaza muy importante para los vinos de Utiel-Requena\u201d. <\/p>\n\n\n\n<figure class=\"wp-block-image size-large\"><img loading=\"lazy\" decoding=\"async\" width=\"1024\" height=\"683\" src=\"https:\/\/www.tucomarca.com\/wordpress\/segunda\/wp-content\/uploads\/2025\/10\/DO-URUrbanitas3-1024x683.jpeg\" alt=\"\" class=\"wp-image-282998\" srcset=\"https:\/\/www.tucomarca.com\/wordpress\/segunda\/wp-content\/uploads\/2025\/10\/DO-URUrbanitas3-1024x683.jpeg 1024w, https:\/\/www.tucomarca.com\/wordpress\/segunda\/wp-content\/uploads\/2025\/10\/DO-URUrbanitas3-300x200.jpeg 300w, https:\/\/www.tucomarca.com\/wordpress\/segunda\/wp-content\/uploads\/2025\/10\/DO-URUrbanitas3-768x512.jpeg 768w, https:\/\/www.tucomarca.com\/wordpress\/segunda\/wp-content\/uploads\/2025\/10\/DO-URUrbanitas3.jpeg 1200w\" sizes=\"auto, (max-width: 1024px) 100vw, 1024px\" \/><\/figure>\n\n\n\n<p>Con esta iniciativa, la DO Utiel-Requena refuerza su conexi\u00f3n con la ciudad de Valencia y abre un espacio de descubrimiento para nuevos p\u00fablicos, demostrando que el vino es tambi\u00e9n cultura, ocio y ciudad.<\/p>\n\n\n\n<p>Toda la informaci\u00f3n sobre Cinco Barrios con Diez Planes puedes seguirla a trav\u00e9s de las redes sociales (@doutielrequena) y del medio 5barricas, donde encontrar\u00e1s como reservar en los locales participantes.<\/p>\n","protected":false},"excerpt":{"rendered":"<div class=\"mh-excerpt\">La ciudad de Val\u00e8ncia dio ayer el pistoletazo de salida a URbanitas del VINO, la nueva acci\u00f3n impulsada por la Denominaci\u00f3n de Origen Utiel-Requena para acercar sus vinos al coraz\u00f3n urbano. El evento inaugural, que <a class=\"mh-excerpt-more\" href=\"https:\/\/www.tucomarca.com\/wordpress\/segunda\/urbanitas-del-vino-arranca-con-un-showroom-a-mas-de-100-profesionales-del-sector\/\" title=\"URbanitas del VINO arranca con un showroom a m\u00e1s de 100 profesionales del sector\">[+] <\/a><\/div>\n","protected":false},"author":12,"featured_media":283003,"comment_status":"open","ping_status":"open","sticky":false,"template":"","format":"standard","meta":{"footnotes":""},"categories":[4,113,8,7,27,3,29,45],"tags":[1422,10387,23113],"class_list":{"0":"post-282994","1":"post","2":"type-post","3":"status-publish","4":"format-standard","5":"has-post-thumbnail","7":"category-agenda","8":"category-vinos","9":"category-la-comarca","10":"category-ocio-y-cultura","11":"category-requena-utiel","12":"category-seccion","13":"category-utiel","14":"category-ventana","15":"tag-do-utiel-requena","16":"tag-requena-utiel","17":"tag-urbanitas-del-vino"},"_links":{"self":[{"href":"https:\/\/www.tucomarca.com\/wordpress\/segunda\/wp-json\/wp\/v2\/posts\/282994","targetHints":{"allow":["GET"]}}],"collection":[{"href":"https:\/\/www.tucomarca.com\/wordpress\/segunda\/wp-json\/wp\/v2\/posts"}],"about":[{"href":"https:\/\/www.tucomarca.com\/wordpress\/segunda\/wp-json\/wp\/v2\/types\/post"}],"author":[{"embeddable":true,"href":"https:\/\/www.tucomarca.com\/wordpress\/segunda\/wp-json\/wp\/v2\/users\/12"}],"replies":[{"embeddable":true,"href":"https:\/\/www.tucomarca.com\/wordpress\/segunda\/wp-json\/wp\/v2\/comments?post=282994"}],"version-history":[{"count":0,"href":"https:\/\/www.tucomarca.com\/wordpress\/segunda\/wp-json\/wp\/v2\/posts\/282994\/revisions"}],"wp:featuredmedia":[{"embeddable":true,"href":"https:\/\/www.tucomarca.com\/wordpress\/segunda\/wp-json\/wp\/v2\/media\/283003"}],"wp:attachment":[{"href":"https:\/\/www.tucomarca.com\/wordpress\/segunda\/wp-json\/wp\/v2\/media?parent=282994"}],"wp:term":[{"taxonomy":"category","embeddable":true,"href":"https:\/\/www.tucomarca.com\/wordpress\/segunda\/wp-json\/wp\/v2\/categories?post=282994"},{"taxonomy":"post_tag","embeddable":true,"href":"https:\/\/www.tucomarca.com\/wordpress\/segunda\/wp-json\/wp\/v2\/tags?post=282994"}],"curies":[{"name":"wp","href":"https:\/\/api.w.org\/{rel}","templated":true}]}}