{"id":283073,"date":"2025-10-21T08:45:00","date_gmt":"2025-10-21T06:45:00","guid":{"rendered":"https:\/\/www.tucomarca.com\/wordpress\/segunda\/?p=283073"},"modified":"2025-10-21T19:15:43","modified_gmt":"2025-10-21T17:15:43","slug":"cortes-de-pallas-abre-las-inscripciones-para-el-taller-cantar-y-contar-dentro-del-programa-invierno-vivo-2025-26","status":"publish","type":"post","link":"https:\/\/www.tucomarca.com\/wordpress\/segunda\/cortes-de-pallas-abre-las-inscripciones-para-el-taller-cantar-y-contar-dentro-del-programa-invierno-vivo-2025-26\/","title":{"rendered":"Cortes de Pall\u00e1s abre las inscripciones para el taller \u201cCantar y Contar\u201d dentro del programa Invierno Vivo 2025\/26"},"content":{"rendered":"\n<p>El Ayuntamiento de Cortes de Pall\u00e1s, a trav\u00e9s del \u00c1rea de Bienestar Social e Igualdad, ha puesto en marcha una nueva edici\u00f3n del taller \u201cCantar y Contar\u201d, una propuesta creativa que combina expresi\u00f3n art\u00edstica, crecimiento personal y diversi\u00f3n, enmarcada dentro del programa Invierno Vivo 2025\/26.<\/p>\n\n\n<div class=\"wp-block-image\">\n<figure class=\"alignleft size-large is-resized\"><img loading=\"lazy\" decoding=\"async\" width=\"725\" height=\"1024\" src=\"https:\/\/www.tucomarca.com\/wordpress\/segunda\/wp-content\/uploads\/2025\/10\/CortesdePallas-725x1024.jpg\" alt=\"\" class=\"wp-image-283076\" style=\"width:363px;height:auto\" srcset=\"https:\/\/www.tucomarca.com\/wordpress\/segunda\/wp-content\/uploads\/2025\/10\/CortesdePallas-725x1024.jpg 725w, https:\/\/www.tucomarca.com\/wordpress\/segunda\/wp-content\/uploads\/2025\/10\/CortesdePallas-212x300.jpg 212w, https:\/\/www.tucomarca.com\/wordpress\/segunda\/wp-content\/uploads\/2025\/10\/CortesdePallas-768x1085.jpg 768w, https:\/\/www.tucomarca.com\/wordpress\/segunda\/wp-content\/uploads\/2025\/10\/CortesdePallas.jpg 1080w\" sizes=\"auto, (max-width: 725px) 100vw, 725px\" \/><\/figure>\n<\/div>\n\n\n<p>El curso, que se desarrollar\u00e1 en el Centro Social de Cortes de Pall\u00e1s, se impartir\u00e1 todos los martes de 17:00 a 19:00 horas y dar\u00e1 comienzo el 4 de noviembre.<\/p>\n\n\n\n<p>\u201cCantar y Contar\u201d invita a los participantes a crear su propia historia a trav\u00e9s de la m\u00fasica, la interpretaci\u00f3n y la narraci\u00f3n, fomentando la creatividad, la conexi\u00f3n emocional y el trabajo en grupo. Este taller se consolida como una de las actividades m\u00e1s esperadas del programa municipal por su capacidad de unir a vecinos y vecinas en un entorno din\u00e1mico y enriquecedor.<\/p>\n\n\n\n<p>Las personas interesadas pueden reservar su plaza llamando al 962 51 70 01 o enviando un correo electr\u00f3nico a serviciossociales@cortesdepallas.es.<\/p>\n\n\n\n<p>Desde el consistorio, han animado a la ciudadan\u00eda a participar en esta iniciativa cultural y social, que contribuye al bienestar colectivo y al fortalecimiento del tejido comunitario del municipio.<\/p>\n\n\n\n<p>\u201cCantar y Contar\u201d forma parte del compromiso del Ayuntamiento de Cortes de Pall\u00e1s con la igualdad, la creatividad y el desarrollo personal a trav\u00e9s de la cultura.<\/p>\n","protected":false},"excerpt":{"rendered":"<div class=\"mh-excerpt\">El Ayuntamiento de Cortes de Pall\u00e1s, a trav\u00e9s del \u00c1rea de Bienestar Social e Igualdad, ha puesto en marcha una nueva edici\u00f3n del taller \u201cCantar y Contar\u201d, una propuesta creativa que combina expresi\u00f3n art\u00edstica, crecimiento <a class=\"mh-excerpt-more\" href=\"https:\/\/www.tucomarca.com\/wordpress\/segunda\/cortes-de-pallas-abre-las-inscripciones-para-el-taller-cantar-y-contar-dentro-del-programa-invierno-vivo-2025-26\/\" title=\"Cortes de Pall\u00e1s abre las inscripciones para el taller \u201cCantar y Contar\u201d dentro del programa Invierno Vivo 2025\/26\">[+] <\/a><\/div>\n","protected":false},"author":12,"featured_media":283076,"comment_status":"open","ping_status":"open","sticky":false,"template":"","format":"standard","meta":{"footnotes":""},"categories":[4,38,40,8,7,3],"tags":[23207,10392,10651],"class_list":{"0":"post-283073","1":"post","2":"type-post","3":"status-publish","4":"format-standard","5":"has-post-thumbnail","7":"category-agenda","8":"category-ayora-cofrentes","9":"category-cortes-de-pallas","10":"category-la-comarca","11":"category-ocio-y-cultura","12":"category-seccion","13":"tag-cantar-y-contar","14":"tag-cortes-de-pallas","15":"tag-el-valle-de-ayora-cofrentes"},"_links":{"self":[{"href":"https:\/\/www.tucomarca.com\/wordpress\/segunda\/wp-json\/wp\/v2\/posts\/283073","targetHints":{"allow":["GET"]}}],"collection":[{"href":"https:\/\/www.tucomarca.com\/wordpress\/segunda\/wp-json\/wp\/v2\/posts"}],"about":[{"href":"https:\/\/www.tucomarca.com\/wordpress\/segunda\/wp-json\/wp\/v2\/types\/post"}],"author":[{"embeddable":true,"href":"https:\/\/www.tucomarca.com\/wordpress\/segunda\/wp-json\/wp\/v2\/users\/12"}],"replies":[{"embeddable":true,"href":"https:\/\/www.tucomarca.com\/wordpress\/segunda\/wp-json\/wp\/v2\/comments?post=283073"}],"version-history":[{"count":0,"href":"https:\/\/www.tucomarca.com\/wordpress\/segunda\/wp-json\/wp\/v2\/posts\/283073\/revisions"}],"wp:featuredmedia":[{"embeddable":true,"href":"https:\/\/www.tucomarca.com\/wordpress\/segunda\/wp-json\/wp\/v2\/media\/283076"}],"wp:attachment":[{"href":"https:\/\/www.tucomarca.com\/wordpress\/segunda\/wp-json\/wp\/v2\/media?parent=283073"}],"wp:term":[{"taxonomy":"category","embeddable":true,"href":"https:\/\/www.tucomarca.com\/wordpress\/segunda\/wp-json\/wp\/v2\/categories?post=283073"},{"taxonomy":"post_tag","embeddable":true,"href":"https:\/\/www.tucomarca.com\/wordpress\/segunda\/wp-json\/wp\/v2\/tags?post=283073"}],"curies":[{"name":"wp","href":"https:\/\/api.w.org\/{rel}","templated":true}]}}