{"id":283135,"date":"2025-10-22T11:00:00","date_gmt":"2025-10-22T09:00:00","guid":{"rendered":"https:\/\/www.tucomarca.com\/wordpress\/segunda\/?p=283135"},"modified":"2025-10-22T18:09:49","modified_gmt":"2025-10-22T16:09:49","slug":"opinion-a-bocajarro-el-divorcio-que-viene-por-joseh-larrazabal","status":"publish","type":"post","link":"https:\/\/www.tucomarca.com\/wordpress\/segunda\/opinion-a-bocajarro-el-divorcio-que-viene-por-joseh-larrazabal\/","title":{"rendered":"Opini\u00f3n: A bocajarro \u00abEl divorcio que viene\u00bb por J\u00f3seh Larraz\u00e1bal"},"content":{"rendered":"<div class=\"wp-block-image\">\n<figure class=\"alignleft size-full is-resized\"><img loading=\"lazy\" decoding=\"async\" width=\"279\" height=\"280\" src=\"https:\/\/www.tucomarca.com\/wordpress\/segunda\/wp-content\/uploads\/2024\/01\/Larrazabalnueva.jpg\" alt=\"\" class=\"wp-image-208146\" style=\"width:157px;height:auto\"\/><\/figure>\n<\/div>\n\n\n<p>Muchas de esas frases como: \u00abacostumbrarse y resignarse a ser un equipo peque\u00f1o, de la parte baja de la tabla\u00bb lo dijimos en LIBRE DIRECTO, el pasado jueves, concretamente en la entrevista con Jos\u00e9 P\u00e9rez Alonso, presidente de LIBERTAD VCF. Un h\u00e9roe que a\u00fan permanece en su puesto aunque no sabe muy bien \u00abpara qu\u00e9\u00bb.<br>Si escuch\u00e1is atentamente la entrevista en LIBRE DIRECTO, ver\u00e9is que hablamos en los mismos t\u00e9rminos que habla el gran CA\u00d1ETE.<br>Yo ya hice repartici\u00f3n de bienes. Fue un divorcio tormentoso que me cost\u00f3 muchos disgustos, que ya afectaba a m\u00ed salud, hasta que dije \u00abBasta\u00bb.<br>Me fui contento y orgulloso conmigo mismo por haberme dejado hasta la \u00faltima gota de mi sangre.<br>La gente que va hoy a Mestalla no lo hace por amor al VCF, lo hace por diversi\u00f3n. La fauna que pulula por el Viejo Estadio se compone de familias que van a pasar la tarde, y jovencitos que no tienen ni idea de lo que fue y deber\u00eda seguir siendo el VALENCIA CF, as\u00ed como esos resignados que no tienen orgullo ni coraje.<br>\u00abV\u00c1YANSE hombre, v\u00e1yanse ya, y hagan un favor a la historia del club y a su propia dignidad, la de ustedes.<br>El club que un d\u00eda se llam\u00f3 VCF no merece que sigan acudiendo a su cita quincenal 45.000 v\u00edctimas de la manipulaci\u00f3n, incapaces de tomar decisiones por si mismos, que no tienen identidad, coraje, ni ADN del verdadero VALENCIA CF.<br>\u00abMorir con honor antes que vivir de rodillas\u00bb.<br>No conviertan lo que es un drama en una fiesta de gente, necia, conformista, manipulada, sin esp\u00edritu de lucha\u2026<br>No se enga\u00f1en m\u00e1s a si mismos, no permitan que entorno, medios de comunicaci\u00f3n, y propiedad sigan ri\u00e9ndose y enriqueci\u00e9ndose a su costa, la de ustedes, y ensuciando la historia de nuestro VALENCIA CF.<br>Gracias SANTI CA\u00d1IZARES, no dejes de insistir. Eres de los que a\u00fan tiene agallas para decir la verdad.<br>Tu mensaje valiente deber\u00eda calar.<br>Yo ya lo intent\u00e9 pero a m\u00ed me arrinconaron, me degradaron, y hasta me insultaron gravemente en redes.<br>Sigue Ca\u00f1ete, quiz\u00e1s tu tengas esa fuerza que yo no tuve, y es normal porque yo no soy nadie. Pero lo que s\u00ed tengo y siempre tendr\u00e9 hasta el d\u00eda de mi muerte es dignidad, orgullo, y amor a ese club hist\u00f3rico que un d\u00eda se llam\u00f3 VALENCIA CF.<br>Hoy ya no existe, solo hay un negocio circense, montado por algunos, que se llama VCLIM.<br>Hubo una pel\u00edcula en los a\u00f1os 70 que se llam\u00f3: EL DIVORCIO QUE VIENE, b\u00fasquenla, recup\u00e9renla y tomen buena nota.<br>Es la \u00fanica forma de que un d\u00eda nuestros hijos, miren atr\u00e1s y se sientan orgullosos de sus padres por tener HONOR.<br>Lo dem\u00e1s solo tiene un nombre: DERROTA.<br>Hasta siempre VALENCIA CF, y gracias por todo lo que un d\u00eda nos diste. Hoy solo quedan las cenizas de lo que un d\u00eda fuiste, de lo que un d\u00eda fuimos todos juntos.<br>No te olvidamos.<\/p>\n","protected":false},"excerpt":{"rendered":"<div class=\"mh-excerpt\">Muchas de esas frases como: \u00abacostumbrarse y resignarse a ser un equipo peque\u00f1o, de la parte baja de la tabla\u00bb lo dijimos en LIBRE DIRECTO, el pasado jueves, concretamente en la entrevista con Jos\u00e9 P\u00e9rez <a class=\"mh-excerpt-more\" href=\"https:\/\/www.tucomarca.com\/wordpress\/segunda\/opinion-a-bocajarro-el-divorcio-que-viene-por-joseh-larrazabal\/\" title=\"Opini\u00f3n: A bocajarro \u00abEl divorcio que viene\u00bb por J\u00f3seh Larraz\u00e1bal\">[+] <\/a><\/div>\n","protected":false},"author":12,"featured_media":208146,"comment_status":"open","ping_status":"open","sticky":false,"template":"","format":"standard","meta":{"footnotes":""},"categories":[3358,6,3],"tags":[1810,15379],"class_list":{"0":"post-283135","1":"post","2":"type-post","3":"status-publish","4":"format-standard","5":"has-post-thumbnail","7":"category-canal-valencia-cf","8":"category-deportes","9":"category-seccion","10":"tag-valencia-cf","11":"tag-vcf"},"_links":{"self":[{"href":"https:\/\/www.tucomarca.com\/wordpress\/segunda\/wp-json\/wp\/v2\/posts\/283135","targetHints":{"allow":["GET"]}}],"collection":[{"href":"https:\/\/www.tucomarca.com\/wordpress\/segunda\/wp-json\/wp\/v2\/posts"}],"about":[{"href":"https:\/\/www.tucomarca.com\/wordpress\/segunda\/wp-json\/wp\/v2\/types\/post"}],"author":[{"embeddable":true,"href":"https:\/\/www.tucomarca.com\/wordpress\/segunda\/wp-json\/wp\/v2\/users\/12"}],"replies":[{"embeddable":true,"href":"https:\/\/www.tucomarca.com\/wordpress\/segunda\/wp-json\/wp\/v2\/comments?post=283135"}],"version-history":[{"count":0,"href":"https:\/\/www.tucomarca.com\/wordpress\/segunda\/wp-json\/wp\/v2\/posts\/283135\/revisions"}],"wp:featuredmedia":[{"embeddable":true,"href":"https:\/\/www.tucomarca.com\/wordpress\/segunda\/wp-json\/wp\/v2\/media\/208146"}],"wp:attachment":[{"href":"https:\/\/www.tucomarca.com\/wordpress\/segunda\/wp-json\/wp\/v2\/media?parent=283135"}],"wp:term":[{"taxonomy":"category","embeddable":true,"href":"https:\/\/www.tucomarca.com\/wordpress\/segunda\/wp-json\/wp\/v2\/categories?post=283135"},{"taxonomy":"post_tag","embeddable":true,"href":"https:\/\/www.tucomarca.com\/wordpress\/segunda\/wp-json\/wp\/v2\/tags?post=283135"}],"curies":[{"name":"wp","href":"https:\/\/api.w.org\/{rel}","templated":true}]}}