{"id":283327,"date":"2025-10-23T11:20:00","date_gmt":"2025-10-23T09:20:00","guid":{"rendered":"https:\/\/www.tucomarca.com\/wordpress\/segunda\/?p=283327"},"modified":"2025-10-23T21:09:06","modified_gmt":"2025-10-23T19:09:06","slug":"la-diputacio-insta-a-gobierno-y-consell-a-pagar-las-ayudas-pendientes-a-afectados-por-la-dana-y-a-ejecutar-obras-hidraulicas","status":"publish","type":"post","link":"https:\/\/www.tucomarca.com\/wordpress\/segunda\/la-diputacio-insta-a-gobierno-y-consell-a-pagar-las-ayudas-pendientes-a-afectados-por-la-dana-y-a-ejecutar-obras-hidraulicas\/","title":{"rendered":"La Diputaci\u00f3 insta a Gobierno y Consell a pagar las ayudas pendientes a afectados por la dana y a ejecutar obras hidr\u00e1ulicas"},"content":{"rendered":"\n<h3 class=\"wp-block-heading\">El pleno de octubre aprueba por unanimidad la propuesta del grupo popular que incluye enmiendas de socialistas y Comprom\u00eds, y que pide al Ejecutivo central presupuesto en 2026 para realizar las obras necesarias en 2027.<\/h3>\n\n\n\n<p>El pleno de octubre de la Diputaci\u00f3 de Val\u00e8ncia ha finalizado con la aprobaci\u00f3n por unanimidad de una propuesta a tres bandas que insta al Gobierno central y a la Generalitat a reforzar su implicaci\u00f3n en el proceso de recuperaci\u00f3n tras la dana y en la prevenci\u00f3n de nuevas cat\u00e1strofes. La propuesta original, presentada por el grupo popular, apela a \u201cla responsabilidad de las administraciones p\u00fablicas de actuar con urgencia y determinaci\u00f3n ante fen\u00f3menos adversos\u201d, y lamenta \u201cla falta de ejecuci\u00f3n de obras contempladas en el Plan de Recuperaci\u00f3n tras la riada, una actuaci\u00f3n negligente al igual que el insuficiente mantenimiento y limpieza de cauces de cara a futuros episodios\u201d.<\/p>\n\n\n\n<p>La vicepresidenta segunda, Reme Mazzolari, ha defendido una moci\u00f3n que no ha necesitado debate, ya que el equipo de gobierno provincial formado por el PP y Ens Uneix ha incluido en la propuesta las enmiendas del PSPV y Comprom\u00eds, que ped\u00edan hacer extensible la petici\u00f3n al gobierno auton\u00f3mico. De este modo, el acuerdo aprobado por unanimidad insta a ambas administraciones a \u201cacelerar el pago de las ayudas pendientes a los afectados por la dana e informar del grado de ejecuci\u00f3n de las actuaciones incluidas en el Plan de Recuperaci\u00f3n de n\u00facleos urbanos, ramblas y cauces\u201d.<\/p>\n\n\n\n<p>Todos los grupos representados en el pleno provincial han mostrado el apoyo sin fisuras de la Diputaci\u00f3n a las personas y municipios afectados por la dana. En este sentido, el pleno ha comenzado con un minuto de silencio en memoria de las 230 v\u00edctimas de la riada, en v\u00edsperas del primer aniversario de la cat\u00e1strofe, y ha terminado con esta propuesta colectiva que exige tanto el cumplimiento de los planes de recuperaci\u00f3n como la adopci\u00f3n de medidas complementarias de prevenci\u00f3n. Medidas como los sistemas urbanos sostenibles, la reforestaci\u00f3n o el desarrollo de \u2018ciudades esponja\u2019.<\/p>\n\n\n\n<p>En palabras de Reme Mazzolari, el acuerdo al que hemos llegado todos los grupos se resume en \u201cacelerar la tramitaci\u00f3n y ejecuci\u00f3n de las obras hidr\u00e1ulicas estructurales recogidas en los planes de inundaci\u00f3n, y exigir al Gobierno central que habilite una dotaci\u00f3n presupuestaria en 2026 para que las obras puedan ejecutarse a lo largo de 2027\u201d.<\/p>\n\n\n\n<p><strong>Otras mociones aprobadas<\/strong><\/p>\n\n\n\n<p>El pleno ha dado luz verde a otras cuatro mociones. En primer lugar, se ha aprobado una iniciativa de Vox, con el voto favorable del PP y el contrario del PSOE, Comprom\u00eds y Ens Uneix, para \u201cabordar la problem\u00e1tica de los empadronamientos ilegales\u201d en los municipios de la provincia.&nbsp;<\/p>\n\n\n\n<p>En segundo lugar, ha salido adelante una moci\u00f3n de Vox, con el voto a favor del PP y la abstenci\u00f3n del resto de grupos, para estudiar la posibilidad de habilitar ayudas a los municipios para \u201cla instalaci\u00f3n de sistemas de aviso y comunicaci\u00f3n ac\u00fasticos con la finalidad de alertar a la poblaci\u00f3n y difundir recomendaciones e informaciones oportunas ante eventuales situaciones de emergencia\u201d.<\/p>\n\n\n\n<p>En tercer lugar, se ha aprobado otra iniciativa de Vox para \u201cinstaurar unos Premios Provinciales a la Excelencia deportiva, de \u00e1mbito provincial, con la finalidad de reconocer en distintas categor\u00edas a deportistas, instituciones y clubes deportivos de la provincia. En esta ocasi\u00f3n, ha contado con el apoyo de PP y PSOE, mientras Ens Uneix se ha abstenido y Comprom\u00eds ha votado en contra.<\/p>\n\n\n\n<p>Por \u00faltimo, el pleno tambi\u00e9n ha respaldado una moci\u00f3n del PP, con el apoyo de Vox y Ens Uneix, la abstenci\u00f3n del PSOE y el voto en contra de Comprom\u00eds, en defensa de la colombicultura. Entre otros puntos, se ha acordado colaborar con la Federaci\u00f3n de Colombicultura de la Comunitat Valenciana \u201cpara reducir la poblaci\u00f3n de palomas asilvestradas\u201d.<\/p>\n","protected":false},"excerpt":{"rendered":"<div class=\"mh-excerpt\">El pleno de octubre aprueba por unanimidad la propuesta del grupo popular que incluye enmiendas de socialistas y Comprom\u00eds, y que pide al Ejecutivo central presupuesto en 2026 para realizar las obras necesarias en 2027. <a class=\"mh-excerpt-more\" href=\"https:\/\/www.tucomarca.com\/wordpress\/segunda\/la-diputacio-insta-a-gobierno-y-consell-a-pagar-las-ayudas-pendientes-a-afectados-por-la-dana-y-a-ejecutar-obras-hidraulicas\/\" title=\"La Diputaci\u00f3 insta a Gobierno y Consell a pagar las ayudas pendientes a afectados por la dana y a ejecutar obras hidr\u00e1ulicas\">[+] <\/a><\/div>\n","protected":false},"author":12,"featured_media":283330,"comment_status":"open","ping_status":"open","sticky":false,"template":"","format":"standard","meta":{"footnotes":""},"categories":[21465,128,8,72,117,142,3,116,45],"tags":[12831,3677],"class_list":{"0":"post-283327","1":"post","2":"type-post","3":"status-publish","4":"format-standard","5":"has-post-thumbnail","7":"category-dana","8":"category-infraestructuras","9":"category-la-comarca","10":"category-sin-categorizar","11":"category-medio-ambiente-la-comarca","12":"category-politica-la-comarca","13":"category-seccion","14":"category-sucesos-la-comarca","15":"category-ventana","16":"tag-dana-2","17":"tag-diputacio-de-valencia"},"_links":{"self":[{"href":"https:\/\/www.tucomarca.com\/wordpress\/segunda\/wp-json\/wp\/v2\/posts\/283327","targetHints":{"allow":["GET"]}}],"collection":[{"href":"https:\/\/www.tucomarca.com\/wordpress\/segunda\/wp-json\/wp\/v2\/posts"}],"about":[{"href":"https:\/\/www.tucomarca.com\/wordpress\/segunda\/wp-json\/wp\/v2\/types\/post"}],"author":[{"embeddable":true,"href":"https:\/\/www.tucomarca.com\/wordpress\/segunda\/wp-json\/wp\/v2\/users\/12"}],"replies":[{"embeddable":true,"href":"https:\/\/www.tucomarca.com\/wordpress\/segunda\/wp-json\/wp\/v2\/comments?post=283327"}],"version-history":[{"count":0,"href":"https:\/\/www.tucomarca.com\/wordpress\/segunda\/wp-json\/wp\/v2\/posts\/283327\/revisions"}],"wp:featuredmedia":[{"embeddable":true,"href":"https:\/\/www.tucomarca.com\/wordpress\/segunda\/wp-json\/wp\/v2\/media\/283330"}],"wp:attachment":[{"href":"https:\/\/www.tucomarca.com\/wordpress\/segunda\/wp-json\/wp\/v2\/media?parent=283327"}],"wp:term":[{"taxonomy":"category","embeddable":true,"href":"https:\/\/www.tucomarca.com\/wordpress\/segunda\/wp-json\/wp\/v2\/categories?post=283327"},{"taxonomy":"post_tag","embeddable":true,"href":"https:\/\/www.tucomarca.com\/wordpress\/segunda\/wp-json\/wp\/v2\/tags?post=283327"}],"curies":[{"name":"wp","href":"https:\/\/api.w.org\/{rel}","templated":true}]}}