{"id":283493,"date":"2025-10-26T17:00:00","date_gmt":"2025-10-26T15:00:00","guid":{"rendered":"https:\/\/www.tucomarca.com\/wordpress\/segunda\/?p=283493"},"modified":"2025-10-27T13:32:11","modified_gmt":"2025-10-27T11:32:11","slug":"la-diputacio-de-valencia-restablece-la-conexion-directa-entre-cheste-y-la-autovia-a-3","status":"publish","type":"post","link":"https:\/\/www.tucomarca.com\/wordpress\/segunda\/la-diputacio-de-valencia-restablece-la-conexion-directa-entre-cheste-y-la-autovia-a-3\/","title":{"rendered":"La Diputaci\u00f3 de Val\u00e8ncia restablece la conexi\u00f3n directa entre Cheste y la autov\u00eda A-3"},"content":{"rendered":"\n<h3 class=\"wp-block-heading\">La diputada de Carreteras, Reme Mazzolari y el alcalde de Cheste, Jos\u00e9 Morell, asisten a la apertura operativa del denominado &#8216;Puente de la Memoria&#8217; a falta de culminar la obra en el entorno del barranco del Poyo.<\/h3>\n\n\n\n<p>Las zonas urbana e industrial de Cheste est\u00e1n ya conectadas con la autov\u00eda A-3 a trav\u00e9s del puente de acceso al municipio por la CV-378, que ha sido denominado por la Diputaci\u00f3 de Val\u00e8ncia como &#8216;Puente de la Memoria&#8217; como s\u00edmbolo de la recuperaci\u00f3n de la red provincial de carreteras tras la dana del 29 de octubre de 2024.<\/p>\n\n\n\n<p>La diputada de Carreteras, Reme Mazzolari, ha asistido esta ma\u00f1ana, junto al alcalde Jos\u00e9 Morell, a la puesta en servicio de esta infraestructura, \u00abque es vital para la movilidad tanto para los vecinos y vecinas de Cheste como para el acceso a su zona industrial y al entorno del complejo educativo\u00bb, ha indicado la tambi\u00e9n vicepresidenta segunda de la Diputaci\u00f3.<\/p>\n\n\n\n<p>\u00abPor ello -contin\u00faa Mazzolari- la hemos puesto en servicio tan pronto como los responsables de la obra nos han comunicado que se podr\u00eda abrir al tr\u00e1fico, aunque los trabajos en la zona del cauce donde se asienta el puente continuar\u00e1n algunas semanas m\u00e1s\u00bb.<\/p>\n\n\n\n<p>La apertura se ha llevado a cabo bajo una intensa lluvia: \u00abnos hubiera encantado que el tiempo hubiera facilitado una mayor participaci\u00f3n de los vecinos de Cheste, que adem\u00e1s hoy celebramos el D\u00eda de la Flor; pero trat\u00e1ndose de una infraestructura tan importante para el municipio, no nos ha cabido ninguna duda que la prioridad ten\u00eda que ser abrirlo al tr\u00e1fico en el momento que cumpliera todos los requisitos de seguridad para hacerlo\u00bb, ha concluido Reme Mazzolari.&nbsp;<\/p>\n\n\n\n<p>Por su parte, el alcalde Jos\u00e9 Morell, se ha mostrado \u00abfeliz y satisfecho porque los da\u00f1os sobre este puente han sido sin duda los que m\u00e1s han alterado la normalidad en nuestro municipio tras la dana de hace ahora un a\u00f1o\u00bb, y ha recordado que \u00abel t\u00e9rmino municipal de Cheste sufri\u00f3 el colapso de nueve puentes como consecuencia de las avenidas de agua, por lo que la recuperaci\u00f3n de este, que era el m\u00e1s importante, supone un empuj\u00f3n de optimismo porque para nosotros es como cerrar un ciclo para abordar una fase diferente de la recuperaci\u00f3n\u00bb.<\/p>\n\n\n\n<p>El alcalde ha incidido en que \u00abel restablecimiento del tr\u00e1fico era esencial para los chestanos y chestanas, que ten\u00edan que rodear varios kil\u00f3metros para entrar o salir del municipio, y ahora lo har\u00e1n recorriendo apenas 300 metros\u00bb y ha recordado que \u00abtendr\u00e1 tambi\u00e9n un impacto muy positivo tanto para las empresas alojadas en el pol\u00edgono industrial como para la movilidad que genera el complejo educativo situado en la zona m\u00e1s cercana a la autov\u00eda\u00bb.<\/p>\n\n\n\n<p>La nueva infraestructura, que ha sido reconstruida integralmente por la instituci\u00f3n provincial, recibir\u00e1 el nombre de \u00abPuente de la Memoria\u00bb como s\u00edmbolo de la recuperaci\u00f3n de la red provincial de Carreteras tras la dana del 29 de octubre de 2024.<\/p>\n\n\n\n<figure class=\"wp-block-image size-large\"><img loading=\"lazy\" decoding=\"async\" width=\"1024\" height=\"691\" src=\"https:\/\/www.tucomarca.com\/wordpress\/segunda\/wp-content\/uploads\/2025\/10\/DipuPuenteMemoria-1024x691.jpg\" alt=\"\" class=\"wp-image-283516\" srcset=\"https:\/\/www.tucomarca.com\/wordpress\/segunda\/wp-content\/uploads\/2025\/10\/DipuPuenteMemoria-1024x691.jpg 1024w, https:\/\/www.tucomarca.com\/wordpress\/segunda\/wp-content\/uploads\/2025\/10\/DipuPuenteMemoria-300x202.jpg 300w, https:\/\/www.tucomarca.com\/wordpress\/segunda\/wp-content\/uploads\/2025\/10\/DipuPuenteMemoria-768x518.jpg 768w, https:\/\/www.tucomarca.com\/wordpress\/segunda\/wp-content\/uploads\/2025\/10\/DipuPuenteMemoria.jpg 1181w\" sizes=\"auto, (max-width: 1024px) 100vw, 1024px\" \/><\/figure>\n\n\n\n<p><strong>Reconstrucci\u00f3n integral<\/strong><\/p>\n\n\n\n<p>La dana del pasado a\u00f1o produjo profundos da\u00f1os en dos puntos clave de la CV-378, separados entre ellos por 500 metros, en el t\u00e9rmino municipal de Cheste: el puente del Barranquet y el ya denominado Puente de la Memoria, que ha abierto hoy.<\/p>\n\n\n\n<p>Las primeras inspecciones del personal t\u00e9cnico del \u00e1rea provincial de Carreteras, apenas horas despu\u00e9s de las lluvias, hac\u00edan pensar que el puente se podr\u00eda reparar; pero los posteriores informes de los ingenieros concluyeron que las cimentaciones y los hormigones estaban muy deteriorados, por lo que decidi\u00f3 demoler y reconstruir por completo la estructura, doblando la inversi\u00f3n inicial prevista para superar los 5 millones de euros.<\/p>\n\n\n\n<p>La reconstrucci\u00f3n integral de la infraestructura ha permitido la utilizaci\u00f3n de t\u00e9cnicas m\u00e1s avanzadas para prolongar la vida \u00fatil estimada del puente otros cien a\u00f1os m\u00e1s, \u00aby lo que es m\u00e1s importante, para mejorar la capacidad de canalizaci\u00f3n de posibles avenidas de agua por el barranco, en previsi\u00f3n de futuros episodios similares que ojal\u00e1 no ocurran, pero que tenemos que prever porque los expertos vienen anunciando que este tipo de episodios, con mayor o menor fuerza, cada vez van a ser m\u00e1s frecuentes\u00bb, ha concluido Reme Mazzolari.<\/p>\n\n\n\n<p>El nuevo Puente de la Memoria est\u00e1 compuesto por tres vanos de 32 metros cada uno, con tablero mixto de vigas artesas de acero corten y losa de hormig\u00f3n armado. Solo tiene dos pilas en el cauce, lo que mejora la respuesta hidr\u00e1ulica. Cada viga pesa unas 45 toneladas, que se han ensamblado y colocado con gr\u00faas de gran capacidad.<\/p>\n\n\n\n<p>Una vez restablecido el tr\u00e1fico, los trabajos de estabilizaci\u00f3n de la infraestructura continuar\u00e1n hasta culminar una obra que se ha desarrollado en diez meses, y que inclu\u00eda en una primera fase la recuperaci\u00f3n del puente del Barranquet para poder acometer la reconstrucci\u00f3n sobre el Poyo.<\/p>\n","protected":false},"excerpt":{"rendered":"<div class=\"mh-excerpt\">La diputada de Carreteras, Reme Mazzolari y el alcalde de Cheste, Jos\u00e9 Morell, asisten a la apertura operativa del denominado &#8216;Puente de la Memoria&#8217; a falta de culminar la obra en el entorno del barranco <a class=\"mh-excerpt-more\" href=\"https:\/\/www.tucomarca.com\/wordpress\/segunda\/la-diputacio-de-valencia-restablece-la-conexion-directa-entre-cheste-y-la-autovia-a-3\/\" title=\"La Diputaci\u00f3 de Val\u00e8ncia restablece la conexi\u00f3n directa entre Cheste y la autov\u00eda A-3\">[+] <\/a><\/div>\n","protected":false},"author":12,"featured_media":283472,"comment_status":"open","ping_status":"open","sticky":false,"template":"","format":"standard","meta":{"footnotes":""},"categories":[17,21465,128,8,72,10,117,142,3,116,45],"tags":[339,12831,3677,5952],"class_list":{"0":"post-283493","1":"post","2":"type-post","3":"status-publish","4":"format-standard","5":"has-post-thumbnail","7":"category-cheste","8":"category-dana","9":"category-infraestructuras","10":"category-la-comarca","11":"category-sin-categorizar","12":"category-la-hoya","13":"category-medio-ambiente-la-comarca","14":"category-politica-la-comarca","15":"category-seccion","16":"category-sucesos-la-comarca","17":"category-ventana","18":"tag-cheste-2","19":"tag-dana-2","20":"tag-diputacio-de-valencia","21":"tag-la-hoya-de-bunol-chiva"},"_links":{"self":[{"href":"https:\/\/www.tucomarca.com\/wordpress\/segunda\/wp-json\/wp\/v2\/posts\/283493","targetHints":{"allow":["GET"]}}],"collection":[{"href":"https:\/\/www.tucomarca.com\/wordpress\/segunda\/wp-json\/wp\/v2\/posts"}],"about":[{"href":"https:\/\/www.tucomarca.com\/wordpress\/segunda\/wp-json\/wp\/v2\/types\/post"}],"author":[{"embeddable":true,"href":"https:\/\/www.tucomarca.com\/wordpress\/segunda\/wp-json\/wp\/v2\/users\/12"}],"replies":[{"embeddable":true,"href":"https:\/\/www.tucomarca.com\/wordpress\/segunda\/wp-json\/wp\/v2\/comments?post=283493"}],"version-history":[{"count":0,"href":"https:\/\/www.tucomarca.com\/wordpress\/segunda\/wp-json\/wp\/v2\/posts\/283493\/revisions"}],"wp:featuredmedia":[{"embeddable":true,"href":"https:\/\/www.tucomarca.com\/wordpress\/segunda\/wp-json\/wp\/v2\/media\/283472"}],"wp:attachment":[{"href":"https:\/\/www.tucomarca.com\/wordpress\/segunda\/wp-json\/wp\/v2\/media?parent=283493"}],"wp:term":[{"taxonomy":"category","embeddable":true,"href":"https:\/\/www.tucomarca.com\/wordpress\/segunda\/wp-json\/wp\/v2\/categories?post=283493"},{"taxonomy":"post_tag","embeddable":true,"href":"https:\/\/www.tucomarca.com\/wordpress\/segunda\/wp-json\/wp\/v2\/tags?post=283493"}],"curies":[{"name":"wp","href":"https:\/\/api.w.org\/{rel}","templated":true}]}}