{"id":283625,"date":"2025-10-27T10:30:00","date_gmt":"2025-10-27T08:30:00","guid":{"rendered":"https:\/\/www.tucomarca.com\/wordpress\/segunda\/?p=283625"},"modified":"2025-10-27T20:54:49","modified_gmt":"2025-10-27T18:54:49","slug":"mompo-anuncia-20-millones-para-reforzar-la-prevencion-de-catastrofes-en-los-municipios-valencianos","status":"publish","type":"post","link":"https:\/\/www.tucomarca.com\/wordpress\/segunda\/mompo-anuncia-20-millones-para-reforzar-la-prevencion-de-catastrofes-en-los-municipios-valencianos\/","title":{"rendered":"Momp\u00f3 anuncia 20 millones para reforzar la prevenci\u00f3n de cat\u00e1strofes en los municipios valencianos"},"content":{"rendered":"\n<h3 class=\"wp-block-heading\">El presidente de la Diputaci\u00f3 de Val\u00e8ncia, Vicent Momp\u00f3, ha avanzado en el Nueva Econom\u00eda F\u00f3rum unas nuevas ayudas para actualizar los planes de emergencia, adquirir infraestructuras o formar a la poblaci\u00f3n, entre otras.<\/h3>\n\n\n\n<h3 class=\"wp-block-heading\">Momp\u00f3: \u201cLa seguridad de nuestros vecinos y vecinas es y continuar\u00e1 siendo nuestra prioridad absoluta\u201d.<\/h3>\n\n\n\n<p>El presidente de la Diputaci\u00f3 de Val\u00e8ncia, Vicent Momp\u00f3 ha anunciado unas ayudas para que los municipios valencianos refuercen la prevenci\u00f3n de cat\u00e1strofes por valor de 20 millones de euros. \u201cSe trata de inversiones para elaborar, revisar y actualizar planes de emergencia, adquirir hidrantes, sistemas de detecci\u00f3n y de alerta semiautom\u00e1tica, grupos electr\u00f3genos o veh\u00edculos todoterreno, as\u00ed como impulsar cursos de formaci\u00f3n para la ciudadan\u00eda\u201d, ha detallado Momp\u00f3.<\/p>\n\n\n\n<p>Concretamente, las ayudas van destinas a la elaboraci\u00f3n, revisi\u00f3n o actualizaci\u00f3n del Plan Territorial Municipal frente a Emergencias (PMT), y los planes frente a riesgos concretos que afecten a los municipios como inundaciones, incendios forestales y riesgos s\u00edsmicos, as\u00ed como de seguridad en playas. Tambi\u00e9n se subvencionar\u00e1 la compra e instalaci\u00f3n de hidrantes,&nbsp; bombas de achique de agua y de grupos electr\u00f3genos; la compra de veh\u00edculos todoterreno y de maquinaria destinada al desbroce y biotrituradoras; y la adquisici\u00f3n e instalaci\u00f3n de Sistemas de Detecci\u00f3n Temprana, especialmente para el riesgo por incendios forestales: sensores t\u00e9rmicos y de gases, c\u00e1maras t\u00e9rmicas y de videovigilancia, drones de vigilancia y primera detecci\u00f3n, sistema de tratamiento de esta informaci\u00f3n para lanzamiento semiautom\u00e1tico de alertas integrados o conectados y coordinados con el 112.<\/p>\n\n\n\n<p>Igualmente, las ayudas van destinadas a la habilitaci\u00f3n de helisuperficies para uso de emergencias; identificaci\u00f3n, se\u00f1alizaci\u00f3n, adaptaci\u00f3n y mantenimiento de v\u00edas de evacuaci\u00f3n estrat\u00e9gicas, especialmente para incendios forestales y en zonas de gran afluencia de p\u00fablico como parajes naturales municipales, zonas de ba\u00f1o interior, etc; mejora de la accesibilidad y operativa de los medios de extinci\u00f3n o de emergencias; estudios y ejecuci\u00f3n de mejoras en el Sistema de Drenaje Urbano Sostenible (SUD\u2019s) para reducir el impacto de lluvias torrenciales; identificaci\u00f3n y habilitaci\u00f3n de espacios frescos y adquisici\u00f3n de elementos que permitan a la poblaci\u00f3n afrontar con mayores garant\u00edas olas de calor, entre otras.&nbsp;<\/p>\n\n\n\n<p>Sobre la formaci\u00f3n, las inversiones ir\u00e1n dirigidas a la capacitaci\u00f3n en organizaci\u00f3n y respuesta ante emergencias de funcionarios municipales, grupos de Protecci\u00f3n Civil y poblaci\u00f3n en general, con realizaci\u00f3n de simulacros peri\u00f3dicos, y a las acciones de formaci\u00f3n en autoprotecci\u00f3n en centros educativos y centros de mayores o poblaci\u00f3n vulnerable.<\/p>\n\n\n\n<p>Momp\u00f3 ha revelado estas nuevas ayudas en el espacio de debate Nueva Econom\u00eda F\u00f3rum al que han asistido las vicepresidentas, las diputadas y los diputados de la corporaci\u00f3n provincial, as\u00ed como representantes del resto de administraciones y de la sociedad civil valenciana. El presidente ha hecho un sucinto repaso al trabajo de la Diputaci\u00f3n tras la dana: \u201cm\u00e1s de 150 millones de euros ejecutados, 1.100 kil\u00f3metros de carreteras reconstruidas, 29 puentes restablecidos, 1.400 equipos inform\u00e1ticos repuestos, 43 veh\u00edculos entregados a ayuntamientos, m\u00e1s de 670 toneladas de ca\u00f1as retiradas de nuestras playas, una inversi\u00f3n de m\u00e1s de 10 millones de euros para que los municipios puedan contratar personal cualificado y garantizar que cada euro recibido se traduzca en proyectos reales\u2026\u201d<\/p>\n\n\n\n<p>No obstante, ha asegurado, \u201cno podemos quedarnos ah\u00ed porque queda mucho trabajo por hacer y porque la seguridad de nuestras vecinas y de nuestros vecinos nos importa. Esa es y continuar\u00e1 siendo nuestra prioridad absoluta\u201d. \u201cLa pol\u00edtica \u00fatil es la que sirve a la gente, la que no busca confrontaciones, la que busca soluciones\u201d, ha advertido.<\/p>\n\n\n\n<p>En este sentido, aparte de la reconstrucci\u00f3n en las poblaciones afectadas por la dana, Momp\u00f3 ha se\u00f1alado como uno de los retos \u201cm\u00e1s urgentes y graves\u201d la falta de vivienda y ha avanzado que \u201cestamos mirando si podemos sacar a p\u00fablica subasta para la construcci\u00f3n de viviendas VPO dirigidas a las futuras generaciones algunos de los solares que tenemos en el Cap i Casal\u201d. \u201cQueremos actuar y aportar soluciones concretas\u201d, ha subrayado, a pesar de que la corporaci\u00f3n provincial no tiene competencia directa en esta materia.&nbsp;<\/p>\n","protected":false},"excerpt":{"rendered":"<div class=\"mh-excerpt\">El presidente de la Diputaci\u00f3 de Val\u00e8ncia, Vicent Momp\u00f3, ha avanzado en el Nueva Econom\u00eda F\u00f3rum unas nuevas ayudas para actualizar los planes de emergencia, adquirir infraestructuras o formar a la poblaci\u00f3n, entre otras. Momp\u00f3: <a class=\"mh-excerpt-more\" href=\"https:\/\/www.tucomarca.com\/wordpress\/segunda\/mompo-anuncia-20-millones-para-reforzar-la-prevencion-de-catastrofes-en-los-municipios-valencianos\/\" title=\"Momp\u00f3 anuncia 20 millones para reforzar la prevenci\u00f3n de cat\u00e1strofes en los municipios valencianos\">[+] <\/a><\/div>\n","protected":false},"author":12,"featured_media":283628,"comment_status":"open","ping_status":"open","sticky":false,"template":"","format":"standard","meta":{"footnotes":""},"categories":[21465,128,8,72,117,142,3,116,45],"tags":[3677,23244,16561],"class_list":{"0":"post-283625","1":"post","2":"type-post","3":"status-publish","4":"format-standard","5":"has-post-thumbnail","7":"category-dana","8":"category-infraestructuras","9":"category-la-comarca","10":"category-sin-categorizar","11":"category-medio-ambiente-la-comarca","12":"category-politica-la-comarca","13":"category-seccion","14":"category-sucesos-la-comarca","15":"category-ventana","16":"tag-diputacio-de-valencia","17":"tag-prevencion-de-catastrofes","18":"tag-vicente-mompo"},"_links":{"self":[{"href":"https:\/\/www.tucomarca.com\/wordpress\/segunda\/wp-json\/wp\/v2\/posts\/283625","targetHints":{"allow":["GET"]}}],"collection":[{"href":"https:\/\/www.tucomarca.com\/wordpress\/segunda\/wp-json\/wp\/v2\/posts"}],"about":[{"href":"https:\/\/www.tucomarca.com\/wordpress\/segunda\/wp-json\/wp\/v2\/types\/post"}],"author":[{"embeddable":true,"href":"https:\/\/www.tucomarca.com\/wordpress\/segunda\/wp-json\/wp\/v2\/users\/12"}],"replies":[{"embeddable":true,"href":"https:\/\/www.tucomarca.com\/wordpress\/segunda\/wp-json\/wp\/v2\/comments?post=283625"}],"version-history":[{"count":0,"href":"https:\/\/www.tucomarca.com\/wordpress\/segunda\/wp-json\/wp\/v2\/posts\/283625\/revisions"}],"wp:featuredmedia":[{"embeddable":true,"href":"https:\/\/www.tucomarca.com\/wordpress\/segunda\/wp-json\/wp\/v2\/media\/283628"}],"wp:attachment":[{"href":"https:\/\/www.tucomarca.com\/wordpress\/segunda\/wp-json\/wp\/v2\/media?parent=283625"}],"wp:term":[{"taxonomy":"category","embeddable":true,"href":"https:\/\/www.tucomarca.com\/wordpress\/segunda\/wp-json\/wp\/v2\/categories?post=283625"},{"taxonomy":"post_tag","embeddable":true,"href":"https:\/\/www.tucomarca.com\/wordpress\/segunda\/wp-json\/wp\/v2\/tags?post=283625"}],"curies":[{"name":"wp","href":"https:\/\/api.w.org\/{rel}","templated":true}]}}