{"id":283652,"date":"2025-10-27T09:10:00","date_gmt":"2025-10-27T07:10:00","guid":{"rendered":"https:\/\/www.tucomarca.com\/wordpress\/segunda\/?p=283652"},"modified":"2025-10-27T21:24:44","modified_gmt":"2025-10-27T19:24:44","slug":"un-accidente-multiple-en-la-n-330-a-la-altura-de-jalance-se-salda-con-varios-heridos","status":"publish","type":"post","link":"https:\/\/www.tucomarca.com\/wordpress\/segunda\/un-accidente-multiple-en-la-n-330-a-la-altura-de-jalance-se-salda-con-varios-heridos\/","title":{"rendered":"Un accidente m\u00faltiple en la N-330 a la altura de Jalance se salda con varios heridos"},"content":{"rendered":"\n<p>Este domingo por la tarde, alrededor de las <strong>16,05 horas<\/strong>, se ha producido un <strong>accidente de tr\u00e1fico en la N-330<\/strong>, a la altura del t\u00e9rmino municipal de <strong>Jalance<\/strong>, en el que se han visto implicados <strong>tres veh\u00edculos<\/strong>.<\/p>\n\n\n\n<p>Hasta el lugar del siniestro se han desplazado <strong>dotaciones y mando de los parques de bomberos voluntarios de Cofrentes y Ayora<\/strong>, pertenecientes al <strong>Consorcio Provincial de Bomberos de Valencia<\/strong>.<\/p>\n\n\n\n<p>Afortunadamente, <strong>no hubo personas atrapadas<\/strong> en los veh\u00edculos, aunque s\u00ed se registraron <strong>varios heridos<\/strong>, que fueron atendidos en el lugar por los <strong>servicios sanitarios de la Generalitat Valenciana<\/strong>.<\/p>\n\n\n\n<p>Los bomberos trabajaron en la <strong>eliminaci\u00f3n de riesgos<\/strong> derivados del accidente, asegurando los veh\u00edculos y la v\u00eda para evitar incendios o nuevos incidentes, adem\u00e1s de <strong>colaborar con el personal sanitario<\/strong> en la atenci\u00f3n y traslado de los afectados.<\/p>\n\n\n\n<p>La circulaci\u00f3n en la zona se vio afectada durante varios minutos mientras se realizaban las labores de emergencia y limpieza de la calzada. Las causas del accidente est\u00e1n siendo investigadas.<\/p>\n","protected":false},"excerpt":{"rendered":"<div class=\"mh-excerpt\">Este domingo por la tarde, alrededor de las 16,05 horas, se ha producido un accidente de tr\u00e1fico en la N-330, a la altura del t\u00e9rmino municipal de Jalance, en el que se han visto implicados <a class=\"mh-excerpt-more\" href=\"https:\/\/www.tucomarca.com\/wordpress\/segunda\/un-accidente-multiple-en-la-n-330-a-la-altura-de-jalance-se-salda-con-varios-heridos\/\" title=\"Un accidente m\u00faltiple en la N-330 a la altura de Jalance se salda con varios heridos\">[+] <\/a><\/div>\n","protected":false},"author":12,"featured_media":283658,"comment_status":"open","ping_status":"open","sticky":false,"template":"","format":"standard","meta":{"footnotes":""},"categories":[38,230,8,3,116,45],"tags":[264,10540,10684,23050],"class_list":{"0":"post-283652","1":"post","2":"type-post","3":"status-publish","4":"format-standard","5":"has-post-thumbnail","7":"category-ayora-cofrentes","8":"category-jalance","9":"category-la-comarca","10":"category-seccion","11":"category-sucesos-la-comarca","12":"category-ventana","13":"tag-accidente","14":"tag-ayora-cofrentes","15":"tag-jalance","16":"tag-n-330-2"},"_links":{"self":[{"href":"https:\/\/www.tucomarca.com\/wordpress\/segunda\/wp-json\/wp\/v2\/posts\/283652","targetHints":{"allow":["GET"]}}],"collection":[{"href":"https:\/\/www.tucomarca.com\/wordpress\/segunda\/wp-json\/wp\/v2\/posts"}],"about":[{"href":"https:\/\/www.tucomarca.com\/wordpress\/segunda\/wp-json\/wp\/v2\/types\/post"}],"author":[{"embeddable":true,"href":"https:\/\/www.tucomarca.com\/wordpress\/segunda\/wp-json\/wp\/v2\/users\/12"}],"replies":[{"embeddable":true,"href":"https:\/\/www.tucomarca.com\/wordpress\/segunda\/wp-json\/wp\/v2\/comments?post=283652"}],"version-history":[{"count":0,"href":"https:\/\/www.tucomarca.com\/wordpress\/segunda\/wp-json\/wp\/v2\/posts\/283652\/revisions"}],"wp:featuredmedia":[{"embeddable":true,"href":"https:\/\/www.tucomarca.com\/wordpress\/segunda\/wp-json\/wp\/v2\/media\/283658"}],"wp:attachment":[{"href":"https:\/\/www.tucomarca.com\/wordpress\/segunda\/wp-json\/wp\/v2\/media?parent=283652"}],"wp:term":[{"taxonomy":"category","embeddable":true,"href":"https:\/\/www.tucomarca.com\/wordpress\/segunda\/wp-json\/wp\/v2\/categories?post=283652"},{"taxonomy":"post_tag","embeddable":true,"href":"https:\/\/www.tucomarca.com\/wordpress\/segunda\/wp-json\/wp\/v2\/tags?post=283652"}],"curies":[{"name":"wp","href":"https:\/\/api.w.org\/{rel}","templated":true}]}}