{"id":283671,"date":"2025-10-28T10:15:00","date_gmt":"2025-10-28T08:15:00","guid":{"rendered":"https:\/\/www.tucomarca.com\/wordpress\/segunda\/?p=283671"},"modified":"2025-10-28T23:57:29","modified_gmt":"2025-10-28T21:57:29","slug":"la-diputacio-reconoce-el-trabajo-el-talento-y-la-fuerza-de-12-mujeres-rurales-de-municipios-afectados-por-la-dana","status":"publish","type":"post","link":"https:\/\/www.tucomarca.com\/wordpress\/segunda\/la-diputacio-reconoce-el-trabajo-el-talento-y-la-fuerza-de-12-mujeres-rurales-de-municipios-afectados-por-la-dana\/","title":{"rendered":"La Diputaci\u00f3 reconoce el trabajo, el talento y la fuerza de 12 mujeres rurales de municipios afectados por la dana"},"content":{"rendered":"\n<h3 class=\"wp-block-heading\">El presidente, Vicent Momp\u00f3, y la vicepresidenta primera, Nat\u00e0lia Enguix, entregan los premios \u2018Hacemos que las Mujeres Cuenten\u2019, organizados por el \u00e1rea de Igualdad y la Federaci\u00f3n de Asociaciones de Mujeres Rurales.<\/h3>\n\n\n\n<h3 class=\"wp-block-heading\">Nat\u00e0lia Enguix, responsable de Igualdad: \u201cEste proyecto, ya consolidado, es un humilde homenaje que hacemos junto a Fademur a mujeres referentes y emprendedoras que son protagonistas en el d\u00eda a d\u00eda de sus municipios\u201d.<\/h3>\n\n\n\n<h3 class=\"wp-block-heading\">Momp\u00f3 destaca el \u201cliderazgo femenino en nuestros pueblos y comarcas\u201d. Entre las premiadas, la polic\u00eda Laura Cervera, la actriz Maruja Riera, la ingeniera Paula Nuevalos, la futbolista Laia Alepuz, la matrona Amparo Navarro y la creadora de Albufera Natural Experience, Carola Felip.<\/h3>\n\n\n\n<p>La Diputaci\u00f3n de Valencia ha reconocido este lunes el trabajo, el talento y la fuerza de 12 mujeres rurales en la cuarta edici\u00f3n de los premios \u2018Hacemos que las Mujeres Cuenten\u2019, una iniciativa del \u00e1rea provincial de Igualdad y FADEMUR. El presidente, Vicent Momp\u00f3, y la vicepresidenta primera, Nat\u00e0lia Enguix, han coincidido en destacar \u201cel trabajo silencioso y la implicaci\u00f3n personal de mujeres que, con su coraje, mantienen vivos nuestros pueblos, en este caso municipios afectados por la dana\u201d. Ambos han participado en la entrega de los reconocimientos junto a Amparo Mart\u00ednez, presidenta de la Federaci\u00f3n de Asociaciones de Mujeres Rurales.<\/p>\n\n\n\n<p>La vicepresidenta Enguix, responsable de Igualdad, ha abierto el acto celebrado en la Benefic\u00e8ncia poniendo en valor \u201cla fuerza vital, emprendedora, inspiradora y valiente de las mujeres protagonistas de estos reconocimientos y del d\u00eda a d\u00eda en sus pueblos\u201d. Nat\u00e0lia Enguix ha se\u00f1alado que en esta cuarta edici\u00f3n se ha querido premiar el trabajo de mujeres de municipios afectados por la riada, visibilizando \u201chistorias de vida que merecen ser contadas y que ejercen un papel fundamental en el desarrollo econ\u00f3mico, social y cultural de sus municipios\u201d.<\/p>\n\n\n\n<figure class=\"wp-block-image size-large\"><img loading=\"lazy\" decoding=\"async\" width=\"1024\" height=\"691\" src=\"https:\/\/www.tucomarca.com\/wordpress\/segunda\/wp-content\/uploads\/2025\/10\/DipuMujerRuralEnguix-1024x691.jpg\" alt=\"\" class=\"wp-image-283678\" srcset=\"https:\/\/www.tucomarca.com\/wordpress\/segunda\/wp-content\/uploads\/2025\/10\/DipuMujerRuralEnguix-1024x691.jpg 1024w, https:\/\/www.tucomarca.com\/wordpress\/segunda\/wp-content\/uploads\/2025\/10\/DipuMujerRuralEnguix-300x202.jpg 300w, https:\/\/www.tucomarca.com\/wordpress\/segunda\/wp-content\/uploads\/2025\/10\/DipuMujerRuralEnguix-768x518.jpg 768w, https:\/\/www.tucomarca.com\/wordpress\/segunda\/wp-content\/uploads\/2025\/10\/DipuMujerRuralEnguix.jpg 1181w\" sizes=\"auto, (max-width: 1024px) 100vw, 1024px\" \/><\/figure>\n\n\n\n<p>Mujeres como la pescadora de Sollana Carola Felip; la subcampeona mundial de Crossfit Raquel Oliver, natural de Albalat de la Ribera; la futbolista de Almussafes Laia Alepuz; la emprendedora de Benimuslem Estela Moreno; la matrona Amparo Navarro, ex alcaldesa de Aldaia; la polic\u00eda local de Paiporta Laura Cervera; la farmac\u00e9utica de Massanassa Mar\u00eda Wanda; la agente de desarrollo local de Calles M\u00aa Jos\u00e9 Esteban; la agricultora de Tu\u00e9jar Aitana Camps; la comunicadora de Gestalgar Clementina Domingo; la actriz de Ll\u00edria Maruja Riera; y la joven ingeniera Paula Nuevalos, quien dirige su propia explotaci\u00f3n agr\u00edcola en Utiel.<\/p>\n\n\n\n<p>A todas ellas, reconocidas en la cuarta edici\u00f3n de \u2018Hacemos que las Mujeres Cuenten\u2019, se ha dirigido el presidente Momp\u00f3: \u201chab\u00e9is hecho grande vuestro entorno, apostando por vuestros pueblos mientras otras y otros prefieren marcharse, demostrando que desde el \u00e1mbito de lo peque\u00f1o se puede iniciar el cambio hacia algo m\u00e1s grande\u201d. \u201cSois el orgullo de vuestras comarcas y el espejo donde mirarse para entender que el futuro tambi\u00e9n habla en femenino\u201d, ha expresado Momp\u00f3, quien ha agradecido a Fademur \u201cel trabajo por una igualdad real que a\u00fan est\u00e1 lejos de alcanzarse en sectores como el campo, donde solo el 3,6% de las mujeres son cotitulares de explotaciones agr\u00edcolas con sus parejas\u201d.<\/p>\n\n\n\n<p><strong>Referentes y emprendedoras<\/strong><\/p>\n\n\n\n<p>La vicepresidenta Enguix tambi\u00e9n se ha dirigido a las grandes protagonistas de la gala antes de conocer una por una sus historias. Y lo ha hecho manteniendo la sorpresa que ha acompa\u00f1ado a las homenajeadas hasta el momento en que han escuchado su nombre. \u201cA pesar de las barreras que seguimos teniendo las mujeres por el simple hecho de serlo, hab\u00e9is destacado por vuestra implicaci\u00f3n social o pol\u00edtica; hab\u00e9is impulsado el tejido asociativo de vuestros territorios, accediendo a cargos de responsabilidad y toma de decisiones que estaban en manos de hombres; y hab\u00e9is creado empresas, investigado, educado y tenido una trayectoria vital o deportiva de lucha y sacrificio\u201d.<\/p>\n\n\n\n<p>Las palabras de la diputada de Igualdad han servido para introducir el momento \u00e1lgido de la gala, con la entrega de los reconocimientos. La primera en subir al escenario de la sala Alfons el Magn\u00e0nim ha sido Carola Felip, la pescadora de Sollana, \u00fanica mujer en activo que faena en la Albufera, que cumpli\u00f3 el sue\u00f1o de crear junto a su marido el proyecto Albufera Natural Experience, recorriendo cada d\u00eda el parque natural y explicando sus tesoros a quien lo visita. Tras ella han sido reconocidas dos deportistas, tambi\u00e9n de la Ribera Baixa: la subcampeona del mundo de Crossfit Raquel Oliver, natural de Albalat de la Ribera, y la futbolista de Almussafes Laia Alepuz, a quien su salto al primer equipo del Valencia CF le ha abierto las puertas de la Selecci\u00f3n sub-17.<\/p>\n\n\n\n<p>En la Ribera Alta, Estela Moreno destaca por la visi\u00f3n innovadora que ha transmitido al negocio familiar en Benimuslem, donde participa activamente en el tejido asociativo y cultural del municipio. De ah\u00ed saltamos a l\u2019Horta Sud, donde Fademur ha seleccionado las historias vitales de la matrona Amparo Navarro, alcaldesa de Aldaia entre 1997 y 2011, per\u00edodo en el que impuls\u00f3 pol\u00edticas pioneras en servicios sociales, accesibilidad e igualdad; la agente de la Polic\u00eda Local de Paiporta Laura Cervera, primera mujer con el rango de oficial en los 52 a\u00f1os de historia del cuerpo; y la farmac\u00e9utica de Massanassa Mar\u00eda Wanda, que participa activamente en la vida social del pueblo, con cargos como el de presidenta de la Junta Local Fallera.<\/p>\n\n\n\n<p>En la Serran\u00eda encontramos a otras tres mujeres referentes, empezando por la agente de ocupaci\u00f3n y desarrollo local M\u00aa Jos\u00e9 Esteban, que dej\u00f3 atr\u00e1s la ciudad para cumplir su sue\u00f1o de vivir en Calles, donde ha impulsado el Merendero Marina. Aitana Camps tambi\u00e9n demuestra su implicaci\u00f3n con el medio rural y el desarrollo de los peque\u00f1os municipios desde Tu\u00e9jar, en su caso como gerente del Grupo de Acci\u00f3n Local Turia-Calderona. Junto a ellas ha sido reconocida la comunicadora de Gestalgar Clementina Domingo, que da voz a los pueblos de la comarca en el podcast \u2018Los Domingos en Marte\u2019 que dirige junto a su padre.<\/p>\n\n\n\n<p>Dos mujeres m\u00e1s, pertenecientes a generaciones muy distintas, se han sumado al elenco de la presente edici\u00f3n de los reconocimientos. Maruja Riera tiene 87 a\u00f1os y naci\u00f3 en Ll\u00edria, desde donde ha proyectado una trayectoria dedicada al asociacionismo, la cultura y la promoci\u00f3n de la mujer, destacando como actriz en zarzuelas y teatro e integrante de distintos coros y agrupaciones musicales. Paula Nuevalos, a sus 27 a\u00f1os, se ha convertido en referente en la visibilidad de la mujer en el sector agr\u00edcola, dejando su carrera como ingeniera para volver a Utiel y encargarse de una explotaci\u00f3n rural con una visi\u00f3n innovadora y sostenible.<\/p>\n\n\n\n<p><strong>Esp\u00edritu de lucha<\/strong><\/p>\n\n\n\n<p>La presidenta de Fademur, Amparo Mart\u00ednez, ha agradecido \u201cla ayuda que siempre nos presta la Diputaci\u00f3n y que ha permitido consolidar estos reconocimientos\u201d, al tiempo que ha destacado \u201cel esp\u00edritu de lucha que acompa\u00f1a a la mujer y, muy especialmente, a las mujeres rurales, acostumbradas a sobreponerse a los retos y obst\u00e1culos de un entorno masculinizado\u201d.<\/p>\n\n\n\n<p>En un acto que ha contado con la asistencia de la vicepresidenta segunda de la Diputaci\u00f3n, Reme Mazzolari, los diputados Ricardo Gabald\u00f3n, Paco Comes y Paco Teruel, la diputada Empar Folgado, alcaldes y alcaldesas, representantes de las corporaciones locales e integrantes de Fademur, Nat\u00e0lia Enguix ha concluido que \u201csi algo tenemos muy claro las mujeres es ese esp\u00edritu de lucha ante la adversidad, de cuidar a los que sufren y de hacer m\u00e1s habitables nuestros pueblos y ciudades; cualidades todas que han cobrado especial relevancia con una dana que ha puesto de manifiesto nuestra vulnerabilidad y la necesidad de que todas y todos actuemos juntos para recuperar la normalidad y estar mejor preparados ante futuras cat\u00e1strofes\u201d.&nbsp;<\/p>\n","protected":false},"excerpt":{"rendered":"<div class=\"mh-excerpt\">El presidente, Vicent Momp\u00f3, y la vicepresidenta primera, Nat\u00e0lia Enguix, entregan los premios \u2018Hacemos que las Mujeres Cuenten\u2019, organizados por el \u00e1rea de Igualdad y la Federaci\u00f3n de Asociaciones de Mujeres Rurales. Nat\u00e0lia Enguix, responsable <a class=\"mh-excerpt-more\" href=\"https:\/\/www.tucomarca.com\/wordpress\/segunda\/la-diputacio-reconoce-el-trabajo-el-talento-y-la-fuerza-de-12-mujeres-rurales-de-municipios-afectados-por-la-dana\/\" title=\"La Diputaci\u00f3 reconoce el trabajo, el talento y la fuerza de 12 mujeres rurales de municipios afectados por la dana\">[+] <\/a><\/div>\n","protected":false},"author":12,"featured_media":283676,"comment_status":"open","ping_status":"open","sticky":false,"template":"","format":"standard","meta":{"footnotes":""},"categories":[190,46,21465,193,8,72,47,59,142,27,3,134,29,45],"tags":[1327,10395,12831,3677,10446,10396,10400,9362,10387,10413,10389],"class_list":{"0":"post-283671","1":"post","2":"type-post","3":"status-publish","4":"format-standard","5":"has-post-thumbnail","7":"category-calles","8":"category-camp-de-turia","9":"category-dana","10":"category-gestalgar","11":"category-la-comarca","12":"category-sin-categorizar","13":"category-lliria","14":"category-los-serranos","15":"category-politica-la-comarca","16":"category-requena-utiel","17":"category-seccion","18":"category-tuejar","19":"category-utiel","20":"category-ventana","21":"tag-calles-2","22":"tag-camp-de-turia","23":"tag-dana-2","24":"tag-diputacio-de-valencia","25":"tag-gestalgar","26":"tag-lliria","27":"tag-los-serranos","28":"tag-mujer-rural","29":"tag-requena-utiel","30":"tag-tuejar","31":"tag-utiel"},"_links":{"self":[{"href":"https:\/\/www.tucomarca.com\/wordpress\/segunda\/wp-json\/wp\/v2\/posts\/283671","targetHints":{"allow":["GET"]}}],"collection":[{"href":"https:\/\/www.tucomarca.com\/wordpress\/segunda\/wp-json\/wp\/v2\/posts"}],"about":[{"href":"https:\/\/www.tucomarca.com\/wordpress\/segunda\/wp-json\/wp\/v2\/types\/post"}],"author":[{"embeddable":true,"href":"https:\/\/www.tucomarca.com\/wordpress\/segunda\/wp-json\/wp\/v2\/users\/12"}],"replies":[{"embeddable":true,"href":"https:\/\/www.tucomarca.com\/wordpress\/segunda\/wp-json\/wp\/v2\/comments?post=283671"}],"version-history":[{"count":0,"href":"https:\/\/www.tucomarca.com\/wordpress\/segunda\/wp-json\/wp\/v2\/posts\/283671\/revisions"}],"wp:featuredmedia":[{"embeddable":true,"href":"https:\/\/www.tucomarca.com\/wordpress\/segunda\/wp-json\/wp\/v2\/media\/283676"}],"wp:attachment":[{"href":"https:\/\/www.tucomarca.com\/wordpress\/segunda\/wp-json\/wp\/v2\/media?parent=283671"}],"wp:term":[{"taxonomy":"category","embeddable":true,"href":"https:\/\/www.tucomarca.com\/wordpress\/segunda\/wp-json\/wp\/v2\/categories?post=283671"},{"taxonomy":"post_tag","embeddable":true,"href":"https:\/\/www.tucomarca.com\/wordpress\/segunda\/wp-json\/wp\/v2\/tags?post=283671"}],"curies":[{"name":"wp","href":"https:\/\/api.w.org\/{rel}","templated":true}]}}