{"id":283740,"date":"2025-10-28T13:00:00","date_gmt":"2025-10-28T11:00:00","guid":{"rendered":"https:\/\/www.tucomarca.com\/wordpress\/segunda\/?p=283740"},"modified":"2025-10-29T00:31:28","modified_gmt":"2025-10-28T22:31:28","slug":"el-consell-amplia-a-40-millones-de-euros-el-presupuesto-de-las-ayudas-para-la-reactivacion-economica-de-los-municipios-afectados-por-la-dana","status":"publish","type":"post","link":"https:\/\/www.tucomarca.com\/wordpress\/segunda\/el-consell-amplia-a-40-millones-de-euros-el-presupuesto-de-las-ayudas-para-la-reactivacion-economica-de-los-municipios-afectados-por-la-dana\/","title":{"rendered":"El Consell ampl\u00eda a 40 millones de euros el presupuesto de las ayudas para la reactivaci\u00f3n econ\u00f3mica de los municipios afectados por la DANA"},"content":{"rendered":"\n<h3 class=\"wp-block-heading\">Estas ayudas apoyan los gastos corrientes de personas emprendedoras, empresas y cooperativas afectadas e impulsan el emprendimiento.<\/h3>\n\n\n\n<h3 class=\"wp-block-heading\">Es la segunda ampliaci\u00f3n de presupuesto de unas ayudas que se publicaron en el mes de julio con una dotaci\u00f3n inicial de 5 millones de euros.<\/h3>\n\n\n\n<h3 class=\"wp-block-heading\">La ampliaci\u00f3n de presupuesto se enmarca en la necesidad de dar una respuesta inmediata y eficaz para no poner en riesgo la recuperaci\u00f3n de las zonas afectadas.<\/h3>\n\n\n\n<p>El Consell ha aprobado el decreto por el que se aprueban las bases reguladoras y el procedimiento de concesi\u00f3n directa de las ayudas urgentes para la reactivaci\u00f3n econ\u00f3mica en los municipios afectados por la dana.&nbsp;<\/p>\n\n\n\n<p>El decreto establece una ampliaci\u00f3n de presupuesto de las ayudas para la reactivaci\u00f3n econ\u00f3mica, que reciben el nombre de EMDANA, que pasa de 20 a 40 millones de euros.&nbsp;Estas subvenciones apoyan los gastos corrientes de personas aut\u00f3nomas, sociedades mercantiles y cooperativas que dispongan de un centro de trabajo en alguno de los municipios afectados por la riada.&nbsp;<\/p>\n\n\n\n<p>Con estas ayudas, la Generalitat apoya tanto a aquellas empresas que ya estaban en funcionamiento el 29 de octubre de 2024 y que han reiniciado la actividad tras sufrir da\u00f1os, como a aquellas nuevas iniciativas empresariales puestas en marcha tras esa fecha en los municipios afectados. &nbsp;<\/p>\n\n\n\n<p>La primera convocatoria de estas ayudas se public\u00f3 el 24 de julio de 2025, con un plazo de solicitud del 15 de septiembre hasta el 15 de octubre. La elevada demanda de solicitudes ha motivado dos ampliaciones de presupuesto. Una primera ampliaci\u00f3n en la que se pas\u00f3 de 5 a 20 millones de euros y una segunda ampliaci\u00f3n, a trav\u00e9s del presente decreto, con la que se alcanzan los 40 millones de euros.&nbsp;<\/p>\n\n\n\n<p>La ampliaci\u00f3n de presupuesto se enmarca en la necesidad de dar una respuesta inmediata y eficaz para no poner en riesgo la recuperaci\u00f3n de las zonas afectadas.<\/p>\n\n\n\n<p>Estas subvenciones se conceden de manera directa. Para ello, la direcci\u00f3n general de Emprendimiento e Internacionalizaci\u00f3n tramitar\u00e1 los expedientes siguiendo el sistema de adjudicaci\u00f3n previsto en la misma hasta llegar al importe m\u00e1ximo de concesi\u00f3n.&nbsp;<\/p>\n\n\n\n<p>La resoluci\u00f3n del procedimiento de concesi\u00f3n se publicar\u00e1 en el Diario Oficial de la Generalitat y en la p\u00e1gina web de la Conselleria de Innovaci\u00f3n, Industria, Comercio y Turismo.&nbsp;<\/p>\n","protected":false},"excerpt":{"rendered":"<div class=\"mh-excerpt\">Estas ayudas apoyan los gastos corrientes de personas emprendedoras, empresas y cooperativas afectadas e impulsan el emprendimiento. Es la segunda ampliaci\u00f3n de presupuesto de unas ayudas que se publicaron en el mes de julio con <a class=\"mh-excerpt-more\" href=\"https:\/\/www.tucomarca.com\/wordpress\/segunda\/el-consell-amplia-a-40-millones-de-euros-el-presupuesto-de-las-ayudas-para-la-reactivacion-economica-de-los-municipios-afectados-por-la-dana\/\" title=\"El Consell ampl\u00eda a 40 millones de euros el presupuesto de las ayudas para la reactivaci\u00f3n econ\u00f3mica de los municipios afectados por la DANA\">[+] <\/a><\/div>\n","protected":false},"author":12,"featured_media":280871,"comment_status":"open","ping_status":"open","sticky":false,"template":"","format":"standard","meta":{"footnotes":""},"categories":[21465,128,8,72,117,142,3,116,45],"tags":[2163,12831,10716,15323],"class_list":{"0":"post-283740","1":"post","2":"type-post","3":"status-publish","4":"format-standard","5":"has-post-thumbnail","7":"category-dana","8":"category-infraestructuras","9":"category-la-comarca","10":"category-sin-categorizar","11":"category-medio-ambiente-la-comarca","12":"category-politica-la-comarca","13":"category-seccion","14":"category-sucesos-la-comarca","15":"category-ventana","16":"tag-consell","17":"tag-dana-2","18":"tag-generalitat-valenciana","19":"tag-gva"},"_links":{"self":[{"href":"https:\/\/www.tucomarca.com\/wordpress\/segunda\/wp-json\/wp\/v2\/posts\/283740","targetHints":{"allow":["GET"]}}],"collection":[{"href":"https:\/\/www.tucomarca.com\/wordpress\/segunda\/wp-json\/wp\/v2\/posts"}],"about":[{"href":"https:\/\/www.tucomarca.com\/wordpress\/segunda\/wp-json\/wp\/v2\/types\/post"}],"author":[{"embeddable":true,"href":"https:\/\/www.tucomarca.com\/wordpress\/segunda\/wp-json\/wp\/v2\/users\/12"}],"replies":[{"embeddable":true,"href":"https:\/\/www.tucomarca.com\/wordpress\/segunda\/wp-json\/wp\/v2\/comments?post=283740"}],"version-history":[{"count":0,"href":"https:\/\/www.tucomarca.com\/wordpress\/segunda\/wp-json\/wp\/v2\/posts\/283740\/revisions"}],"wp:featuredmedia":[{"embeddable":true,"href":"https:\/\/www.tucomarca.com\/wordpress\/segunda\/wp-json\/wp\/v2\/media\/280871"}],"wp:attachment":[{"href":"https:\/\/www.tucomarca.com\/wordpress\/segunda\/wp-json\/wp\/v2\/media?parent=283740"}],"wp:term":[{"taxonomy":"category","embeddable":true,"href":"https:\/\/www.tucomarca.com\/wordpress\/segunda\/wp-json\/wp\/v2\/categories?post=283740"},{"taxonomy":"post_tag","embeddable":true,"href":"https:\/\/www.tucomarca.com\/wordpress\/segunda\/wp-json\/wp\/v2\/tags?post=283740"}],"curies":[{"name":"wp","href":"https:\/\/api.w.org\/{rel}","templated":true}]}}