{"id":283822,"date":"2025-10-30T08:30:00","date_gmt":"2025-10-30T06:30:00","guid":{"rendered":"https:\/\/www.tucomarca.com\/wordpress\/segunda\/?p=283822"},"modified":"2025-10-30T19:26:59","modified_gmt":"2025-10-30T17:26:59","slug":"la-diputacio-aprueba-ocho-proyectos-del-pla-obert-por-valor-de-15-millones-en-la-ribera-alta","status":"publish","type":"post","link":"https:\/\/www.tucomarca.com\/wordpress\/segunda\/la-diputacio-aprueba-ocho-proyectos-del-pla-obert-por-valor-de-15-millones-en-la-ribera-alta\/","title":{"rendered":"La Diputaci\u00f3 aprueba ocho proyectos del Pla Obert por valor de 1,5 millones en la Ribera Alta"},"content":{"rendered":"\n<h3 class=\"wp-block-heading\">El decreto aprobado el 24 de octubre por el \u00e1rea de Cooperaci\u00f3n da luz verde a tres proyectos en Benifai\u00f3, dos en Sumac\u00e0rcer y uno en Massalav\u00e9s, Rafelguaraf y Sant Joanet.<\/h3>\n\n\n\n<p>El Pla Obert sigue sumando nuevos proyectos en los municipios valencianos. El \u00faltimo decreto validado por el \u00e1rea de Cooperaci\u00f3n ha aprobado ocho proyectos del plan cuatrienal de la Diputaci\u00f3 de Val\u00e8ncia por valor de 1,5 millones en cinco municipios de la Ribera Alta.&nbsp;<\/p>\n\n\n\n<p>Concretamente, en Benifai\u00f3 se han aprobado tres proyectos que suman 780.000 euros: la adaptaci\u00f3n a la normativa de evacuaci\u00f3n y mejora arquitect\u00f3nica del edificio consistorial (400.000 euros), obras de renovaci\u00f3n de la canalizaci\u00f3n de suministro de agua potable en las calles Regino Mas y Portelles (190.000 euros), y obras de reforma de la zona verde de la SAU 4 (190.000 euros).<\/p>\n\n\n\n<p>En Sumac\u00e0rcer, se ha dado el visto bueno a dos proyectos por valor de 583.191 euros: la reforma y peatonalizaci\u00f3n del paseo del Mercado y la calle Antonio Gil (302.758 euros), y la misma actuaci\u00f3n en la plaza de la Era (280.433 euros).<\/p>\n\n\n\n<p>Adem\u00e1s, en Rafelguaraf, con una inversi\u00f3n de 108.573 euros, se renovar\u00e1 la red de agua potable y aceras en la pedan\u00eda Riu Rau; en Massalav\u00e9s, por valor de 63.283 euros, se comprar\u00e1 un veh\u00edculo para la polic\u00eda local; y en Sant Joanet se acondicionar\u00e1 un solar destinado a almac\u00e9n municipal por 59.812 euros.&nbsp;<\/p>\n\n\n\n<p>En general, el decreto del 24 de octubre ha aprobado 49 proyectos, por valor de 8,1 millones, presentados por 34 ayuntamientos de 14 comarcas. As\u00ed, el principal plan inversor de la Diputaci\u00f3n roza ya las 730 solicitudes aprobadas y los 110 millones asignados del total de 350 de los que consta.<\/p>\n\n\n\n<p>Por comarcas, la Vall d\u2019Albaida es la que m\u00e1s proyectos pondr\u00e1 en marcha con el nuevo decreto, con diez iniciativas, seguida de la Ribera Alta con ocho actuaciones aprobadas. Mientras, el Camp de T\u00faria suma seis; la Safor, cuatro; el Valle Cofrentes-Ayora y la Canal de Navarr\u00e9s, tres cada una; Utiel- Requena y la Costera, dos cada una; el Rinc\u00f3n de Ademuz, el Camp de Morvedre, la Hoya de Bu\u00f1ol, l\u2019Horta Nord, l\u2019Horta Sud y la Serran\u00eda completan el listado con una iniciativa cada comarca.&nbsp; Adem\u00e1s, hay proyectos aprobados de las mancomunidades de Carraixet y de la Ribera Baixa.&nbsp;<\/p>\n\n\n\n<p>El presidente de la Diputaci\u00f3 de Val\u00e8ncia, Vicent Momp\u00f3, recalca que \u201clas inversiones del Pla Obert est\u00e1 transformando la provincia de Valencia, en cada decreto se suman nuevos proyectos que est\u00e1n repercutiendo directamente en el bienestar de la ciudadan\u00eda\u201d. \u201cEstamos trabajando de la mano de los pueblos, respetando su autonom\u00eda y dej\u00e1ndoles demostrar su eficiencia\u201d, asegura.&nbsp;<\/p>\n\n\n\n<p>Por su parte, la vicepresidenta primera de la Diputaci\u00f3n y responsable de la Diputaci\u00f3n, Nat\u00e0lia Enguix, destaca que todas estas actuaciones en la red h\u00eddrica, las zonas verdes y las instalaciones deportivas responden \u201ca la responsabilidad de los ayuntamientos, que est\u00e1n aprovechando la financiaci\u00f3n de la Diputaci\u00f3n para mejorar sus municipios\u201d. Adem\u00e1s, subraya Enguix, \u201cel Pla Obert, sin plazos, abierto a las necesidades y tiempos de cada municipio, est\u00e1 permitiendo una gran variedad de actuaciones en distintos \u00e1mbitos apostando por la sostenibilidad, la calidad de vida y la perspectiva de g\u00e9nero\u201d.<\/p>\n","protected":false},"excerpt":{"rendered":"<div class=\"mh-excerpt\">El decreto aprobado el 24 de octubre por el \u00e1rea de Cooperaci\u00f3n da luz verde a tres proyectos en Benifai\u00f3, dos en Sumac\u00e0rcer y uno en Massalav\u00e9s, Rafelguaraf y Sant Joanet. El Pla Obert sigue <a class=\"mh-excerpt-more\" href=\"https:\/\/www.tucomarca.com\/wordpress\/segunda\/la-diputacio-aprueba-ocho-proyectos-del-pla-obert-por-valor-de-15-millones-en-la-ribera-alta\/\" title=\"La Diputaci\u00f3 aprueba ocho proyectos del Pla Obert por valor de 1,5 millones en la Ribera Alta\">[+] <\/a><\/div>\n","protected":false},"author":12,"featured_media":283823,"comment_status":"open","ping_status":"open","sticky":false,"template":"","format":"standard","meta":{"footnotes":""},"categories":[267,128,8,42,142,109,3,151,45],"tags":[10460,3677,19987,10774,1407,10582],"class_list":{"0":"post-283822","1":"post","2":"type-post","3":"status-publish","4":"format-standard","5":"has-post-thumbnail","7":"category-benifaio","8":"category-infraestructuras","9":"category-la-comarca","10":"category-la-ribera","11":"category-politica-la-comarca","12":"category-rafelguaraf","13":"category-seccion","14":"category-sumacarcer","15":"category-ventana","16":"tag-benifaio","17":"tag-diputacio-de-valencia","18":"tag-pla-obert-dinversions","19":"tag-rafelguaraf","20":"tag-ribera-alta","21":"tag-sumacarcer"},"_links":{"self":[{"href":"https:\/\/www.tucomarca.com\/wordpress\/segunda\/wp-json\/wp\/v2\/posts\/283822","targetHints":{"allow":["GET"]}}],"collection":[{"href":"https:\/\/www.tucomarca.com\/wordpress\/segunda\/wp-json\/wp\/v2\/posts"}],"about":[{"href":"https:\/\/www.tucomarca.com\/wordpress\/segunda\/wp-json\/wp\/v2\/types\/post"}],"author":[{"embeddable":true,"href":"https:\/\/www.tucomarca.com\/wordpress\/segunda\/wp-json\/wp\/v2\/users\/12"}],"replies":[{"embeddable":true,"href":"https:\/\/www.tucomarca.com\/wordpress\/segunda\/wp-json\/wp\/v2\/comments?post=283822"}],"version-history":[{"count":0,"href":"https:\/\/www.tucomarca.com\/wordpress\/segunda\/wp-json\/wp\/v2\/posts\/283822\/revisions"}],"wp:featuredmedia":[{"embeddable":true,"href":"https:\/\/www.tucomarca.com\/wordpress\/segunda\/wp-json\/wp\/v2\/media\/283823"}],"wp:attachment":[{"href":"https:\/\/www.tucomarca.com\/wordpress\/segunda\/wp-json\/wp\/v2\/media?parent=283822"}],"wp:term":[{"taxonomy":"category","embeddable":true,"href":"https:\/\/www.tucomarca.com\/wordpress\/segunda\/wp-json\/wp\/v2\/categories?post=283822"},{"taxonomy":"post_tag","embeddable":true,"href":"https:\/\/www.tucomarca.com\/wordpress\/segunda\/wp-json\/wp\/v2\/tags?post=283822"}],"curies":[{"name":"wp","href":"https:\/\/api.w.org\/{rel}","templated":true}]}}