{"id":283833,"date":"2025-10-30T08:15:00","date_gmt":"2025-10-30T06:15:00","guid":{"rendered":"https:\/\/www.tucomarca.com\/wordpress\/segunda\/?p=283833"},"modified":"2025-10-30T19:50:54","modified_gmt":"2025-10-30T17:50:54","slug":"la-diputacio-aprueba-seis-nuevos-proyectos-del-pla-obert-por-valor-de-21-millones-en-camp-de-turia","status":"publish","type":"post","link":"https:\/\/www.tucomarca.com\/wordpress\/segunda\/la-diputacio-aprueba-seis-nuevos-proyectos-del-pla-obert-por-valor-de-21-millones-en-camp-de-turia\/","title":{"rendered":"La Diputaci\u00f3 aprueba seis nuevos proyectos del Pla Obert por valor de 2,1 millones en Camp de T\u00faria"},"content":{"rendered":"\n<h3 class=\"wp-block-heading\">El decreto aprobado el 24 de octubre por el \u00e1rea de Cooperaci\u00f3n da luz verde a nuevos proyectos en los municipios de B\u00e9tera, Ll\u00edria, Benissan\u00f3 y Riba-roja de T\u00faria.<\/h3>\n\n\n\n<h3 class=\"wp-block-heading\">Destaca la reforma de la Casa de la Cultura y de las gradas del campo de f\u00fatbol de B\u00e9tera, la adquisici\u00f3n del polideportivo parroquial en Benissan\u00f3 y la repavimentaci\u00f3n de calles en Ll\u00edria.<\/h3>\n\n\n\n<p>El Pla Obert de la Diputaci\u00f3 de Val\u00e8ncia sigue sumando nuevos proyectos en los municipios del Camp de T\u00faria. El \u00faltimo decreto validado por el \u00e1rea de Cooperaci\u00f3n que dirige la vicepresidenta primera Nat\u00e0lia Enguix ha aprobado seis nuevos proyectos del plan cuatrienal de la Diputaci\u00f3 de Val\u00e8ncia por valor de 2,1 millones de euros en las localidades de B\u00e9tera, Ll\u00edria, Benissan\u00f3 y Riba-roja de T\u00faria.<\/p>\n\n\n\n<p>El Ayuntamiento de B\u00e9tera ha recibido la aprobaci\u00f3n a dos de sus proyectos m\u00e1s ambiciosos. Se trata, por un lado, de la reforma de la Casa de la Cultura, para lo cual la Diputaci\u00f3n va a destinar 621.000 euros; y por otro, de la renovaci\u00f3n de las gradas del campo de f\u00fatbol 11, as\u00ed como de otras infraestructuras del polideportivo municipal, con una inversi\u00f3n de 660.000 euros.<\/p>\n\n\n\n<p>Ll\u00edria tambi\u00e9n va a poder llevar a cabo dos nuevos proyectos gracias a la financiaci\u00f3n de la corporaci\u00f3n provincial. Destaca la repavimentaci\u00f3n, con incorporaci\u00f3n de medidas de pacificaci\u00f3n del tr\u00e1fico de la v\u00eda urbana, en el Cam\u00ed de la Contienda a Sant Vicent, y en el tramo del Cam\u00ed de Ll\u00edria a Marines, unas obras que tendr\u00e1n un coste de 210.000 euros. Adem\u00e1s, la Diputaci\u00f3n destinar\u00e1 93.000 a otro proyecto relacionado con la dotaci\u00f3n de suministro el\u00e9ctrico en instalaciones deportivas.<\/p>\n\n\n\n<p>Tambi\u00e9n destaca que, gracias a los 381.000 euros que la Diputaci\u00f3n entregar\u00e1 al Ayuntamiento de Benissan\u00f3, se podr\u00e1 acometer la adquisici\u00f3n del polideportivo parroquial. Por \u00faltimo, se ha dado luz verde al proyecto de creaci\u00f3n de un \u00e1rea de esparcimiento en la zona verde de Valencia la Vella de Riba-roja de T\u00faria por valor de 133.000 euros.<\/p>\n\n\n\n<p><strong>Nuevo decreto<\/strong><\/p>\n\n\n\n<p>En general, el decreto del 24 de octubre ha aprobado 49 proyectos, por valor de 8,1 millones, presentados por 34 ayuntamientos de 14 comarcas de la provincia. As\u00ed, el principal plan inversor de la Diputaci\u00f3n roza ya las 730 solicitudes aprobadas y los 110 millones asignados del total de 350 de los que consta.<\/p>\n\n\n\n<p>El presidente de la Diputaci\u00f3 de Val\u00e8ncia, Vicent Momp\u00f3, recalca que \u201clas inversiones del Pla Obert est\u00e1 transformando la provincia de Valencia, en cada decreto se suman nuevos proyectos que est\u00e1n repercutiendo directamente en el bienestar de la ciudadan\u00eda\u201d. \u201cEstamos trabajando de la mano de los pueblos, respetando su autonom\u00eda y dej\u00e1ndoles demostrar su eficiencia\u201d, asegura.&nbsp;<\/p>\n\n\n\n<p>Por su parte, la vicepresidenta primera de la Diputaci\u00f3n y responsable de la Diputaci\u00f3n, Nat\u00e0lia Enguix, destaca que todas estas actuaciones en la red h\u00eddrica, las zonas verdes y las instalaciones deportivas responden \u201ca la responsabilidad de los ayuntamientos, que est\u00e1n aprovechando la financiaci\u00f3n de la Diputaci\u00f3n para mejorar sus municipios\u201d. Adem\u00e1s, subraya Enguix, \u201cel Pla Obert, sin plazos, abierto a las necesidades y tiempos de cada municipio, est\u00e1 permitiendo una gran variedad de actuaciones en distintos \u00e1mbitos apostando por la sostenibilidad, la calidad de vida y la perspectiva de g\u00e9nero\u201d.<\/p>\n","protected":false},"excerpt":{"rendered":"<div class=\"mh-excerpt\">El decreto aprobado el 24 de octubre por el \u00e1rea de Cooperaci\u00f3n da luz verde a nuevos proyectos en los municipios de B\u00e9tera, Ll\u00edria, Benissan\u00f3 y Riba-roja de T\u00faria. Destaca la reforma de la Casa <a class=\"mh-excerpt-more\" href=\"https:\/\/www.tucomarca.com\/wordpress\/segunda\/la-diputacio-aprueba-seis-nuevos-proyectos-del-pla-obert-por-valor-de-21-millones-en-camp-de-turia\/\" title=\"La Diputaci\u00f3 aprueba seis nuevos proyectos del Pla Obert por valor de 2,1 millones en Camp de T\u00faria\">[+] <\/a><\/div>\n","protected":false},"author":12,"featured_media":258940,"comment_status":"open","ping_status":"open","sticky":false,"template":"","format":"standard","meta":{"footnotes":""},"categories":[237,51,46,128,8,47,179,142,182,3,45],"tags":[2592,10398,10395,3677,10396,10435,22339],"class_list":{"0":"post-283833","1":"post","2":"type-post","3":"status-publish","4":"format-standard","5":"has-post-thumbnail","7":"category-benisano","8":"category-betera","9":"category-camp-de-turia","10":"category-infraestructuras","11":"category-la-comarca","12":"category-lliria","13":"category-marines","14":"category-politica-la-comarca","15":"category-riba-roja","16":"category-seccion","17":"category-ventana","18":"tag-benissano","19":"tag-betera","20":"tag-camp-de-turia","21":"tag-diputacio-de-valencia","22":"tag-lliria","23":"tag-marines","24":"tag-pla-obert"},"_links":{"self":[{"href":"https:\/\/www.tucomarca.com\/wordpress\/segunda\/wp-json\/wp\/v2\/posts\/283833","targetHints":{"allow":["GET"]}}],"collection":[{"href":"https:\/\/www.tucomarca.com\/wordpress\/segunda\/wp-json\/wp\/v2\/posts"}],"about":[{"href":"https:\/\/www.tucomarca.com\/wordpress\/segunda\/wp-json\/wp\/v2\/types\/post"}],"author":[{"embeddable":true,"href":"https:\/\/www.tucomarca.com\/wordpress\/segunda\/wp-json\/wp\/v2\/users\/12"}],"replies":[{"embeddable":true,"href":"https:\/\/www.tucomarca.com\/wordpress\/segunda\/wp-json\/wp\/v2\/comments?post=283833"}],"version-history":[{"count":0,"href":"https:\/\/www.tucomarca.com\/wordpress\/segunda\/wp-json\/wp\/v2\/posts\/283833\/revisions"}],"wp:featuredmedia":[{"embeddable":true,"href":"https:\/\/www.tucomarca.com\/wordpress\/segunda\/wp-json\/wp\/v2\/media\/258940"}],"wp:attachment":[{"href":"https:\/\/www.tucomarca.com\/wordpress\/segunda\/wp-json\/wp\/v2\/media?parent=283833"}],"wp:term":[{"taxonomy":"category","embeddable":true,"href":"https:\/\/www.tucomarca.com\/wordpress\/segunda\/wp-json\/wp\/v2\/categories?post=283833"},{"taxonomy":"post_tag","embeddable":true,"href":"https:\/\/www.tucomarca.com\/wordpress\/segunda\/wp-json\/wp\/v2\/tags?post=283833"}],"curies":[{"name":"wp","href":"https:\/\/api.w.org\/{rel}","templated":true}]}}