{"id":28401,"date":"2014-06-19T11:24:19","date_gmt":"2014-06-19T08:24:19","guid":{"rendered":"http:\/\/www.tucomarca.com\/wordpress\/segunda\/?p=28401"},"modified":"2014-06-19T14:19:40","modified_gmt":"2014-06-19T11:19:40","slug":"ava-asaja-alerta-de-la-catastrofe-en-el-sector-agrario-de-la-hoya-si-no-llueve","status":"publish","type":"post","link":"https:\/\/www.tucomarca.com\/wordpress\/segunda\/ava-asaja-alerta-de-la-catastrofe-en-el-sector-agrario-de-la-hoya-si-no-llueve\/","title":{"rendered":"AVA-Asaja anticipa una \u00abcat\u00e1strofe\u00bb en el sector agrario de La Hoya si no llueve"},"content":{"rendered":"<p><a href=\"https:\/\/www.tucomarca.com\/wordpress\/segunda\/2014\/06\/ava-asaja-alerta-de-la-catastrofe-en-el-sector-agrario-de-la-hoya-si-no-llueve\/boullosa\/\" rel=\"attachment wp-att-28419\"><img loading=\"lazy\" decoding=\"async\" src=\"https:\/\/www.tucomarca.com\/wordpress\/segunda\/wp-content\/uploads\/2014\/06\/boullosa-300x178.jpg\" alt=\"\" title=\"boullosa\" width=\"300\" height=\"178\" class=\"alignleft size-medium wp-image-28419\" srcset=\"https:\/\/www.tucomarca.com\/wordpress\/segunda\/wp-content\/uploads\/2014\/06\/boullosa-300x178.jpg 300w, https:\/\/www.tucomarca.com\/wordpress\/segunda\/wp-content\/uploads\/2014\/06\/boullosa.jpg 780w\" sizes=\"auto, (max-width: 300px) 100vw, 300px\" \/><\/a>Como public\u00f3 este peri\u00f3dico en su edici\u00f3n impresa, la sequ\u00eda que afecta a toda la comarca de la Hoya de Bu\u00f1ol-Chiva est\u00e1 a punto de llevar  \u00aba la ruina\u00bb al sector agr\u00edcola. Al menos as\u00ed se entiende desde la Asociaci\u00f3n Valenciana de Agricultores AVA-Asaja, un colectivo que anticipa \u00abuna gran cat\u00e1strofe este pr\u00f3ximo verano\u00bb, de no tomarse medidas \u2014con car\u00e1cter urgente\u2014 que garanticen el suministro de agua.<br \/>\n    El delegado comarcal de la asociaci\u00f3n, Armando Boullosa, ha explicado que los pozos de la comarca est\u00e1n en una situaci\u00f3n \u00abcr\u00edtica\u00bb, lo que obliga a un control del consumo. En este punto, ha confirmado las limitaciones impuestas a los agricultores de la zona, un decisi\u00f3n que repercute directamente sobre la calidad del producto final.<br \/>\n\u00abNo hay previsi\u00f3n de que llueva lo suficiente antes del verano, por lo que est\u00e1n en serio peligro cultivos que son important\u00edsimos y el sustento de los agricultores. Es una pena que mientras en otras zonas de Espa\u00f1a se tira el agua al mar, aqu\u00ed estemos sufriendo una situaci\u00f3n tan cr\u00edtica. No se han tomado las medidas oportunas cuando tocaba, de ah\u00ed todo lo que est\u00e1 ocurriendo. Hemos sufrido un abandono total\u00bb, como ha afirmado Armando Boullosa,<br \/>\nPreguntado por la respuesta de la Administraci\u00f3n p\u00fablica ante el cariz que est\u00e1n tomando los acontecimientos, el delegado de AVA-Asaja ha asegurado que no se espera la recepci\u00f3n de ayudas \u00abhasta que nos encontremos en un punto l\u00edmite\u00bb. As\u00ed, ha lamentado que se tenga que llegar a esta situaci\u00f3n para ayudar a quienes est\u00e1n pasando por una situaci\u00f3n excepcional.<br \/>\nLa resignaci\u00f3n de Boullosa es la misma que sienten quienes viven del sector agr\u00edcola, as\u00ed como el de quienes est\u00e1n estrechamente vinculados al sector cooperativo.<\/p>\n","protected":false},"excerpt":{"rendered":"<div class=\"mh-excerpt\">Como public\u00f3 este peri\u00f3dico en su edici\u00f3n impresa, la sequ\u00eda que afecta a toda la comarca de la Hoya de Bu\u00f1ol-Chiva est\u00e1 a punto de llevar \u00aba la ruina\u00bb al sector agr\u00edcola. Al menos as\u00ed <a class=\"mh-excerpt-more\" href=\"https:\/\/www.tucomarca.com\/wordpress\/segunda\/ava-asaja-alerta-de-la-catastrofe-en-el-sector-agrario-de-la-hoya-si-no-llueve\/\" title=\"AVA-Asaja anticipa una \u00abcat\u00e1strofe\u00bb en el sector agrario de La Hoya si no llueve\">[+] <\/a><\/div>\n","protected":false},"author":2,"featured_media":28419,"comment_status":"open","ping_status":"open","sticky":false,"template":"","format":"standard","meta":{"footnotes":""},"categories":[169,8,10,3],"tags":[2240,4901,328,246,4899,4900],"class_list":{"0":"post-28401","1":"post","2":"type-post","3":"status-publish","4":"format-standard","5":"has-post-thumbnail","7":"category-agricultura-la-comarca","8":"category-la-comarca","9":"category-la-hoya","10":"category-seccion","11":"tag-alerta","12":"tag-armando-boullosa","13":"tag-ava-asaja","14":"tag-campo","15":"tag-catastrofe","16":"tag-si-no-llueve"},"_links":{"self":[{"href":"https:\/\/www.tucomarca.com\/wordpress\/segunda\/wp-json\/wp\/v2\/posts\/28401","targetHints":{"allow":["GET"]}}],"collection":[{"href":"https:\/\/www.tucomarca.com\/wordpress\/segunda\/wp-json\/wp\/v2\/posts"}],"about":[{"href":"https:\/\/www.tucomarca.com\/wordpress\/segunda\/wp-json\/wp\/v2\/types\/post"}],"author":[{"embeddable":true,"href":"https:\/\/www.tucomarca.com\/wordpress\/segunda\/wp-json\/wp\/v2\/users\/2"}],"replies":[{"embeddable":true,"href":"https:\/\/www.tucomarca.com\/wordpress\/segunda\/wp-json\/wp\/v2\/comments?post=28401"}],"version-history":[{"count":0,"href":"https:\/\/www.tucomarca.com\/wordpress\/segunda\/wp-json\/wp\/v2\/posts\/28401\/revisions"}],"wp:featuredmedia":[{"embeddable":true,"href":"https:\/\/www.tucomarca.com\/wordpress\/segunda\/wp-json\/wp\/v2\/media\/28419"}],"wp:attachment":[{"href":"https:\/\/www.tucomarca.com\/wordpress\/segunda\/wp-json\/wp\/v2\/media?parent=28401"}],"wp:term":[{"taxonomy":"category","embeddable":true,"href":"https:\/\/www.tucomarca.com\/wordpress\/segunda\/wp-json\/wp\/v2\/categories?post=28401"},{"taxonomy":"post_tag","embeddable":true,"href":"https:\/\/www.tucomarca.com\/wordpress\/segunda\/wp-json\/wp\/v2\/tags?post=28401"}],"curies":[{"name":"wp","href":"https:\/\/api.w.org\/{rel}","templated":true}]}}