{"id":284045,"date":"2025-10-30T10:30:00","date_gmt":"2025-10-30T08:30:00","guid":{"rendered":"https:\/\/www.tucomarca.com\/wordpress\/segunda\/?p=284045"},"modified":"2025-10-30T21:57:18","modified_gmt":"2025-10-30T19:57:18","slug":"bunol-rinde-un-emotivo-homenaje-en-la-plaza-del-pueblo-a-las-victimas-de-la-dana-en-el-primer-aniversario","status":"publish","type":"post","link":"https:\/\/www.tucomarca.com\/wordpress\/segunda\/bunol-rinde-un-emotivo-homenaje-en-la-plaza-del-pueblo-a-las-victimas-de-la-dana-en-el-primer-aniversario\/","title":{"rendered":"Bu\u00f1ol rinde un emotivo homenaje en la plaza del Pueblo a las v\u00edctimas de la DANA en el primer aniversario"},"content":{"rendered":"\n<p>La Plaza del Pueblo de Bu\u00f1ol se ha llenado de velas este mi\u00e9rcoles en un sentido homenaje a las 229 v\u00edctimas que perdieron la vida en la DANA del 29 de octubre de 2024.<\/p>\n\n\n\n<p>Vecinos, vecinas y miembros de distintas entidades locales se han reunido en esta iniciativa ciudadana para recordar a las personas fallecidas y mostrar su solidaridad con las familias afectadas por aquella tr\u00e1gica cat\u00e1strofe que marc\u00f3 a la Comunitat Valenciana.<\/p>\n\n\n\n<p>El acto, cargado de simbolismo y respeto, ha servido para mantener viva la memoria de las v\u00edctimas y para reivindicar la importancia de la prevenci\u00f3n y la unidad ante fen\u00f3menos meteorol\u00f3gicos extremos como el que azot\u00f3 la provincia hace un a\u00f1o.<\/p>\n\n\n\n<figure class=\"wp-block-gallery has-nested-images columns-1 is-cropped wp-block-gallery-1 is-layout-flex wp-block-gallery-is-layout-flex\">\n<figure class=\"wp-block-image size-large\"><img loading=\"lazy\" decoding=\"async\" width=\"1024\" height=\"768\" data-id=\"284048\" src=\"https:\/\/www.tucomarca.com\/wordpress\/segunda\/wp-content\/uploads\/2025\/10\/BunolHomenajeDana01-1024x768.jpg\" alt=\"\" class=\"wp-image-284048\" srcset=\"https:\/\/www.tucomarca.com\/wordpress\/segunda\/wp-content\/uploads\/2025\/10\/BunolHomenajeDana01-1024x768.jpg 1024w, https:\/\/www.tucomarca.com\/wordpress\/segunda\/wp-content\/uploads\/2025\/10\/BunolHomenajeDana01-300x225.jpg 300w, https:\/\/www.tucomarca.com\/wordpress\/segunda\/wp-content\/uploads\/2025\/10\/BunolHomenajeDana01-768x576.jpg 768w, https:\/\/www.tucomarca.com\/wordpress\/segunda\/wp-content\/uploads\/2025\/10\/BunolHomenajeDana01-1536x1152.jpg 1536w, https:\/\/www.tucomarca.com\/wordpress\/segunda\/wp-content\/uploads\/2025\/10\/BunolHomenajeDana01-678x509.jpg 678w, https:\/\/www.tucomarca.com\/wordpress\/segunda\/wp-content\/uploads\/2025\/10\/BunolHomenajeDana01-326x245.jpg 326w, https:\/\/www.tucomarca.com\/wordpress\/segunda\/wp-content\/uploads\/2025\/10\/BunolHomenajeDana01-80x60.jpg 80w, https:\/\/www.tucomarca.com\/wordpress\/segunda\/wp-content\/uploads\/2025\/10\/BunolHomenajeDana01.jpg 1600w\" sizes=\"auto, (max-width: 1024px) 100vw, 1024px\" \/><\/figure>\n\n\n\n<figure class=\"wp-block-image size-large\"><img loading=\"lazy\" decoding=\"async\" width=\"752\" height=\"1020\" data-id=\"284050\" src=\"https:\/\/www.tucomarca.com\/wordpress\/segunda\/wp-content\/uploads\/2025\/10\/BunolHomenajeDana02.jpg\" alt=\"\" class=\"wp-image-284050\" srcset=\"https:\/\/www.tucomarca.com\/wordpress\/segunda\/wp-content\/uploads\/2025\/10\/BunolHomenajeDana02.jpg 752w, https:\/\/www.tucomarca.com\/wordpress\/segunda\/wp-content\/uploads\/2025\/10\/BunolHomenajeDana02-221x300.jpg 221w\" sizes=\"auto, (max-width: 752px) 100vw, 752px\" \/><\/figure>\n\n\n\n<figure class=\"wp-block-image size-large\"><img loading=\"lazy\" decoding=\"async\" width=\"1024\" height=\"768\" data-id=\"284052\" src=\"https:\/\/www.tucomarca.com\/wordpress\/segunda\/wp-content\/uploads\/2025\/10\/BunolHomenajeDana03-1024x768.jpg\" alt=\"\" class=\"wp-image-284052\" srcset=\"https:\/\/www.tucomarca.com\/wordpress\/segunda\/wp-content\/uploads\/2025\/10\/BunolHomenajeDana03-1024x768.jpg 1024w, https:\/\/www.tucomarca.com\/wordpress\/segunda\/wp-content\/uploads\/2025\/10\/BunolHomenajeDana03-300x225.jpg 300w, https:\/\/www.tucomarca.com\/wordpress\/segunda\/wp-content\/uploads\/2025\/10\/BunolHomenajeDana03-768x576.jpg 768w, https:\/\/www.tucomarca.com\/wordpress\/segunda\/wp-content\/uploads\/2025\/10\/BunolHomenajeDana03-1536x1152.jpg 1536w, https:\/\/www.tucomarca.com\/wordpress\/segunda\/wp-content\/uploads\/2025\/10\/BunolHomenajeDana03-678x509.jpg 678w, https:\/\/www.tucomarca.com\/wordpress\/segunda\/wp-content\/uploads\/2025\/10\/BunolHomenajeDana03-326x245.jpg 326w, https:\/\/www.tucomarca.com\/wordpress\/segunda\/wp-content\/uploads\/2025\/10\/BunolHomenajeDana03-80x60.jpg 80w, https:\/\/www.tucomarca.com\/wordpress\/segunda\/wp-content\/uploads\/2025\/10\/BunolHomenajeDana03.jpg 1600w\" sizes=\"auto, (max-width: 1024px) 100vw, 1024px\" \/><\/figure>\n\n\n\n<figure class=\"wp-block-image size-large\"><img loading=\"lazy\" decoding=\"async\" width=\"1024\" height=\"768\" data-id=\"284056\" src=\"https:\/\/www.tucomarca.com\/wordpress\/segunda\/wp-content\/uploads\/2025\/10\/BunolHomenajeDana05-1024x768.jpg\" alt=\"\" class=\"wp-image-284056\" srcset=\"https:\/\/www.tucomarca.com\/wordpress\/segunda\/wp-content\/uploads\/2025\/10\/BunolHomenajeDana05-1024x768.jpg 1024w, https:\/\/www.tucomarca.com\/wordpress\/segunda\/wp-content\/uploads\/2025\/10\/BunolHomenajeDana05-300x225.jpg 300w, https:\/\/www.tucomarca.com\/wordpress\/segunda\/wp-content\/uploads\/2025\/10\/BunolHomenajeDana05-768x576.jpg 768w, https:\/\/www.tucomarca.com\/wordpress\/segunda\/wp-content\/uploads\/2025\/10\/BunolHomenajeDana05-1536x1152.jpg 1536w, https:\/\/www.tucomarca.com\/wordpress\/segunda\/wp-content\/uploads\/2025\/10\/BunolHomenajeDana05-678x509.jpg 678w, https:\/\/www.tucomarca.com\/wordpress\/segunda\/wp-content\/uploads\/2025\/10\/BunolHomenajeDana05-326x245.jpg 326w, https:\/\/www.tucomarca.com\/wordpress\/segunda\/wp-content\/uploads\/2025\/10\/BunolHomenajeDana05-80x60.jpg 80w, https:\/\/www.tucomarca.com\/wordpress\/segunda\/wp-content\/uploads\/2025\/10\/BunolHomenajeDana05.jpg 1600w\" sizes=\"auto, (max-width: 1024px) 100vw, 1024px\" \/><\/figure>\n<\/figure>\n","protected":false},"excerpt":{"rendered":"<div class=\"mh-excerpt\">La Plaza del Pueblo de Bu\u00f1ol se ha llenado de velas este mi\u00e9rcoles en un sentido homenaje a las 229 v\u00edctimas que perdieron la vida en la DANA del 29 de octubre de 2024. Vecinos, <a class=\"mh-excerpt-more\" href=\"https:\/\/www.tucomarca.com\/wordpress\/segunda\/bunol-rinde-un-emotivo-homenaje-en-la-plaza-del-pueblo-a-las-victimas-de-la-dana-en-el-primer-aniversario\/\" title=\"Bu\u00f1ol rinde un emotivo homenaje en la plaza del Pueblo a las v\u00edctimas de la DANA en el primer aniversario\">[+] <\/a><\/div>\n","protected":false},"author":12,"featured_media":284059,"comment_status":"open","ping_status":"open","sticky":false,"template":"","format":"gallery","meta":{"footnotes":""},"categories":[18,21465,128,8,72,10,117,142,3,116,45],"tags":[10385,12831,5952,4253],"class_list":{"0":"post-284045","1":"post","2":"type-post","3":"status-publish","4":"format-gallery","5":"has-post-thumbnail","7":"category-bunol","8":"category-dana","9":"category-infraestructuras","10":"category-la-comarca","11":"category-sin-categorizar","12":"category-la-hoya","13":"category-medio-ambiente-la-comarca","14":"category-politica-la-comarca","15":"category-seccion","16":"category-sucesos-la-comarca","17":"category-ventana","18":"tag-bunol","19":"tag-dana-2","20":"tag-la-hoya-de-bunol-chiva","21":"tag-minuto-de-silencio","22":"post_format-post-format-gallery"},"_links":{"self":[{"href":"https:\/\/www.tucomarca.com\/wordpress\/segunda\/wp-json\/wp\/v2\/posts\/284045","targetHints":{"allow":["GET"]}}],"collection":[{"href":"https:\/\/www.tucomarca.com\/wordpress\/segunda\/wp-json\/wp\/v2\/posts"}],"about":[{"href":"https:\/\/www.tucomarca.com\/wordpress\/segunda\/wp-json\/wp\/v2\/types\/post"}],"author":[{"embeddable":true,"href":"https:\/\/www.tucomarca.com\/wordpress\/segunda\/wp-json\/wp\/v2\/users\/12"}],"replies":[{"embeddable":true,"href":"https:\/\/www.tucomarca.com\/wordpress\/segunda\/wp-json\/wp\/v2\/comments?post=284045"}],"version-history":[{"count":0,"href":"https:\/\/www.tucomarca.com\/wordpress\/segunda\/wp-json\/wp\/v2\/posts\/284045\/revisions"}],"wp:featuredmedia":[{"embeddable":true,"href":"https:\/\/www.tucomarca.com\/wordpress\/segunda\/wp-json\/wp\/v2\/media\/284059"}],"wp:attachment":[{"href":"https:\/\/www.tucomarca.com\/wordpress\/segunda\/wp-json\/wp\/v2\/media?parent=284045"}],"wp:term":[{"taxonomy":"category","embeddable":true,"href":"https:\/\/www.tucomarca.com\/wordpress\/segunda\/wp-json\/wp\/v2\/categories?post=284045"},{"taxonomy":"post_tag","embeddable":true,"href":"https:\/\/www.tucomarca.com\/wordpress\/segunda\/wp-json\/wp\/v2\/tags?post=284045"}],"curies":[{"name":"wp","href":"https:\/\/api.w.org\/{rel}","templated":true}]}}