{"id":284134,"date":"2025-10-30T07:00:00","date_gmt":"2025-10-30T05:00:00","guid":{"rendered":"https:\/\/www.tucomarca.com\/wordpress\/segunda\/?p=284134"},"modified":"2025-10-30T21:16:18","modified_gmt":"2025-10-30T19:16:18","slug":"el-psoe-de-alborache-acusa-de-censura-al-gobierno-municipal-en-el-acto-del-minuto-de-silencio-por-las-victimas-de-la-dana","status":"publish","type":"post","link":"https:\/\/www.tucomarca.com\/wordpress\/segunda\/el-psoe-de-alborache-acusa-de-censura-al-gobierno-municipal-en-el-acto-del-minuto-de-silencio-por-las-victimas-de-la-dana\/","title":{"rendered":"El PSOE de Alborache acusa de \u00abcensura\u00bb al gobierno municipal en el acto del minuto de silencio por las v\u00edctimas de la DANA"},"content":{"rendered":"\n<p>Desde el Partido Socialista de Alborache han asegurado que el Ayuntamiento de la localidad \u00abha generado una gran controversia al censurar una foto en la que el portavoz del PSPV-PSOE exig\u00eda justicia para las 229 v\u00edctimas de la DANA y la dimisi\u00f3n del presidente Maz\u00f3n. La censura se produce en un contexto en el que el alcalde de Alborache brill\u00f3 por su ausencia en el minuto de silencio convocado, por \u00e9l mismo, en memoria de las v\u00edctimas\u00bb.<\/p>\n\n\n\n<p>\u00abLa foto censurada, que circulaba en redes sociales, hac\u00eda un claro llamamiento a la responsabilidad pol\u00edtica y exig\u00eda justicia para las familias afectadas por la DANA. La decisi\u00f3n del Ayuntamiento de eliminar esta imagen ha sido ampliamente criticada por la oposici\u00f3n, que la considera un intento de silenciar las voces cr\u00edticas y ocultar la verdad sobre la gesti\u00f3n de la crisis\u00bb, seg\u00fan han manifestado desde del PSPV-PSOE.<\/p>\n\n\n\n<p>\u00abEs inaceptable que el Ayuntamiento censure una foto que simplemente busca justicia para las v\u00edctimas y sus familias\u00bb, declar\u00f3 el portavoz del PSPV-PSOE Vicente Darder Hig\u00f3n \u00abLa ausencia del alcalde en el minuto de silencio es un claro ejemplo de su falta de compromiso con las v\u00edctimas y su memoria\u00bb, han a\u00f1adido desde el Partido Socialista.<\/p>\n\n\n\n<p>\u00abLa ausencia del alcalde en el acto de homenaje a las v\u00edctimas ha generado un gran malestar entre los vecinos y la oposici\u00f3n, que consideran que su presencia era obligatoria para mostrar respeto y solidaridad con las familias afectadas. El PSPV-PSOE ha anunciado que investigar\u00e1 las circunstancias de la censura y ha exigido al Ayuntamiento que explique sus motivos para tomar esta decisi\u00f3n. Adem\u00e1s, ha solicitado la comparecencia del alcalde para que explique su ausencia en el minuto de silencio y su papel en la censura de la foto\u00bb.<\/p>\n\n\n\n<p>\u00abLa pol\u00e9mica generada en Alborache ha puesto de relieve la tensi\u00f3n pol\u00edtica existente en el Ayuntamiento y ha generado un debate sobre la transparencia y la libertad de expresi\u00f3n en la gesti\u00f3n municipal\u00bb, han finalizado desde el PSPV-PSOE en su nota.<\/p>\n","protected":false},"excerpt":{"rendered":"<div class=\"mh-excerpt\">Desde el Partido Socialista de Alborache han asegurado que el Ayuntamiento de la localidad \u00abha generado una gran controversia al censurar una foto en la que el portavoz del PSPV-PSOE exig\u00eda justicia para las 229 <a class=\"mh-excerpt-more\" href=\"https:\/\/www.tucomarca.com\/wordpress\/segunda\/el-psoe-de-alborache-acusa-de-censura-al-gobierno-municipal-en-el-acto-del-minuto-de-silencio-por-las-victimas-de-la-dana\/\" title=\"El PSOE de Alborache acusa de \u00abcensura\u00bb al gobierno municipal en el acto del minuto de silencio por las v\u00edctimas de la DANA\">[+] <\/a><\/div>\n","protected":false},"author":12,"featured_media":284144,"comment_status":"open","ping_status":"open","sticky":false,"template":"","format":"standard","meta":{"footnotes":""},"categories":[19,8,10,142,3],"tags":[10386,5952,11606],"class_list":{"0":"post-284134","1":"post","2":"type-post","3":"status-publish","4":"format-standard","5":"has-post-thumbnail","7":"category-alborache","8":"category-la-comarca","9":"category-la-hoya","10":"category-politica-la-comarca","11":"category-seccion","12":"tag-alborache","13":"tag-la-hoya-de-bunol-chiva","14":"tag-pspv-psoe-alborache"},"_links":{"self":[{"href":"https:\/\/www.tucomarca.com\/wordpress\/segunda\/wp-json\/wp\/v2\/posts\/284134","targetHints":{"allow":["GET"]}}],"collection":[{"href":"https:\/\/www.tucomarca.com\/wordpress\/segunda\/wp-json\/wp\/v2\/posts"}],"about":[{"href":"https:\/\/www.tucomarca.com\/wordpress\/segunda\/wp-json\/wp\/v2\/types\/post"}],"author":[{"embeddable":true,"href":"https:\/\/www.tucomarca.com\/wordpress\/segunda\/wp-json\/wp\/v2\/users\/12"}],"replies":[{"embeddable":true,"href":"https:\/\/www.tucomarca.com\/wordpress\/segunda\/wp-json\/wp\/v2\/comments?post=284134"}],"version-history":[{"count":0,"href":"https:\/\/www.tucomarca.com\/wordpress\/segunda\/wp-json\/wp\/v2\/posts\/284134\/revisions"}],"wp:featuredmedia":[{"embeddable":true,"href":"https:\/\/www.tucomarca.com\/wordpress\/segunda\/wp-json\/wp\/v2\/media\/284144"}],"wp:attachment":[{"href":"https:\/\/www.tucomarca.com\/wordpress\/segunda\/wp-json\/wp\/v2\/media?parent=284134"}],"wp:term":[{"taxonomy":"category","embeddable":true,"href":"https:\/\/www.tucomarca.com\/wordpress\/segunda\/wp-json\/wp\/v2\/categories?post=284134"},{"taxonomy":"post_tag","embeddable":true,"href":"https:\/\/www.tucomarca.com\/wordpress\/segunda\/wp-json\/wp\/v2\/tags?post=284134"}],"curies":[{"name":"wp","href":"https:\/\/api.w.org\/{rel}","templated":true}]}}