{"id":284264,"date":"2025-11-01T17:00:00","date_gmt":"2025-11-01T15:00:00","guid":{"rendered":"https:\/\/www.tucomarca.com\/wordpress\/segunda\/?p=284264"},"modified":"2025-11-01T22:04:25","modified_gmt":"2025-11-01T20:04:25","slug":"david-herrera-lambiez-toma-posesion-como-nuevo-alcalde-de-cortes-de-pallas-en-virtud-del-acuerdo-de-gobierno-entre-porvenir-y-pp","status":"publish","type":"post","link":"https:\/\/www.tucomarca.com\/wordpress\/segunda\/david-herrera-lambiez-toma-posesion-como-nuevo-alcalde-de-cortes-de-pallas-en-virtud-del-acuerdo-de-gobierno-entre-porvenir-y-pp\/","title":{"rendered":"David Herrera Lambiez toma posesi\u00f3n como nuevo alcalde de Cortes de Pall\u00e1s en virtud del acuerdo de gobierno entre Porvenir y PP"},"content":{"rendered":"\n<p><strong>David Herrera Lambiez<\/strong>, del <strong>Grupo Municipal Porvenir<\/strong>, agrupaci\u00f3n que forma parte de la <strong>Confederaci\u00f3n Uni\u00f3n Municipalista<\/strong>, ha asumido oficialmente la alcald\u00eda del municipio esta semana tras el relevo acordado con el Partido Popular (PP), en virtud del pacto de gobierno alcanzado al inicio de la legislatura, que establec\u00eda dos a\u00f1os de mandato para cada formaci\u00f3n. David Herrera toma as\u00ed el testigo del popular David Gras, que ha ostentado el cargo durante la primera mitad del mandato.<\/p>\n\n\n\n<p>Durante su toma de posesi\u00f3n, David Herrera pronunci\u00f3 un emotivo discurso en el que quiso comenzar recordando a las v\u00edctimas de la DANA del 29 de octubre de 2024, especialmente a su vecino Ernesto Fuster, fallecido durante aquella cat\u00e1strofe. \u00abEn su memoria solicito un minuto\u00bb, expres\u00f3 ante el p\u00fablico asistente.<\/p>\n\n\n\n<p>El nuevo alcalde destac\u00f3 \u00abla honra y la responsabilidad que supone dirigir el Ayuntamiento de Cortes de Pall\u00e1s\u00bb y agradeci\u00f3 la confianza depositada en su proyecto. \u00abGracias por creer en que Cortes de Pall\u00e1s puede seguir avanzando sin perder su esencia\u00bb, remarc\u00f3, extendiendo su agradecimiento al equipo de gobierno, a su antecesor, David Gras, a la oposici\u00f3n, al personal municipal y a su entorno personal y familiar.<\/p>\n\n\n\n<p>David Herrera subray\u00f3 adem\u00e1s su compromiso \u00abcon el di\u00e1logo, el trabajo y la honestidad\u00bb, y asegur\u00f3 que su prioridad ser\u00e1 \u00abel bienestar de todos los vecinos y vecinas\u00bb. En su intervenci\u00f3n, puso el acento en la necesidad de mejorar los servicios, apoyar a las familias, ofrecer oportunidades a los j\u00f3venes y cuidar del entorno natural que caracteriza al municipio.<\/p>\n\n\n\n<p>Asimismo, manifest\u00f3 su intenci\u00f3n de que el Ayuntamiento sea \u00abuna casa abierta, un espacio de di\u00e1logo y participaci\u00f3n\u00bb, e invit\u00f3 a la ciudadan\u00eda a formar parte activa del proyecto com\u00fan.<\/p>\n\n\n\n<p>Entre los principales retos que el nuevo alcalde avanz\u00f3 para esta etapa destacan frenar la despoblaci\u00f3n, mejorar las infraestructuras, impulsar un turismo sostenible, apoyar al sector primario y proteger el medio natural.<\/p>\n\n\n\n<p>\u00abHoy comienza un nuevo camino. Un camino que recorreremos juntos, paso a paso, con la vista puesta en el futuro, pero sin olvidar nuestras ra\u00edces\u00bb, concluy\u00f3 David Herrera en un discurso que fue recibido con aplausos por los asistentes al acto celebrado en el sal\u00f3n de plenos del Ayuntamiento este mi\u00e9rcoles al mediod\u00eda.<\/p>\n\n\n\n<p>El acto cont\u00f3 con la asistencia, adem\u00e1s de numerosos vecinos y vecinas, del alcalde de Nules y presidente nacional de La Uni\u00f3n Municipalista, David Garc\u00eda; as\u00ed como del portavoz del Partido de Requena y Aldeas, PRyA, Joaqu\u00edn Gonz\u00e1lez, entre otros asistentes.<\/p>\n\n\n\n<figure class=\"wp-block-gallery has-nested-images columns-1 is-cropped wp-block-gallery-1 is-layout-flex wp-block-gallery-is-layout-flex\">\n<figure class=\"wp-block-image size-large\"><img loading=\"lazy\" decoding=\"async\" width=\"1024\" height=\"691\" data-id=\"284266\" src=\"https:\/\/www.tucomarca.com\/wordpress\/segunda\/wp-content\/uploads\/2025\/11\/CortesNuevoAlcalde1-1024x691.jpg\" alt=\"\" class=\"wp-image-284266\" srcset=\"https:\/\/www.tucomarca.com\/wordpress\/segunda\/wp-content\/uploads\/2025\/11\/CortesNuevoAlcalde1-1024x691.jpg 1024w, https:\/\/www.tucomarca.com\/wordpress\/segunda\/wp-content\/uploads\/2025\/11\/CortesNuevoAlcalde1-300x202.jpg 300w, https:\/\/www.tucomarca.com\/wordpress\/segunda\/wp-content\/uploads\/2025\/11\/CortesNuevoAlcalde1-768x518.jpg 768w, https:\/\/www.tucomarca.com\/wordpress\/segunda\/wp-content\/uploads\/2025\/11\/CortesNuevoAlcalde1.jpg 1181w\" sizes=\"auto, (max-width: 1024px) 100vw, 1024px\" \/><\/figure>\n\n\n\n<figure class=\"wp-block-image size-large\"><img loading=\"lazy\" decoding=\"async\" width=\"1024\" height=\"691\" data-id=\"284274\" src=\"https:\/\/www.tucomarca.com\/wordpress\/segunda\/wp-content\/uploads\/2025\/11\/CortesNuevoAlcalde5-1024x691.jpg\" alt=\"\" class=\"wp-image-284274\" srcset=\"https:\/\/www.tucomarca.com\/wordpress\/segunda\/wp-content\/uploads\/2025\/11\/CortesNuevoAlcalde5-1024x691.jpg 1024w, https:\/\/www.tucomarca.com\/wordpress\/segunda\/wp-content\/uploads\/2025\/11\/CortesNuevoAlcalde5-300x202.jpg 300w, https:\/\/www.tucomarca.com\/wordpress\/segunda\/wp-content\/uploads\/2025\/11\/CortesNuevoAlcalde5-768x518.jpg 768w, https:\/\/www.tucomarca.com\/wordpress\/segunda\/wp-content\/uploads\/2025\/11\/CortesNuevoAlcalde5.jpg 1181w\" sizes=\"auto, (max-width: 1024px) 100vw, 1024px\" \/><\/figure>\n\n\n\n<figure class=\"wp-block-image size-large\"><img loading=\"lazy\" decoding=\"async\" width=\"1024\" height=\"691\" data-id=\"284272\" src=\"https:\/\/www.tucomarca.com\/wordpress\/segunda\/wp-content\/uploads\/2025\/11\/CortesNuevoAlcalde4-1024x691.jpg\" alt=\"\" class=\"wp-image-284272\" srcset=\"https:\/\/www.tucomarca.com\/wordpress\/segunda\/wp-content\/uploads\/2025\/11\/CortesNuevoAlcalde4-1024x691.jpg 1024w, https:\/\/www.tucomarca.com\/wordpress\/segunda\/wp-content\/uploads\/2025\/11\/CortesNuevoAlcalde4-300x202.jpg 300w, https:\/\/www.tucomarca.com\/wordpress\/segunda\/wp-content\/uploads\/2025\/11\/CortesNuevoAlcalde4-768x518.jpg 768w, https:\/\/www.tucomarca.com\/wordpress\/segunda\/wp-content\/uploads\/2025\/11\/CortesNuevoAlcalde4.jpg 1181w\" sizes=\"auto, (max-width: 1024px) 100vw, 1024px\" \/><\/figure>\n\n\n\n<figure class=\"wp-block-image size-large\"><img loading=\"lazy\" decoding=\"async\" width=\"1024\" height=\"691\" data-id=\"284276\" src=\"https:\/\/www.tucomarca.com\/wordpress\/segunda\/wp-content\/uploads\/2025\/11\/CortesNuevoAlcalde6-1024x691.jpg\" alt=\"\" class=\"wp-image-284276\" srcset=\"https:\/\/www.tucomarca.com\/wordpress\/segunda\/wp-content\/uploads\/2025\/11\/CortesNuevoAlcalde6-1024x691.jpg 1024w, https:\/\/www.tucomarca.com\/wordpress\/segunda\/wp-content\/uploads\/2025\/11\/CortesNuevoAlcalde6-300x202.jpg 300w, https:\/\/www.tucomarca.com\/wordpress\/segunda\/wp-content\/uploads\/2025\/11\/CortesNuevoAlcalde6-768x518.jpg 768w, https:\/\/www.tucomarca.com\/wordpress\/segunda\/wp-content\/uploads\/2025\/11\/CortesNuevoAlcalde6.jpg 1181w\" sizes=\"auto, (max-width: 1024px) 100vw, 1024px\" \/><\/figure>\n\n\n\n<figure class=\"wp-block-image size-large\"><img loading=\"lazy\" decoding=\"async\" width=\"1024\" height=\"691\" data-id=\"284270\" src=\"https:\/\/www.tucomarca.com\/wordpress\/segunda\/wp-content\/uploads\/2025\/11\/CortesNuevoAlcalde3-1024x691.jpg\" alt=\"\" class=\"wp-image-284270\" srcset=\"https:\/\/www.tucomarca.com\/wordpress\/segunda\/wp-content\/uploads\/2025\/11\/CortesNuevoAlcalde3-1024x691.jpg 1024w, https:\/\/www.tucomarca.com\/wordpress\/segunda\/wp-content\/uploads\/2025\/11\/CortesNuevoAlcalde3-300x202.jpg 300w, https:\/\/www.tucomarca.com\/wordpress\/segunda\/wp-content\/uploads\/2025\/11\/CortesNuevoAlcalde3-768x518.jpg 768w, https:\/\/www.tucomarca.com\/wordpress\/segunda\/wp-content\/uploads\/2025\/11\/CortesNuevoAlcalde3.jpg 1181w\" sizes=\"auto, (max-width: 1024px) 100vw, 1024px\" \/><\/figure>\n<\/figure>\n","protected":false},"excerpt":{"rendered":"<div class=\"mh-excerpt\">David Herrera Lambiez, del Grupo Municipal Porvenir, agrupaci\u00f3n que forma parte de la Confederaci\u00f3n Uni\u00f3n Municipalista, ha asumido oficialmente la alcald\u00eda del municipio esta semana tras el relevo acordado con el Partido Popular (PP), en <a class=\"mh-excerpt-more\" href=\"https:\/\/www.tucomarca.com\/wordpress\/segunda\/david-herrera-lambiez-toma-posesion-como-nuevo-alcalde-de-cortes-de-pallas-en-virtud-del-acuerdo-de-gobierno-entre-porvenir-y-pp\/\" title=\"David Herrera Lambiez toma posesi\u00f3n como nuevo alcalde de Cortes de Pall\u00e1s en virtud del acuerdo de gobierno entre Porvenir y PP\">[+] <\/a><\/div>\n","protected":false},"author":12,"featured_media":284268,"comment_status":"open","ping_status":"open","sticky":false,"template":"","format":"gallery","meta":{"footnotes":""},"categories":[38,40,128,8,72,142,3,45],"tags":[10540,10392,23280,20355],"class_list":{"0":"post-284264","1":"post","2":"type-post","3":"status-publish","4":"format-gallery","5":"has-post-thumbnail","7":"category-ayora-cofrentes","8":"category-cortes-de-pallas","9":"category-infraestructuras","10":"category-la-comarca","11":"category-sin-categorizar","12":"category-politica-la-comarca","13":"category-seccion","14":"category-ventana","15":"tag-ayora-cofrentes","16":"tag-cortes-de-pallas","17":"tag-david-herrera","18":"tag-porvenir","19":"post_format-post-format-gallery"},"_links":{"self":[{"href":"https:\/\/www.tucomarca.com\/wordpress\/segunda\/wp-json\/wp\/v2\/posts\/284264","targetHints":{"allow":["GET"]}}],"collection":[{"href":"https:\/\/www.tucomarca.com\/wordpress\/segunda\/wp-json\/wp\/v2\/posts"}],"about":[{"href":"https:\/\/www.tucomarca.com\/wordpress\/segunda\/wp-json\/wp\/v2\/types\/post"}],"author":[{"embeddable":true,"href":"https:\/\/www.tucomarca.com\/wordpress\/segunda\/wp-json\/wp\/v2\/users\/12"}],"replies":[{"embeddable":true,"href":"https:\/\/www.tucomarca.com\/wordpress\/segunda\/wp-json\/wp\/v2\/comments?post=284264"}],"version-history":[{"count":0,"href":"https:\/\/www.tucomarca.com\/wordpress\/segunda\/wp-json\/wp\/v2\/posts\/284264\/revisions"}],"wp:featuredmedia":[{"embeddable":true,"href":"https:\/\/www.tucomarca.com\/wordpress\/segunda\/wp-json\/wp\/v2\/media\/284268"}],"wp:attachment":[{"href":"https:\/\/www.tucomarca.com\/wordpress\/segunda\/wp-json\/wp\/v2\/media?parent=284264"}],"wp:term":[{"taxonomy":"category","embeddable":true,"href":"https:\/\/www.tucomarca.com\/wordpress\/segunda\/wp-json\/wp\/v2\/categories?post=284264"},{"taxonomy":"post_tag","embeddable":true,"href":"https:\/\/www.tucomarca.com\/wordpress\/segunda\/wp-json\/wp\/v2\/tags?post=284264"}],"curies":[{"name":"wp","href":"https:\/\/api.w.org\/{rel}","templated":true}]}}