{"id":2844,"date":"2012-06-02T17:16:31","date_gmt":"2012-06-02T15:16:31","guid":{"rendered":"http:\/\/www.tucomarca.com\/wordpress\/segunda\/?p=2844"},"modified":"2012-06-02T17:16:31","modified_gmt":"2012-06-02T15:16:31","slug":"la-multinacional-estadounidense-amcol-elige-cheste-para-invertir-75-millones-de-euros-en-desarrollar-su-nuevo-proyecto","status":"publish","type":"post","link":"https:\/\/www.tucomarca.com\/wordpress\/segunda\/la-multinacional-estadounidense-amcol-elige-cheste-para-invertir-75-millones-de-euros-en-desarrollar-su-nuevo-proyecto\/","title":{"rendered":"La multinacional estadounidense AMCOL elige Cheste para invertir 7,5 millones de euros en desarrollar su nuevo proyecto"},"content":{"rendered":"<p style=\"text-align: left;\">\n<figure id=\"attachment_2845\" aria-describedby=\"caption-attachment-2845\" style=\"width: 574px\" class=\"wp-caption aligncenter\"><a href=\"https:\/\/www.tucomarca.com\/wordpress\/segunda\/wp-content\/uploads\/2012\/06\/Buch_visita_SPB.jpg\"><img loading=\"lazy\" decoding=\"async\" class=\"size-large wp-image-2845 \" title=\"Buch_visita_SPB\" src=\"https:\/\/www.tucomarca.com\/wordpress\/segunda\/wp-content\/uploads\/2012\/06\/Buch_visita_SPB-1024x682.jpg\" alt=\"El alcalde de Cheste junto al conseller Buch y responsables de la firma SPB en Cheste.\" width=\"574\" height=\"382\" srcset=\"https:\/\/www.tucomarca.com\/wordpress\/segunda\/wp-content\/uploads\/2012\/06\/Buch_visita_SPB-1024x682.jpg 1024w, https:\/\/www.tucomarca.com\/wordpress\/segunda\/wp-content\/uploads\/2012\/06\/Buch_visita_SPB-300x200.jpg 300w, https:\/\/www.tucomarca.com\/wordpress\/segunda\/wp-content\/uploads\/2012\/06\/Buch_visita_SPB.jpg 1728w\" sizes=\"auto, (max-width: 574px) 100vw, 574px\" \/><\/a><figcaption id=\"caption-attachment-2845\" class=\"wp-caption-text\">El alcalde de Cheste junto al conseller Buch y responsables de la firma SPB en Cheste.<\/figcaption><\/figure>\n<p>La <strong>multinacional estadounidense AMCOL <\/strong>tiene previsto <strong>instalar en el t\u00e9rmino municipal de Cheste una planta de procesamiento de arcillas especiales (CETCO<\/strong>) para lo que invertir\u00e1 un total de 7,5 millones de euros y que adem\u00e1s generar\u00e1 100 nuevos puestos de trabajo en un plazo de 3 a 4 a\u00f1os.<\/p>\n<p>En este sentido, el <a href=\"http:\/\/www.indi.gva.es\/\">conseller de Econom\u00eda, Industria y Comercio, M\u00e1ximo Buch<\/a>, ha destacado durante su visita de este s\u00e1bado por la ma\u00f1ana a Cheste que \u00a0\u201clas buenas comunicaciones con las que cuenta Valencia han sido clave para que AMCOL se haya decidido por esta localizaci\u00f3n para situar su nueva instalaci\u00f3n en Europa\u201d.<\/p>\n<p>As\u00ed, ha explicado que las instalaciones de CETCO se situar\u00e1n en una parcela pr\u00f3xima a la autov\u00eda A-3 (Madrid-Valencia). La materia prima llegar\u00e1 a trav\u00e9s del Puerto de Valencia, desde donde se trasladar\u00e1 a la planta de producci\u00f3n donde ser\u00e1 tratada y transformada en membranas y geocompuestos, que ser\u00e1n expedidas principalmente por el mismo Puerto. Estos productos se aplican en obra civil para impermeabilizaci\u00f3n y drenaje de terrenos.<\/p>\n<p>CETCO es una divisi\u00f3n de la multinacional AMCOL dedicada a la extracci\u00f3n, transformaci\u00f3n y comercializaci\u00f3n de productos basados en minerales especiales, principalmente bentonita. Tiene plantas en nueve pa\u00edses y emplea a m\u00e1s de 1.200 personas.<\/p>\n<p><strong>Atracci\u00f3n de inversiones extranjeras<\/strong><\/p>\n<p>El titular de Econom\u00eda ha asegurado que \u201cla atracci\u00f3n de inversi\u00f3n extranjera a nuestra Comunitat es uno de los objetivos del <a href=\"http:\/\/www.gva.es\/\">Consell<\/a> ya que \u201csi en estos momentos es fundamental conseguir que m\u00e1s empresas de la Comunitat hagan negocio en el exterior, no lo es menos incrementar la inversi\u00f3n internacional en nuestra regi\u00f3n\u201d.<\/p>\n<p>De esta manera ha apuntado que en la actual coyuntura econ\u00f3mica \u201cnuestra prioridad es la creaci\u00f3n de empleo y por tanto la atracci\u00f3n de proyectos empresariales de alto impacto econ\u00f3mico, como <strong>AMCOL<\/strong>, es una excelente noticia por su alto grado de generaci\u00f3n de empleo y riqueza\u201d.<\/p>\n<p>Durante su visita a Cheste, el conseller de Econom\u00eda, Industria y Comercio, M\u00e1ximo Buch, ha  destacado tambi\u00e9n \u00abla importancia del sector qu\u00edmico para la econom\u00eda y  crecimiento de la Comunitat Valenciana porque genera empleo cualificado y  aporta I+D+i\u00bb.<br \/>\nAs\u00ed, ha destacado que las empresas de este sector aportan un  valor a\u00f1adido a nuestros tejidos productivos que favorecen su capacidad  para innovar y para internacionalizarse.<\/p>\n<p>Del mismo modo, ha a\u00f1adido que estas industrias \u00abofrecen  tambi\u00e9n ventajas competitivas y un gran potencial de crecimiento y de  creaci\u00f3n de puestos de trabajo cualificados\u00bb.<\/p>\n<p>Buch se ha manifestado en estos t\u00e9rminos durante su visita a la  empresa del sector qu\u00edmico Suavizantes y Plastificantes Bituminosos  S.L. (SPB), donde ha conocido de primera mano la relevancia de este  sector para el conjunto de la econom\u00eda de la Comunitat Valenciana.<\/p>\n<p>La Comunitat Valenciana cuenta con m\u00e1s de 450 empresas qu\u00edmicas  que emplean a m\u00e1s de 12.000 personas, adem\u00e1s este sector en la  Comunitat concentra el 15% de toda la industria qu\u00edmica espa\u00f1ola.<\/p>\n<p>Asimismo, el titular de Econom\u00eda ha apuntado que uno de los  objetivos que se marca la Estrategia de Pol\u00edtica Industrial \u00abes abrirnos  a nuevos sectores de alta intensidad tecnol\u00f3gica que nos permitan ser  m\u00e1s competitivos y, junto con nuestros sectores tradicionales, disponer  de un sector industrial con mayor peso en el PIB de la Comunitat\u00bb.<\/p>\n<p>Durante su intervenci\u00f3n, el conseller ha felicitado a SPB por  su labor pionera e innovadora y ha asegurado que se trata de un  referente de empresa competitiva que ha sabido adaptarse a la dif\u00edcil  coyuntura actual y mantener un crecimiento moderado.<\/p>\n<p><strong>SPB <\/strong><\/p>\n<p>SPB es una empresa del sector qu\u00edmico que se encuentra ubicada  en Cheste. En el pasado ejercicio esta industria factur\u00f3 91,7 millones  de euros, un 12% m\u00e1s que en 2010 y prev\u00e9 facturar el pr\u00f3ximo a\u00f1o cerca  de 100 millones de euros.<\/p>\n<p>SPB proporciona al mercado productos de limpieza, disolventes,  productos para el tratamiento de piscinas y productos cosm\u00e9ticos  competitivos con el compromiso a\u00f1adido de respetar el medio ambiente.<\/p>\n<p>SPB pertenece a la Asociaci\u00f3n Qu\u00edmica y Medioambiental del  Sector Qu\u00edmico de la Comunitat Valenciana (QUIMACOVA) que aglutina a m\u00e1s  de 110 asociados, cuenta con 110 empresas que emplean a 4.100  trabajadores y aglutinan una facturaci\u00f3n de 2.600 millones de euros.<\/p>\n<p>La Conselleria de Econom\u00eda, Industria y Comercio ha concedido  durante el periodo 2007-2012 un total de 1,8 millones de euros para  impulsar la actividad de QUIMACOVA.<\/p>\n","protected":false},"excerpt":{"rendered":"<div class=\"mh-excerpt\">La multinacional estadounidense AMCOL tiene previsto instalar en el t\u00e9rmino municipal de Cheste una planta de procesamiento de arcillas especiales (CETCO) para lo que invertir\u00e1 un total de 7,5 millones de euros y que adem\u00e1s <a class=\"mh-excerpt-more\" href=\"https:\/\/www.tucomarca.com\/wordpress\/segunda\/la-multinacional-estadounidense-amcol-elige-cheste-para-invertir-75-millones-de-euros-en-desarrollar-su-nuevo-proyecto\/\" title=\"La multinacional estadounidense AMCOL elige Cheste para invertir 7,5 millones de euros en desarrollar su nuevo proyecto\">[+] <\/a><\/div>\n","protected":false},"author":1,"featured_media":2845,"comment_status":"open","ping_status":"open","sticky":false,"template":"","format":"standard","meta":{"footnotes":""},"categories":[17,128,8,10,3,45],"tags":[],"class_list":{"0":"post-2844","1":"post","2":"type-post","3":"status-publish","4":"format-standard","5":"has-post-thumbnail","7":"category-cheste","8":"category-infraestructuras","9":"category-la-comarca","10":"category-la-hoya","11":"category-seccion","12":"category-ventana"},"_links":{"self":[{"href":"https:\/\/www.tucomarca.com\/wordpress\/segunda\/wp-json\/wp\/v2\/posts\/2844","targetHints":{"allow":["GET"]}}],"collection":[{"href":"https:\/\/www.tucomarca.com\/wordpress\/segunda\/wp-json\/wp\/v2\/posts"}],"about":[{"href":"https:\/\/www.tucomarca.com\/wordpress\/segunda\/wp-json\/wp\/v2\/types\/post"}],"author":[{"embeddable":true,"href":"https:\/\/www.tucomarca.com\/wordpress\/segunda\/wp-json\/wp\/v2\/users\/1"}],"replies":[{"embeddable":true,"href":"https:\/\/www.tucomarca.com\/wordpress\/segunda\/wp-json\/wp\/v2\/comments?post=2844"}],"version-history":[{"count":0,"href":"https:\/\/www.tucomarca.com\/wordpress\/segunda\/wp-json\/wp\/v2\/posts\/2844\/revisions"}],"wp:featuredmedia":[{"embeddable":true,"href":"https:\/\/www.tucomarca.com\/wordpress\/segunda\/wp-json\/wp\/v2\/media\/2845"}],"wp:attachment":[{"href":"https:\/\/www.tucomarca.com\/wordpress\/segunda\/wp-json\/wp\/v2\/media?parent=2844"}],"wp:term":[{"taxonomy":"category","embeddable":true,"href":"https:\/\/www.tucomarca.com\/wordpress\/segunda\/wp-json\/wp\/v2\/categories?post=2844"},{"taxonomy":"post_tag","embeddable":true,"href":"https:\/\/www.tucomarca.com\/wordpress\/segunda\/wp-json\/wp\/v2\/tags?post=2844"}],"curies":[{"name":"wp","href":"https:\/\/api.w.org\/{rel}","templated":true}]}}