{"id":284538,"date":"2025-11-05T09:15:00","date_gmt":"2025-11-05T08:15:00","guid":{"rendered":"https:\/\/www.tucomarca.com\/wordpress\/segunda\/?p=284538"},"modified":"2025-11-05T18:53:17","modified_gmt":"2025-11-05T17:53:17","slug":"el-circuit-ricardo-tormo-lanza-la-mir-racing-aspar-cup-para-apoyar-a-jovenes-pilotos","status":"publish","type":"post","link":"https:\/\/www.tucomarca.com\/wordpress\/segunda\/el-circuit-ricardo-tormo-lanza-la-mir-racing-aspar-cup-para-apoyar-a-jovenes-pilotos\/","title":{"rendered":"El Circuit Ricardo Tormo lanza la MIR Racing Aspar Cup para apoyar a j\u00f3venes pilotos"},"content":{"rendered":"\n<h3 class=\"wp-block-heading\">Con el soporte de MIR Racing y la organizaci\u00f3n mundialista del Aspar Team se crea una estructura de promoci\u00f3n de j\u00f3venes pilotos.<\/h3>\n\n\n\n<h3 class=\"wp-block-heading\">Se trata de un proyecto global \u00fanico en el mundo que abarca desde las minimotos hasta el campeonato del mundo de motociclismo.<\/h3>\n\n\n\n<p>El Circuit Ricardo Tormo, MIR Racing y el Aspar Team se han unido para construir el campeonato m\u00e1s grande e influyente del motociclismo base a nivel mundial.<\/p>\n\n\n\n<p>La MIR Racing Aspar Cup completar\u00e1 el primer proyecto global de motociclismo del mundo. La uni\u00f3n de Aspar Team con la MIR Racing Cup y el Circuit Ricardo Tormo permitir\u00e1 redefinir el motociclismo base y construir el campeonato m\u00e1s grande e influyente del motociclismo formativo.<\/p>\n\n\n\n<p>Esta uni\u00f3n estrat\u00e9gica consolida un proyecto, el de la MIR Racing Aspar Cup, que ofrecer\u00e1 a los j\u00f3venes pilotos una aut\u00e9ntica escalera deportiva hacia MotoGP, en colaboraci\u00f3n directa con la estructura del Aspar Team.<\/p>\n\n\n\n<p>El campeonato, que se celebra \u00edntegramente en Espa\u00f1a y que ya cuenta con pilotos de m\u00e1s de 30 nacionalidades distintas inscritos entre sus categor\u00edas Promo3, Moto5, GP12, GP10, Alevin90 y Minimotos, contar\u00e1 ahora con una estructura m\u00e1s s\u00f3lida gracias a Aspar Team. La competici\u00f3n adquiere as\u00ed una mayor proyecci\u00f3n y consolida su posici\u00f3n como referencia mundial en el desarrollo de j\u00f3venes talentos.<\/p>\n\n\n\n<p>Jorge Mart\u00ednez &#8216;Aspar&#8217; potencia as\u00ed su objetivo de llevar a j\u00f3venes pilotos de motociclismo desde la base hasta el Mundial. Este proyecto, que arranc\u00f3 en 1999 de la mano del Circuit Ricardo Tormo con la F\u00f3rmula Airtel, despu\u00e9s se convertir\u00eda en la Cuna de Campeones, un campeonato que ayud\u00f3 a decenas de pilotos a cumplir su sue\u00f1o de llegar al Mundial. Ahora, con esta alianza arranca una nueva era para el motociclismo base: un proyecto com\u00fan que combina infraestructura, experiencia y proyecci\u00f3n internacional con un mismo prop\u00f3sito: formar a los futuros campeones del mundo.<\/p>\n\n\n\n<p>Con esta alianza, la MIR Racing Cup, Aspar Team y el Circuit Ricardo Tormo reinventan el modelo de motociclismo base, creando sinergias entre sus estructuras deportivas, t\u00e9cnicas y de formaci\u00f3n. Entre las tres partes buscar\u00e1n desarrollar proyectos conjuntos que incluir\u00e1n programas de entrenamiento y nuevas iniciativas deportivas vinculadas al campeonato.<\/p>\n\n\n\n<p>Como parte de esta nueva etapa, se reforzar\u00e1 el programa de detecci\u00f3n y promoci\u00f3n de talentos, en el que los pilotos ser\u00e1n evaluados no solo por sus resultados en pista, sino tambi\u00e9n por su progresi\u00f3n t\u00e9cnica, preparaci\u00f3n f\u00edsica y mentalidad competitiva. Adem\u00e1s, se mantendr\u00e1 el sistema de becas: los primeros clasificados de cada categor\u00eda recibir\u00e1n ayudas que les permitir\u00e1n continuar su desarrollo en los escalones superiores del campeonato a un coste inferior.<\/p>\n\n\n\n<p>El director del Centro Especializado de Tecnificaci\u00f3n Deportiva del Motor y director adjunto del Circuit Ricardo Tormo, Bernardo Bonet, ha subrayado que \u201cel Circuit Ricardo Tormo viene impulsando la promoci\u00f3n de j\u00f3venes pilotos desde hace ya m\u00e1s de 25 a\u00f1os. Este es un paso adelante m\u00e1s para continuar con este esfuerzo por formar a las estrellas del futuro del motociclismo de la mano de los mejores socios, que acumulan una gran experiencia en la gesti\u00f3n de talento. Juntos vamos a ayudar a formar a los campeones del futuro\u201d.<\/p>\n\n\n\n<p>Jorge Mart\u00ednez &#8216;Aspar&#8217;, CEO de Aspar Team, ha manifestado que \u201cel motociclismo base es el coraz\u00f3n de nuestro deporte. Si queremos ver nuevos campeones en el futuro, tenemos que apostar por su formaci\u00f3n desde abajo. Con la MIR Racing Cup y el Circuit Ricardo Tormo compartimos la misma visi\u00f3n: crear un camino real y accesible desde las minimotos hasta MotoGP. Esta uni\u00f3n permitir\u00e1 a los j\u00f3venes pilotos formarse con estructura, valores y objetivos claros, dentro de un entorno profesional que los prepare para llegar a lo m\u00e1s alto\u201d.<\/p>\n\n\n\n<p>Finalmente, el director general de la MIR Racing Cup, Daniel Ant\u00f3n, ha indicado que nuestro objetivo \u00absiempre ha sido ofrecer oportunidades reales a los pilotos. Con esta uni\u00f3n, el sue\u00f1o de llegar a MotoGP desde la base est\u00e1 m\u00e1s vivo que nunca: esta alianza con el Aspar Team y el Circuit Ricardo Tormo es el paso definitivo para hacer realidad ese sue\u00f1o. Juntos vamos a construir el mayor proyecto de motociclismo base de la historia, una plataforma que conecte talento, formaci\u00f3n y futuro. Queremos que cada ni\u00f1o que se suba a una minimoto pueda imaginarse alg\u00fan d\u00eda en la parrilla de MotoGP, y que ese camino sea con nosotros\u201d.<\/p>\n","protected":false},"excerpt":{"rendered":"<div class=\"mh-excerpt\">Con el soporte de MIR Racing y la organizaci\u00f3n mundialista del Aspar Team se crea una estructura de promoci\u00f3n de j\u00f3venes pilotos. Se trata de un proyecto global \u00fanico en el mundo que abarca desde <a class=\"mh-excerpt-more\" href=\"https:\/\/www.tucomarca.com\/wordpress\/segunda\/el-circuit-ricardo-tormo-lanza-la-mir-racing-aspar-cup-para-apoyar-a-jovenes-pilotos\/\" title=\"El Circuit Ricardo Tormo lanza la MIR Racing Aspar Cup para apoyar a j\u00f3venes pilotos\">[+] <\/a><\/div>\n","protected":false},"author":12,"featured_media":284541,"comment_status":"open","ping_status":"open","sticky":false,"template":"","format":"standard","meta":{"footnotes":""},"categories":[17,6,10,91,3],"tags":[339,10474,5952,23303],"class_list":{"0":"post-284538","1":"post","2":"type-post","3":"status-publish","4":"format-standard","5":"has-post-thumbnail","7":"category-cheste","8":"category-deportes","9":"category-la-hoya","10":"category-motociclismo","11":"category-seccion","12":"tag-cheste-2","13":"tag-circuit-ricardo-tormo","14":"tag-la-hoya-de-bunol-chiva","15":"tag-mir-racing-aspar-cup"},"_links":{"self":[{"href":"https:\/\/www.tucomarca.com\/wordpress\/segunda\/wp-json\/wp\/v2\/posts\/284538","targetHints":{"allow":["GET"]}}],"collection":[{"href":"https:\/\/www.tucomarca.com\/wordpress\/segunda\/wp-json\/wp\/v2\/posts"}],"about":[{"href":"https:\/\/www.tucomarca.com\/wordpress\/segunda\/wp-json\/wp\/v2\/types\/post"}],"author":[{"embeddable":true,"href":"https:\/\/www.tucomarca.com\/wordpress\/segunda\/wp-json\/wp\/v2\/users\/12"}],"replies":[{"embeddable":true,"href":"https:\/\/www.tucomarca.com\/wordpress\/segunda\/wp-json\/wp\/v2\/comments?post=284538"}],"version-history":[{"count":0,"href":"https:\/\/www.tucomarca.com\/wordpress\/segunda\/wp-json\/wp\/v2\/posts\/284538\/revisions"}],"wp:featuredmedia":[{"embeddable":true,"href":"https:\/\/www.tucomarca.com\/wordpress\/segunda\/wp-json\/wp\/v2\/media\/284541"}],"wp:attachment":[{"href":"https:\/\/www.tucomarca.com\/wordpress\/segunda\/wp-json\/wp\/v2\/media?parent=284538"}],"wp:term":[{"taxonomy":"category","embeddable":true,"href":"https:\/\/www.tucomarca.com\/wordpress\/segunda\/wp-json\/wp\/v2\/categories?post=284538"},{"taxonomy":"post_tag","embeddable":true,"href":"https:\/\/www.tucomarca.com\/wordpress\/segunda\/wp-json\/wp\/v2\/tags?post=284538"}],"curies":[{"name":"wp","href":"https:\/\/api.w.org\/{rel}","templated":true}]}}