{"id":2847,"date":"2012-06-02T16:17:29","date_gmt":"2012-06-02T14:17:29","guid":{"rendered":"http:\/\/www.tucomarca.com\/wordpress\/segunda\/?p=2847"},"modified":"2012-06-02T17:21:54","modified_gmt":"2012-06-02T15:21:54","slug":"continua-la-busqueda-en-el-vertedero-de-dos-aguas-del-cuerpo-del-nino-desaparecido","status":"publish","type":"post","link":"https:\/\/www.tucomarca.com\/wordpress\/segunda\/continua-la-busqueda-en-el-vertedero-de-dos-aguas-del-cuerpo-del-nino-desaparecido\/","title":{"rendered":"Contin\u00faa la b\u00fasqueda en el vertedero de Dos Aguas del cuerpo del ni\u00f1o desaparecido en Valencia"},"content":{"rendered":"<div id=\"cambioTamano\">\n<p>El Cuerpo Nacional de Polic\u00eda y la Guardia Civil  han reanudado a primera hora de este s\u00e1bado la b\u00fasqueda del cad\u00e1ver de  un ni\u00f1o de 3 a\u00f1os en el vertedero de Dos Aguas, donde lleg\u00f3  tras ser arrojado a un contenedor en Valencia, acto del que se acusa a  dos mujeres, que est\u00e1n detenidas.<\/p>\n<p>La desaparici\u00f3n del menor fue denunciada por su  madre el pasado mi\u00e9rcoles cuando estaba bajo el cuidado de dos amigas,  que son las detenidas. Ambas relataron a los agentes que el menor fue  secuestrado por un hombre, que se hizo pasar por polic\u00eda, mientras  paseaban por Valencia, pero finalmente una de ellas confes\u00f3 que el ni\u00f1o  estaba muerto y que lo echaron a un contenedor, tal como han informado fuentes de Europa Press.<\/p>\n<p>La b\u00fasqueda del cad\u00e1ver comenz\u00f3 la pasada  madrugada en el vertedero de Quart de Poblet, municipio del \u00e1rea  metropolitana de Valencia en el que se compacta la basura, y  posteriormente se traslad\u00f3 al de Dos Aguas, en el interior de la  provincia, al que se llegan los residuos en forma de balas.<\/p>\n<p>Agentes de la Polic\u00eda Cient\u00edfica y de la Guardia  Civil, apoyados por operarios de la planta, t\u00e9cnicos municipales,  ingenieros y bomberos, prosiguen lentamente y rebuscando entre kilos de  residuos con ayuda de perros y excavadoras.<\/p>\n<p>Seg\u00fan han advertido fuentes policiales, las tareas de b\u00fasqueda podr\u00edan prolongarse durante d\u00edas debido a su dificultad.<\/p>\n<p>Una patrulla de agentes se person\u00f3 en el  domicilio de las dos mujeres, compatriotas de la madre, que se que  hab\u00edan quedado encargadas del peque\u00f1o mientras ella se encontraba fuera  de la ciudad.<\/p>\n<p>Ambas contaron que el menor hab\u00eda sido  secuestrado mientras paseaban por Valencia por un hombre que se hab\u00eda  hecho pasar por polic\u00eda.<\/p>\n<p>Ante la inconsistencia del relato, y en una  segunda declaraci\u00f3n, al parecer una de ellas admiti\u00f3 que el ni\u00f1o hab\u00eda  fallecido y que hab\u00edan dejado el cuerpo en un contenedor de basura de la  capital valenciana.<\/p>\n<\/div>\n","protected":false},"excerpt":{"rendered":"<div class=\"mh-excerpt\">El Cuerpo Nacional de Polic\u00eda y la Guardia Civil han reanudado a primera hora de este s\u00e1bado la b\u00fasqueda del cad\u00e1ver de un ni\u00f1o de 3 a\u00f1os en el vertedero de Dos Aguas, donde lleg\u00f3 <a class=\"mh-excerpt-more\" href=\"https:\/\/www.tucomarca.com\/wordpress\/segunda\/continua-la-busqueda-en-el-vertedero-de-dos-aguas-del-cuerpo-del-nino-desaparecido\/\" title=\"Contin\u00faa la b\u00fasqueda en el vertedero de Dos Aguas del cuerpo del ni\u00f1o desaparecido en Valencia\">[+] <\/a><\/div>\n","protected":false},"author":1,"featured_media":0,"comment_status":"open","ping_status":"open","sticky":false,"template":"","format":"standard","meta":{"footnotes":""},"categories":[15,8,10,3,116],"tags":[],"class_list":{"0":"post-2847","1":"post","2":"type-post","3":"status-publish","4":"format-standard","6":"category-dos-aguas","7":"category-la-comarca","8":"category-la-hoya","9":"category-seccion","10":"category-sucesos-la-comarca"},"_links":{"self":[{"href":"https:\/\/www.tucomarca.com\/wordpress\/segunda\/wp-json\/wp\/v2\/posts\/2847","targetHints":{"allow":["GET"]}}],"collection":[{"href":"https:\/\/www.tucomarca.com\/wordpress\/segunda\/wp-json\/wp\/v2\/posts"}],"about":[{"href":"https:\/\/www.tucomarca.com\/wordpress\/segunda\/wp-json\/wp\/v2\/types\/post"}],"author":[{"embeddable":true,"href":"https:\/\/www.tucomarca.com\/wordpress\/segunda\/wp-json\/wp\/v2\/users\/1"}],"replies":[{"embeddable":true,"href":"https:\/\/www.tucomarca.com\/wordpress\/segunda\/wp-json\/wp\/v2\/comments?post=2847"}],"version-history":[{"count":0,"href":"https:\/\/www.tucomarca.com\/wordpress\/segunda\/wp-json\/wp\/v2\/posts\/2847\/revisions"}],"wp:attachment":[{"href":"https:\/\/www.tucomarca.com\/wordpress\/segunda\/wp-json\/wp\/v2\/media?parent=2847"}],"wp:term":[{"taxonomy":"category","embeddable":true,"href":"https:\/\/www.tucomarca.com\/wordpress\/segunda\/wp-json\/wp\/v2\/categories?post=2847"},{"taxonomy":"post_tag","embeddable":true,"href":"https:\/\/www.tucomarca.com\/wordpress\/segunda\/wp-json\/wp\/v2\/tags?post=2847"}],"curies":[{"name":"wp","href":"https:\/\/api.w.org\/{rel}","templated":true}]}}