{"id":284768,"date":"2025-11-10T10:15:00","date_gmt":"2025-11-10T09:15:00","guid":{"rendered":"https:\/\/www.tucomarca.com\/wordpress\/segunda\/?p=284768"},"modified":"2025-11-10T13:36:44","modified_gmt":"2025-11-10T12:36:44","slug":"salvemos-farrajon-se-opone-a-la-construccion-de-una-macroplanta-de-biometano-muy-cerca-del-poligono-industrial-de-bunol","status":"publish","type":"post","link":"https:\/\/www.tucomarca.com\/wordpress\/segunda\/salvemos-farrajon-se-opone-a-la-construccion-de-una-macroplanta-de-biometano-muy-cerca-del-poligono-industrial-de-bunol\/","title":{"rendered":"&#8216;Salvemos Farraj\u00f3n&#8217; se opone a la construcci\u00f3n de una macroplanta de biometano muy cerca del pol\u00edgono industrial de Bu\u00f1ol"},"content":{"rendered":"\n<p>La Asociaci\u00f3n Ecovecinal Salvemos Farraj\u00f3n quiere poner en conocimiento de toda la poblaci\u00f3n de Bu\u00f1ol, \u00abla existencia de un nuevo macroproyecto que pretende instalarse, de nuevo, en nuestro querido paraje de Farraj\u00f3n. En este caso se trata de una Macroplanta de Biometano que estar\u00eda situada en una amplia zona de Farraj\u00f3n, en el l\u00edmite con el t\u00e9rmino municipal de Chiva y muy cerca del pol\u00edgono industrial de Bu\u00f1ol\u00bb, tal como han informado.<\/p>\n\n\n\n<p>\u00abComo ya ocurriera con la macroplanta fotovoltaica \u201cGodelleta 1\u201d -de momento paralizada- pretenden disfrazar este nuevo macroproyecto de \u201cgenerador de energ\u00eda renovable\u201d cuando lo que all\u00ed se producir\u00eda tras unos procesos ambientalmente muy cuestionables, ser\u00eda gas metano que no deja de ser un combustible f\u00f3sil y por tanto, un gas de efecto invernadero. Son muchos los problemas que genera este nuevo \u201cboom\u201d que suponen las macroinstalaciones de Biog\u00e1s (olores insoportables, filtraciones al subsuelo de residuos t\u00f3xicos o el innumerable y diario trasiego de camiones atravesando un paraje natural cargados con toneladas de desperdicios)\u00bb, han a\u00f1adido.<\/p>\n\n\n\n<p>\u00abParece pues, que Bu\u00f1ol est\u00e1 destinado a ser una zona de sacrificio convertida en estercolero donde va a parar toda la porquer\u00eda sobrante de esta sociedad de la basura. Y no lo podemos consentir\u00bb, mantienen desde la plataforma.\u00a0<\/p>\n\n\n\n<p>Salvemos Farraj\u00f3n se manifiesta \u00abrotundamente en contra de esto y espera de nuevo, que todos los grupos pol\u00edticos y el gobierno en bloque se posicionen en contra de esta nueva aberraci\u00f3n medioambiental que podr\u00eda afectar gravemente el aire, el suelo y las aguas que corren subterr\u00e1neas por el t\u00e9rmino de Bu\u00f1ol, Chiva y Alborache y la calidad de vida de los habitantes de las casas de Farraj\u00f3n y zonas colindantes. Este nuevo pelotazo que busca sustituir a la burbuja de las macrorrenovables que est\u00e1 empezando a pinchar, no busca m\u00e1s que el beneficio de unos pocos a corto plazo, generando muchos m\u00e1s problemas que los que pretende solucionar\u00bb.<\/p>\n\n\n\n<p>Por \u00faltimo, Salvemos Farraj\u00f3n anuncia que va a empezar \u00abuna campa\u00f1a de sensibilizaci\u00f3n sobre esta problem\u00e1tica y buscar\u00e1 de nuevo el apoyo y la colaboraci\u00f3n de todo el vecindario de nuestro pueblo que nunca ha fallado.\u00a0Porque Bu\u00f1ol no termina donde acaban sus calles, Salvemos Farraj\u00f3n\u00bb, han finalizado.\u00a0<\/p>\n","protected":false},"excerpt":{"rendered":"<div class=\"mh-excerpt\">La Asociaci\u00f3n Ecovecinal Salvemos Farraj\u00f3n quiere poner en conocimiento de toda la poblaci\u00f3n de Bu\u00f1ol, \u00abla existencia de un nuevo macroproyecto que pretende instalarse, de nuevo, en nuestro querido paraje de Farraj\u00f3n. En este caso <a class=\"mh-excerpt-more\" href=\"https:\/\/www.tucomarca.com\/wordpress\/segunda\/salvemos-farrajon-se-opone-a-la-construccion-de-una-macroplanta-de-biometano-muy-cerca-del-poligono-industrial-de-bunol\/\" title=\"&#8216;Salvemos Farraj\u00f3n&#8217; se opone a la construcci\u00f3n de una macroplanta de biometano muy cerca del pol\u00edgono industrial de Bu\u00f1ol\">[+] <\/a><\/div>\n","protected":false},"author":12,"featured_media":284770,"comment_status":"open","ping_status":"open","sticky":false,"template":"","format":"standard","meta":{"footnotes":""},"categories":[18,128,8,10,117,142,3,116,45],"tags":[22771,10385,5952,19824],"class_list":{"0":"post-284768","1":"post","2":"type-post","3":"status-publish","4":"format-standard","5":"has-post-thumbnail","7":"category-bunol","8":"category-infraestructuras","9":"category-la-comarca","10":"category-la-hoya","11":"category-medio-ambiente-la-comarca","12":"category-politica-la-comarca","13":"category-seccion","14":"category-sucesos-la-comarca","15":"category-ventana","16":"tag-asociacion-vecinal-salvemos-farrajon","17":"tag-bunol","18":"tag-la-hoya-de-bunol-chiva","19":"tag-planta-de-biometano"},"_links":{"self":[{"href":"https:\/\/www.tucomarca.com\/wordpress\/segunda\/wp-json\/wp\/v2\/posts\/284768","targetHints":{"allow":["GET"]}}],"collection":[{"href":"https:\/\/www.tucomarca.com\/wordpress\/segunda\/wp-json\/wp\/v2\/posts"}],"about":[{"href":"https:\/\/www.tucomarca.com\/wordpress\/segunda\/wp-json\/wp\/v2\/types\/post"}],"author":[{"embeddable":true,"href":"https:\/\/www.tucomarca.com\/wordpress\/segunda\/wp-json\/wp\/v2\/users\/12"}],"replies":[{"embeddable":true,"href":"https:\/\/www.tucomarca.com\/wordpress\/segunda\/wp-json\/wp\/v2\/comments?post=284768"}],"version-history":[{"count":0,"href":"https:\/\/www.tucomarca.com\/wordpress\/segunda\/wp-json\/wp\/v2\/posts\/284768\/revisions"}],"wp:featuredmedia":[{"embeddable":true,"href":"https:\/\/www.tucomarca.com\/wordpress\/segunda\/wp-json\/wp\/v2\/media\/284770"}],"wp:attachment":[{"href":"https:\/\/www.tucomarca.com\/wordpress\/segunda\/wp-json\/wp\/v2\/media?parent=284768"}],"wp:term":[{"taxonomy":"category","embeddable":true,"href":"https:\/\/www.tucomarca.com\/wordpress\/segunda\/wp-json\/wp\/v2\/categories?post=284768"},{"taxonomy":"post_tag","embeddable":true,"href":"https:\/\/www.tucomarca.com\/wordpress\/segunda\/wp-json\/wp\/v2\/tags?post=284768"}],"curies":[{"name":"wp","href":"https:\/\/api.w.org\/{rel}","templated":true}]}}