{"id":284866,"date":"2025-11-10T09:10:00","date_gmt":"2025-11-10T08:10:00","guid":{"rendered":"https:\/\/www.tucomarca.com\/wordpress\/segunda\/?p=284866"},"modified":"2025-11-10T19:58:11","modified_gmt":"2025-11-10T18:58:11","slug":"el-gran-premio-motul-de-la-comunitat-valenciana-incrementa-la-oferta-de-actividades-para-la-aficion","status":"publish","type":"post","link":"https:\/\/www.tucomarca.com\/wordpress\/segunda\/el-gran-premio-motul-de-la-comunitat-valenciana-incrementa-la-oferta-de-actividades-para-la-aficion\/","title":{"rendered":"El Gran Premio Motul de la Comunitat Valenciana incrementa la oferta de actividades para la afici\u00f3n"},"content":{"rendered":"\n<h3 class=\"wp-block-heading\">Los aficionados tendr\u00e1n la oportunidad de participar en la &#8216;invasi\u00f3n&#8217; de la pista tras la carrera de MotoGP, una oportunidad que estaba reservada hasta ahora a solo un sector de los seguidores, entre otras novedosas propuestas.<\/h3>\n\n\n\n<h3 class=\"wp-block-heading\">El\u00a0Gran Premio vuelve al Circuit tras un a\u00f1o de ausencia para cerrar la temporada de MotoGP.<\/h3>\n\n\n\n<p>El Circuit Ricardo Tormo celebra este fin de semana el Gran Premio Motul de la Comunitat Valenciana que cierra la temporada 2025 de MotoGP.<\/p>\n\n\n\n<p>Comienza as\u00ed la semana m\u00e1s especial del a\u00f1o para el Circuit Ricardo Tormo. Un a\u00f1o m\u00e1s, este es uno de los mejores grandes premios para los aficionados que se acercan a ver las carreras en directo al circuito de todo el Mundial de MotoGP, y no s\u00f3lo por el hecho de que en el trazado valenciano se puede ver la mayor parte del circuito desde cualquier grada.<\/p>\n\n\n\n<p>El Circuit Ricardo Tormo acoge la \u00faltima prueba del Mundial 2025, pero tambi\u00e9n los primeros test de pretemporada de MotoGP de cara a 2026. Esto ser\u00e1 el martes 18 de noviembre y todos los aficionados podr\u00e1n acceder al Circuit por s\u00f3lo cinco euros y disfrutar de las motos desde las diez en punto de la ma\u00f1ana hasta las cinco de la tarde.<\/p>\n\n\n\n<p><strong>Con los pilotos<\/strong><\/p>\n\n\n\n<p>M\u00e1s all\u00e1 de los test de MotoGP que se celebran despu\u00e9s del Gran Premio, antes de que comience la acci\u00f3n en pista se celebra el tradicional &#8216;Pit Walk&#8217;, una cita muy especial en la que los aficionados pueden ver de primera mano c\u00f3mo se trabaja en los boxes del Mundial y tienen la oportunidad de conocer a los pilotos de todas las categor\u00edas, que suelen salir a firmar aut\u00f3grafos y a hacerse fotos con los asistentes.<\/p>\n\n\n\n<p>Pero esta no es la \u00fanica ocasi\u00f3n en la que los pilotos estar\u00e1n con la afici\u00f3n, tambi\u00e9n se celebra el &#8216;Hero Walk&#8217;, y esta vez con novedades. En ediciones anteriores esta iniciativa estaba reservada s\u00f3lo a aficionados con pase de &#8216;Paddock&#8217;, VIP o de Tribuna Boxes, los cuales tienen incluido el acceso con su entrada, pero ahora se abre la opci\u00f3n a todos los aficionados de cualquier grada. Este a\u00f1o hay 350 entradas a la venta disponibles por 25 euros. El s\u00e1bado ser\u00e1 el &#8216;Hero Walk&#8217; de Moto2 y Moto3 de 11:45 a 12:15, mientras que el de los pilotos de MotoGP ser\u00e1 el domingo de 10:20 a 10:40 h.<\/p>\n\n\n\n<p>Para completar la oferta de actividades, el Circuit realiza otras dos propuestas: una de ellas es la &#8216;invasi\u00f3n&#8217; a pista para ver el podio de MotoGP, donde se produce un ambiente \u00fanico en la recta del Circuit. De este modo, todos los aficionados tendr\u00e1n la oportunidad de participar en la &#8216;invasi\u00f3n&#8217; de la pista tras la carrera de MotoGP, una oportunidad que estaba reservada hasta ahora a solo un sector de los seguidores.&nbsp;<\/p>\n\n\n\n<p>La otra novedad es la gala &#8216;MotoGP Awards&#8217;. Por primera vez en la historia de MotoGP se abre al p\u00fablico este evento y, tambi\u00e9n por primera vez, se celebrar\u00e1 en las instalaciones del mismo circuito. Adem\u00e1s de los miembros del &#8216;Paddock&#8217;, invitados y dem\u00e1s asistentes habituales, hasta 1.500 aficionados tienen la oportunidad de comprar una entrada para asistir a esta gala con un precio de 25 euros.<\/p>\n\n\n\n<p>Valencia ser\u00e1 el epicentro del mundo del motor durante toda esta semana y m\u00e1s miles de aficionados volver\u00e1n a llenar las gradas del Circuit Ricardo Tormo tras la cancelaci\u00f3n del Gran Premio de 2024.<\/p>\n","protected":false},"excerpt":{"rendered":"<div class=\"mh-excerpt\">Los aficionados tendr\u00e1n la oportunidad de participar en la &#8216;invasi\u00f3n&#8217; de la pista tras la carrera de MotoGP, una oportunidad que estaba reservada hasta ahora a solo un sector de los seguidores, entre otras novedosas <a class=\"mh-excerpt-more\" href=\"https:\/\/www.tucomarca.com\/wordpress\/segunda\/el-gran-premio-motul-de-la-comunitat-valenciana-incrementa-la-oferta-de-actividades-para-la-aficion\/\" title=\"El Gran Premio Motul de la Comunitat Valenciana incrementa la oferta de actividades para la afici\u00f3n\">[+] <\/a><\/div>\n","protected":false},"author":12,"featured_media":284868,"comment_status":"open","ping_status":"open","sticky":false,"template":"","format":"standard","meta":{"footnotes":""},"categories":[4,17,6,8,72,10,91,3,45],"tags":[339,10474,15174,5952],"class_list":{"0":"post-284866","1":"post","2":"type-post","3":"status-publish","4":"format-standard","5":"has-post-thumbnail","7":"category-agenda","8":"category-cheste","9":"category-deportes","10":"category-la-comarca","11":"category-sin-categorizar","12":"category-la-hoya","13":"category-motociclismo","14":"category-seccion","15":"category-ventana","16":"tag-cheste-2","17":"tag-circuit-ricardo-tormo","18":"tag-gran-premio-motul-de-la-comunitat-valenciana","19":"tag-la-hoya-de-bunol-chiva"},"_links":{"self":[{"href":"https:\/\/www.tucomarca.com\/wordpress\/segunda\/wp-json\/wp\/v2\/posts\/284866","targetHints":{"allow":["GET"]}}],"collection":[{"href":"https:\/\/www.tucomarca.com\/wordpress\/segunda\/wp-json\/wp\/v2\/posts"}],"about":[{"href":"https:\/\/www.tucomarca.com\/wordpress\/segunda\/wp-json\/wp\/v2\/types\/post"}],"author":[{"embeddable":true,"href":"https:\/\/www.tucomarca.com\/wordpress\/segunda\/wp-json\/wp\/v2\/users\/12"}],"replies":[{"embeddable":true,"href":"https:\/\/www.tucomarca.com\/wordpress\/segunda\/wp-json\/wp\/v2\/comments?post=284866"}],"version-history":[{"count":0,"href":"https:\/\/www.tucomarca.com\/wordpress\/segunda\/wp-json\/wp\/v2\/posts\/284866\/revisions"}],"wp:featuredmedia":[{"embeddable":true,"href":"https:\/\/www.tucomarca.com\/wordpress\/segunda\/wp-json\/wp\/v2\/media\/284868"}],"wp:attachment":[{"href":"https:\/\/www.tucomarca.com\/wordpress\/segunda\/wp-json\/wp\/v2\/media?parent=284866"}],"wp:term":[{"taxonomy":"category","embeddable":true,"href":"https:\/\/www.tucomarca.com\/wordpress\/segunda\/wp-json\/wp\/v2\/categories?post=284866"},{"taxonomy":"post_tag","embeddable":true,"href":"https:\/\/www.tucomarca.com\/wordpress\/segunda\/wp-json\/wp\/v2\/tags?post=284866"}],"curies":[{"name":"wp","href":"https:\/\/api.w.org\/{rel}","templated":true}]}}