{"id":284895,"date":"2025-11-10T09:05:00","date_gmt":"2025-11-10T08:05:00","guid":{"rendered":"https:\/\/www.tucomarca.com\/wordpress\/segunda\/?p=284895"},"modified":"2025-11-10T20:08:05","modified_gmt":"2025-11-10T19:08:05","slug":"mompo-insta-a-la-juventud-a-participar-en-politica-la-democracia-necesita-jovenes-implicados-capaces-de-analizar-y-de-plantear-soluciones-diferentes","status":"publish","type":"post","link":"https:\/\/www.tucomarca.com\/wordpress\/segunda\/mompo-insta-a-la-juventud-a-participar-en-politica-la-democracia-necesita-jovenes-implicados-capaces-de-analizar-y-de-plantear-soluciones-diferentes\/","title":{"rendered":"Momp\u00f3 insta a la juventud a participar en pol\u00edtica: \u201cLa democracia necesita j\u00f3venes implicados, capaces de analizar y de plantear soluciones diferentes\u201d"},"content":{"rendered":"\n<h3 class=\"wp-block-heading\">La Diputaci\u00f3 de Val\u00e8ncia acoge el Parlamento Valenci\u00e0 Jove del Consell de la Joventut que ha debatido sobre los discursos de odio.<\/h3>\n\n\n\n<h3 class=\"wp-block-heading\">Momp\u00f3 y Enguix abren la jornada y coinciden en que \u201cla pluralidad de voces y la b\u00fasqueda del acuerdo son la verdadera riqueza de la democracia\u201d.<\/h3>\n\n\n\n<p>La Diputaci\u00f3 de Val\u00e8ncia ha acogido este lunes la cuarta edici\u00f3n del Parlament Valenci\u00e0 Jove, una actividad organizada por el Consell Valenci\u00e0 de la Joventut que consiste en la simulaci\u00f3n del tr\u00e1mite parlamentario de una Proposici\u00f3n no de Ley, hoy sobre los discursos de odio. Los participantes, j\u00f3venes de 16 a 26 a\u00f1os, se dividen en cuatro grupos que representan cuatro ideolog\u00edas cl\u00e1sicas. La finalidad de la actividad es acercar la pol\u00edtica a la juventud y luchar contra la desafecci\u00f3n pol\u00edtica.<\/p>\n\n\n\n<p>A pesar de que para el presidente de la Diputaci\u00f3n, Vicent Momp\u00f3, la imagen que esta ma\u00f1ana se ha visto en el sal\u00f3n de plenos de la Diputaci\u00f3n, \u201cdesmiente la idea\u201d de desafecci\u00f3n pol\u00edtica entre los j\u00f3venes, ha hecho un llamamiento a su participaci\u00f3n en el debate p\u00fablico: \u201cLa democracia necesita j\u00f3venes implicados, capaces de analizar y de plantear soluciones diferentes. Necesita voces nuevas, valientes e inconformistas porque es en la juventud donde nacen las energ\u00edas sociales que impulsan los cambios que despu\u00e9s transforman el d\u00eda a d\u00eda de la ciudadan\u00eda\u201d.<\/p>\n\n\n\n<p>Adem\u00e1s, sobre el tema elegido para el debate, los discursos de odio, Momp\u00f3 ha asegurado que reflexionar al respecto \u201ces un ejercicio imprescindible porque significa preguntarnos c\u00f3mo queremos relacionarnos como sociedad, qu\u00e9 l\u00edmites ponemos a la intolerancia y de qu\u00e9 manera protegemos a quienes, por su origen, su orientaci\u00f3n, su identidad o sus creencias, se convierten en blanco de la discriminaci\u00f3n\u201d. \u201cEl odio no se combate solo en leyes; se combate con educaci\u00f3n, con responsabilidad y, sobre todo, con el ejemplo\u201d, ha advertido.<\/p>\n\n\n\n<p>Del mismo modo, Momp\u00f3 ha destacado que los discursos de odio \u201caparecen como una amenaza directa a nuestros valores democr\u00e1ticos y a la dignidad humana en estos tiempos complejos en los que la inmediatez, la polarizaci\u00f3n y la desinformaci\u00f3n pueden erosionar nuestra convivencia\u201d. Frente a ello, ha ensalzado el valor del debate democr\u00e1tico: \u201cLa pluralidad de voces es la verdadera riqueza de la democracia porque all\u00ed donde hay diversidad de posiciones, nace la oportunidad de aprender, de comprender y de construir acuerdos\u201d.<\/p>\n\n\n\n<figure class=\"wp-block-image size-large\"><img loading=\"lazy\" decoding=\"async\" width=\"1024\" height=\"691\" src=\"https:\/\/www.tucomarca.com\/wordpress\/segunda\/wp-content\/uploads\/2025\/11\/ParlamentValenciaJove_6-1024x691.jpg\" alt=\"\" class=\"wp-image-284899\" srcset=\"https:\/\/www.tucomarca.com\/wordpress\/segunda\/wp-content\/uploads\/2025\/11\/ParlamentValenciaJove_6-1024x691.jpg 1024w, https:\/\/www.tucomarca.com\/wordpress\/segunda\/wp-content\/uploads\/2025\/11\/ParlamentValenciaJove_6-300x202.jpg 300w, https:\/\/www.tucomarca.com\/wordpress\/segunda\/wp-content\/uploads\/2025\/11\/ParlamentValenciaJove_6-768x518.jpg 768w, https:\/\/www.tucomarca.com\/wordpress\/segunda\/wp-content\/uploads\/2025\/11\/ParlamentValenciaJove_6.jpg 1181w\" sizes=\"auto, (max-width: 1024px) 100vw, 1024px\" \/><\/figure>\n\n\n\n<p>En la misma l\u00ednea, la vicepresidenta primera, Nat\u00e0lia Enguix, ha subrayado que el gobierno de la Diputaci\u00f3n \u201ces un ejemplo de di\u00e1logo y consenso ya que est\u00e1 compuesto por dos partidos de ideolog\u00edas distintas que a trav\u00e9s del acuerdo gobiernan la instituci\u00f3n anteponiendo los intereses generales\u201d. Enguix tambi\u00e9n ha puesto de relieve la trascendencia de este tipo de debates entre los j\u00f3venes: \u201cYo misma form\u00e9 parte del Consell de la Joventut, una experiencia que despert\u00f3 en m\u00ed el inter\u00e9s por la pol\u00edtica y mi vocaci\u00f3n por el servicio p\u00fablico\u201d.<\/p>\n","protected":false},"excerpt":{"rendered":"<div class=\"mh-excerpt\">La Diputaci\u00f3 de Val\u00e8ncia acoge el Parlamento Valenci\u00e0 Jove del Consell de la Joventut que ha debatido sobre los discursos de odio. Momp\u00f3 y Enguix abren la jornada y coinciden en que \u201cla pluralidad de <a class=\"mh-excerpt-more\" href=\"https:\/\/www.tucomarca.com\/wordpress\/segunda\/mompo-insta-a-la-juventud-a-participar-en-politica-la-democracia-necesita-jovenes-implicados-capaces-de-analizar-y-de-plantear-soluciones-diferentes\/\" title=\"Momp\u00f3 insta a la juventud a participar en pol\u00edtica: \u201cLa democracia necesita j\u00f3venes implicados, capaces de analizar y de plantear soluciones diferentes\u201d\">[+] <\/a><\/div>\n","protected":false},"author":12,"featured_media":284897,"comment_status":"open","ping_status":"open","sticky":false,"template":"","format":"standard","meta":{"footnotes":""},"categories":[128,8,72,142,3,45],"tags":[3677,13362],"class_list":{"0":"post-284895","1":"post","2":"type-post","3":"status-publish","4":"format-standard","5":"has-post-thumbnail","7":"category-infraestructuras","8":"category-la-comarca","9":"category-sin-categorizar","10":"category-politica-la-comarca","11":"category-seccion","12":"category-ventana","13":"tag-diputacio-de-valencia","14":"tag-joventut-2"},"_links":{"self":[{"href":"https:\/\/www.tucomarca.com\/wordpress\/segunda\/wp-json\/wp\/v2\/posts\/284895","targetHints":{"allow":["GET"]}}],"collection":[{"href":"https:\/\/www.tucomarca.com\/wordpress\/segunda\/wp-json\/wp\/v2\/posts"}],"about":[{"href":"https:\/\/www.tucomarca.com\/wordpress\/segunda\/wp-json\/wp\/v2\/types\/post"}],"author":[{"embeddable":true,"href":"https:\/\/www.tucomarca.com\/wordpress\/segunda\/wp-json\/wp\/v2\/users\/12"}],"replies":[{"embeddable":true,"href":"https:\/\/www.tucomarca.com\/wordpress\/segunda\/wp-json\/wp\/v2\/comments?post=284895"}],"version-history":[{"count":0,"href":"https:\/\/www.tucomarca.com\/wordpress\/segunda\/wp-json\/wp\/v2\/posts\/284895\/revisions"}],"wp:featuredmedia":[{"embeddable":true,"href":"https:\/\/www.tucomarca.com\/wordpress\/segunda\/wp-json\/wp\/v2\/media\/284897"}],"wp:attachment":[{"href":"https:\/\/www.tucomarca.com\/wordpress\/segunda\/wp-json\/wp\/v2\/media?parent=284895"}],"wp:term":[{"taxonomy":"category","embeddable":true,"href":"https:\/\/www.tucomarca.com\/wordpress\/segunda\/wp-json\/wp\/v2\/categories?post=284895"},{"taxonomy":"post_tag","embeddable":true,"href":"https:\/\/www.tucomarca.com\/wordpress\/segunda\/wp-json\/wp\/v2\/tags?post=284895"}],"curies":[{"name":"wp","href":"https:\/\/api.w.org\/{rel}","templated":true}]}}