{"id":284984,"date":"2025-11-11T11:30:00","date_gmt":"2025-11-11T10:30:00","guid":{"rendered":"https:\/\/www.tucomarca.com\/wordpress\/segunda\/?p=284984"},"modified":"2025-11-11T19:26:56","modified_gmt":"2025-11-11T18:26:56","slug":"la-guardia-civil-sorprende-a-un-vendedor-con-mas-de-mil-prendas-falsificadas-en-venta-del-moro","status":"publish","type":"post","link":"https:\/\/www.tucomarca.com\/wordpress\/segunda\/la-guardia-civil-sorprende-a-un-vendedor-con-mas-de-mil-prendas-falsificadas-en-venta-del-moro\/","title":{"rendered":"La Guardia Civil sorprende a un vendedor con m\u00e1s de mil prendas falsificadas en Venta del Moro"},"content":{"rendered":"\n<h3 class=\"wp-block-heading\">El valor total de las falsificaciones alcanza los 78.000 euros.<\/h3>\n\n\n\n<h3 class=\"wp-block-heading\">El autor de los hechos trataba de trasladar la mercanc\u00eda hasta Granada para venderla.<\/h3>\n\n\n\n<p>La Guardia Civil ha investigado a un hombre que portaba en su veh\u00edculo 1.063 prendas de ropa falsificadas de diferentes marcas. El valor total de las falsificaciones en el mercado ronda los 78.000 euros.&nbsp;<\/p>\n\n\n\n<p>Los guardias civiles se encontraban realizando un punto de verificaci\u00f3n de veh\u00edculos y personas en una estaci\u00f3n de servicio de la A3 a su paso por Venta del Moro. En un momento dado observan a una persona que porta en su veh\u00edculo una gran cantidad de prendas de ropa.&nbsp;<\/p>\n\n\n\n<p>Al realizar una serie de comprobaciones, verifican que las prendas son falsificadas y proceden a inventariar todo el material e investigar al portador por un delito contra la propiedad industrial. Se trata de un hombre senegal\u00e9s de 31 a\u00f1os que trataba de transportar la mercanc\u00eda hasta Granada para venderla en varios puntos de venta ambulante.&nbsp;<\/p>\n\n\n\n<p>La investigaci\u00f3n ha sido llevada a cabo por agentes de la Guardia Civil del Puesto de Sinarcas.<\/p>\n\n\n\n<p>Las diligencias fueron entregadas en el Decanato de los Juzgados de Requena.&nbsp;<\/p>\n","protected":false},"excerpt":{"rendered":"<div class=\"mh-excerpt\">El valor total de las falsificaciones alcanza los 78.000 euros. El autor de los hechos trataba de trasladar la mercanc\u00eda hasta Granada para venderla. La Guardia Civil ha investigado a un hombre que portaba en <a class=\"mh-excerpt-more\" href=\"https:\/\/www.tucomarca.com\/wordpress\/segunda\/la-guardia-civil-sorprende-a-un-vendedor-con-mas-de-mil-prendas-falsificadas-en-venta-del-moro\/\" title=\"La Guardia Civil sorprende a un vendedor con m\u00e1s de mil prendas falsificadas en Venta del Moro\">[+] <\/a><\/div>\n","protected":false},"author":12,"featured_media":284986,"comment_status":"open","ping_status":"open","sticky":false,"template":"","format":"standard","meta":{"footnotes":""},"categories":[8,27,3,116,234,45],"tags":[23329,1098,10387,10454],"class_list":{"0":"post-284984","1":"post","2":"type-post","3":"status-publish","4":"format-standard","5":"has-post-thumbnail","7":"category-la-comarca","8":"category-requena-utiel","9":"category-seccion","10":"category-sucesos-la-comarca","11":"category-venta-del-moro","12":"category-ventana","13":"tag-falsificaciones","14":"tag-guardia-civil","15":"tag-requena-utiel","16":"tag-venta-del-moro"},"_links":{"self":[{"href":"https:\/\/www.tucomarca.com\/wordpress\/segunda\/wp-json\/wp\/v2\/posts\/284984","targetHints":{"allow":["GET"]}}],"collection":[{"href":"https:\/\/www.tucomarca.com\/wordpress\/segunda\/wp-json\/wp\/v2\/posts"}],"about":[{"href":"https:\/\/www.tucomarca.com\/wordpress\/segunda\/wp-json\/wp\/v2\/types\/post"}],"author":[{"embeddable":true,"href":"https:\/\/www.tucomarca.com\/wordpress\/segunda\/wp-json\/wp\/v2\/users\/12"}],"replies":[{"embeddable":true,"href":"https:\/\/www.tucomarca.com\/wordpress\/segunda\/wp-json\/wp\/v2\/comments?post=284984"}],"version-history":[{"count":0,"href":"https:\/\/www.tucomarca.com\/wordpress\/segunda\/wp-json\/wp\/v2\/posts\/284984\/revisions"}],"wp:featuredmedia":[{"embeddable":true,"href":"https:\/\/www.tucomarca.com\/wordpress\/segunda\/wp-json\/wp\/v2\/media\/284986"}],"wp:attachment":[{"href":"https:\/\/www.tucomarca.com\/wordpress\/segunda\/wp-json\/wp\/v2\/media?parent=284984"}],"wp:term":[{"taxonomy":"category","embeddable":true,"href":"https:\/\/www.tucomarca.com\/wordpress\/segunda\/wp-json\/wp\/v2\/categories?post=284984"},{"taxonomy":"post_tag","embeddable":true,"href":"https:\/\/www.tucomarca.com\/wordpress\/segunda\/wp-json\/wp\/v2\/tags?post=284984"}],"curies":[{"name":"wp","href":"https:\/\/api.w.org\/{rel}","templated":true}]}}