{"id":2851,"date":"2012-06-02T15:23:47","date_gmt":"2012-06-02T13:23:47","guid":{"rendered":"http:\/\/www.tucomarca.com\/wordpress\/segunda\/?p=2851"},"modified":"2012-06-02T17:46:15","modified_gmt":"2012-06-02T15:46:15","slug":"gobernacion-centra-en-benageber-sus-esfuerzos-en-la-extincion-del-incendio-de-los-serranos","status":"publish","type":"post","link":"https:\/\/www.tucomarca.com\/wordpress\/segunda\/gobernacion-centra-en-benageber-sus-esfuerzos-en-la-extincion-del-incendio-de-los-serranos\/","title":{"rendered":"Gobernaci\u00f3n centra en Benag\u00e9ber sus esfuerzos de extinci\u00f3n del incendio de Los Serranos"},"content":{"rendered":"<p>El conseller de Gobernaci\u00f3n, Seraf\u00edn  Castellano, ha confirmado que dos de los tres sectores en los que se  divide el incendio forestal declarado este viernes en la comarca de Los  Serranos est\u00e1n estabilizados y sin llamas, por lo que las tareas de los  medios a\u00e9reos se centran ahora en los alrededores de la presa del  pantano de Benag\u00e9ber, una zona escarpada de dif\u00edcil acceso para los  efectivos terrestres en la que a\u00fan queda llama.<\/p>\n<p>Castellano ha supervisado desde primera hora de la ma\u00f1ana las  labores del incendio, declarado a las 14,58 de este viernes en t\u00e9rmino  municipal de Chelva y que afecta, adem\u00e1s, a los t\u00e9rminos municipales de  Tu\u00e9jar y Benag\u00e9ber, ha informado la Generalitat en un comunicado.<\/p>\n<p>El titular de Gobernaci\u00f3n ha detallado que la estrategia que se ha  seguido es dividir el incendio en tres sectores. En estos momentos, el  sector 3, que est\u00e1 en la parte del r\u00edo, se encuentra estabilizado y  acotado; el sector 2 tambi\u00e9n est\u00e1 estabilizado; y en el sector 1, que  est\u00e1 ubicado junto a la presa del pantano de Benag\u00e9ber, queda llama, por  lo que los medios a\u00e9reos est\u00e1n concentrados en esta parte.<\/p>\n<p>Asimismo, en los dos sectores estabilizados se est\u00e1 refrescando y  enfriando el per\u00edmetro para acotarlo, dado que esta tarde esta previsto  que entren vientos de poniente, ha apuntado.<\/p>\n<p><strong>Un total de 300 efectivos y 17 medios a\u00e9reos<\/strong><\/p>\n<p>En las labores de extinci\u00f3n est\u00e1n trabajando cerca de 300  efectivos, as\u00ed como 17 medios a\u00e9reos (8 helic\u00f3pteros y 9 aviones), que  se incorporaron al amanecer, 10 brigadas, 16 autobombas y una nodriza,  cuatro dotaciones de bomberos voluntarios de diferentes parques,  bomberos del Consorcio Provincial de Bomberos de Valencia, as\u00ed como  coordinadores, t\u00e9cnicos de emergencias y de prevenci\u00f3n y bomberos  voluntarios.<\/p>\n<p>Tambi\u00e9n se han movilizado tres pelotones de la Unidad Militar de  Emergencias (UME), con 12 nodrizas, cuatro autobombas, dos helic\u00f3pteros y  cuatro hidroaviones.<\/p>\n<p>El conseller ha valorado que no ha habido que lamentar da\u00f1os  personales ni materiales como consecuencia del fuego y ha apuntado que  el incidente registrado por un hidroavi\u00f3n en la tarde de este jueves,  que se desequilibr\u00f3 al tratar de recargar agua en el pantano, \u00abha  quedado en un susto\u00bb.<\/p>\n<p>Ha subrayado tambi\u00e9n que las causas y el origen del incendio  forestal \u00abse est\u00e1n investigando y hay abiertas varias l\u00edneas de  investigaci\u00f3n\u00bb, mientras que la superficie afectada \u00abse podr\u00e1 conocer  cuando no quede llama\u00bb.<\/p>\n","protected":false},"excerpt":{"rendered":"<div class=\"mh-excerpt\">El conseller de Gobernaci\u00f3n, Seraf\u00edn Castellano, ha confirmado que dos de los tres sectores en los que se divide el incendio forestal declarado este viernes en la comarca de Los Serranos est\u00e1n estabilizados y sin <a class=\"mh-excerpt-more\" href=\"https:\/\/www.tucomarca.com\/wordpress\/segunda\/gobernacion-centra-en-benageber-sus-esfuerzos-en-la-extincion-del-incendio-de-los-serranos\/\" title=\"Gobernaci\u00f3n centra en Benag\u00e9ber sus esfuerzos de extinci\u00f3n del incendio de Los Serranos\">[+] <\/a><\/div>\n","protected":false},"author":1,"featured_media":2859,"comment_status":"open","ping_status":"open","sticky":false,"template":"","format":"standard","meta":{"footnotes":""},"categories":[141,188,8,59,3,116,134,45],"tags":[],"class_list":{"0":"post-2851","1":"post","2":"type-post","3":"status-publish","4":"format-standard","5":"has-post-thumbnail","7":"category-benageber","8":"category-chelva","9":"category-la-comarca","10":"category-los-serranos","11":"category-seccion","12":"category-sucesos-la-comarca","13":"category-tuejar","14":"category-ventana"},"_links":{"self":[{"href":"https:\/\/www.tucomarca.com\/wordpress\/segunda\/wp-json\/wp\/v2\/posts\/2851","targetHints":{"allow":["GET"]}}],"collection":[{"href":"https:\/\/www.tucomarca.com\/wordpress\/segunda\/wp-json\/wp\/v2\/posts"}],"about":[{"href":"https:\/\/www.tucomarca.com\/wordpress\/segunda\/wp-json\/wp\/v2\/types\/post"}],"author":[{"embeddable":true,"href":"https:\/\/www.tucomarca.com\/wordpress\/segunda\/wp-json\/wp\/v2\/users\/1"}],"replies":[{"embeddable":true,"href":"https:\/\/www.tucomarca.com\/wordpress\/segunda\/wp-json\/wp\/v2\/comments?post=2851"}],"version-history":[{"count":0,"href":"https:\/\/www.tucomarca.com\/wordpress\/segunda\/wp-json\/wp\/v2\/posts\/2851\/revisions"}],"wp:featuredmedia":[{"embeddable":true,"href":"https:\/\/www.tucomarca.com\/wordpress\/segunda\/wp-json\/wp\/v2\/media\/2859"}],"wp:attachment":[{"href":"https:\/\/www.tucomarca.com\/wordpress\/segunda\/wp-json\/wp\/v2\/media?parent=2851"}],"wp:term":[{"taxonomy":"category","embeddable":true,"href":"https:\/\/www.tucomarca.com\/wordpress\/segunda\/wp-json\/wp\/v2\/categories?post=2851"},{"taxonomy":"post_tag","embeddable":true,"href":"https:\/\/www.tucomarca.com\/wordpress\/segunda\/wp-json\/wp\/v2\/tags?post=2851"}],"curies":[{"name":"wp","href":"https:\/\/api.w.org\/{rel}","templated":true}]}}