{"id":285198,"date":"2025-11-12T10:00:00","date_gmt":"2025-11-12T09:00:00","guid":{"rendered":"https:\/\/www.tucomarca.com\/wordpress\/segunda\/?p=285198"},"modified":"2025-11-12T20:31:07","modified_gmt":"2025-11-12T19:31:07","slug":"el-circuit-ricardo-tormo-inicia-las-actividades-del-gran-premio-con-el-pit-walk","status":"publish","type":"post","link":"https:\/\/www.tucomarca.com\/wordpress\/segunda\/el-circuit-ricardo-tormo-inicia-las-actividades-del-gran-premio-con-el-pit-walk\/","title":{"rendered":"El Circuit Ricardo Tormo inicia las actividades del Gran Premio con el &#8216;Pit Walk&#8217;"},"content":{"rendered":"\n<h3 class=\"wp-block-heading\">Los aficionados tendr\u00e1n la oportunidad de ver el trabajo de pilotos y equipos en los boxes del Circuit.<\/h3>\n\n\n\n<p>El Gran Premio Motul de la Comunitat Valenciana se celebra este fin de semana en el Circuit Ricardo Tormo. Del viernes 14 al domingo 16 de noviembre los pilotos de MotoGP ser\u00e1n los protagonistas en el trazado de Cheste, pero el Gran Premio cuenta con diversas actividades previas desde el jueves 13 de noviembre.<\/p>\n\n\n\n<p>El &#8216;Pit Walk&#8217; ser\u00e1 uno de los actos m\u00e1s llamativos del Gran Premio. 2.500 aficionados con entrada para el fin de semana estar\u00e1n presentes en el &#8216;pit lane&#8217; a partir de las 17:30 horas para ver de forma gratuita c\u00f3mo trabajan todos los equipos del Mundial en sus respectivos boxes. Pero, sobre todo, esta jornada es realmente atractiva porque la mayor parte de los pilotos de las tres categor\u00edas salen a saludar a los aficionados, hacerse fotos con ellos y firmar aut\u00f3grafos.<\/p>\n\n\n\n<p>Adem\u00e1s, el jueves por la tarde tambi\u00e9n se celebra la rueda de prensa oficial de MotoGP y el paddock est\u00e1 listo al completo para recibir a todos los miembros del Mundial, pilotos, equipos e invitados.<\/p>\n\n\n\n<p><strong>Gran presencia de pilotos valencianos<\/strong><\/p>\n\n\n\n<p>Como cada a\u00f1o, los pilotos valencianos ser\u00e1n protagonistas en el Gran Premio Motul de la Comunitat Valenciana. En total, ocho pilotos procedentes de esta comunidad aut\u00f3noma competir\u00e1n en el Circuit.<\/p>\n\n\n\n<p>El grueso de estos pilotos est\u00e1 en la categor\u00eda de Moto2 con Iv\u00e1n Ortol\u00e1 (Boscoscuro), Jorge Navarro (Forward), Alex Escrig (Forward), Dani Holgado (Kalex) y Ar\u00f3n Canet (Kalex). A estos pilotos permanentes se le suman dos \u2018wild cards\u2019: Sergio Garc\u00eda (Kalex) y Hector Garz\u00f3 (NTS).<\/p>\n\n\n\n<p>&nbsp;En esta categor\u00eda, a nivel deportivo, el m\u00e1s destacado de la temporada ha sido Ar\u00f3n Canet, que se juega la tercera posici\u00f3n del Mundial de Moto2 en su circuito de casa. Canet es actualmente cuarto a tan s\u00f3lo seis puntos de distancia del tercer clasificado, su compa\u00f1ero de equipo en Fantic Racing, Barry Baltus.<\/p>\n\n\n\n<p>Junto a todos ellos, en Moto3 el protagonista ser\u00e1 \u00c1ngel Piqueras (KTM). El piloto de Ayora buscar\u00e1 certificar el subcampeonato del mundo de Moto3: ahora marcha segundo en la clasificaci\u00f3n con ocho puntos de ventaja sobre M\u00e1ximo Quiles (KTM), que milita en el equipo del valenciano Jorge Mart\u00ednez \u2018Aspar\u2019.<\/p>\n","protected":false},"excerpt":{"rendered":"<div class=\"mh-excerpt\">Los aficionados tendr\u00e1n la oportunidad de ver el trabajo de pilotos y equipos en los boxes del Circuit. El Gran Premio Motul de la Comunitat Valenciana se celebra este fin de semana en el Circuit <a class=\"mh-excerpt-more\" href=\"https:\/\/www.tucomarca.com\/wordpress\/segunda\/el-circuit-ricardo-tormo-inicia-las-actividades-del-gran-premio-con-el-pit-walk\/\" title=\"El Circuit Ricardo Tormo inicia las actividades del Gran Premio con el &#8216;Pit Walk&#8217;\">[+] <\/a><\/div>\n","protected":false},"author":12,"featured_media":285201,"comment_status":"open","ping_status":"open","sticky":false,"template":"","format":"standard","meta":{"footnotes":""},"categories":[4,17,6,72,10,91,3,45],"tags":[339,10474,15174,5952],"class_list":{"0":"post-285198","1":"post","2":"type-post","3":"status-publish","4":"format-standard","5":"has-post-thumbnail","7":"category-agenda","8":"category-cheste","9":"category-deportes","10":"category-sin-categorizar","11":"category-la-hoya","12":"category-motociclismo","13":"category-seccion","14":"category-ventana","15":"tag-cheste-2","16":"tag-circuit-ricardo-tormo","17":"tag-gran-premio-motul-de-la-comunitat-valenciana","18":"tag-la-hoya-de-bunol-chiva"},"_links":{"self":[{"href":"https:\/\/www.tucomarca.com\/wordpress\/segunda\/wp-json\/wp\/v2\/posts\/285198","targetHints":{"allow":["GET"]}}],"collection":[{"href":"https:\/\/www.tucomarca.com\/wordpress\/segunda\/wp-json\/wp\/v2\/posts"}],"about":[{"href":"https:\/\/www.tucomarca.com\/wordpress\/segunda\/wp-json\/wp\/v2\/types\/post"}],"author":[{"embeddable":true,"href":"https:\/\/www.tucomarca.com\/wordpress\/segunda\/wp-json\/wp\/v2\/users\/12"}],"replies":[{"embeddable":true,"href":"https:\/\/www.tucomarca.com\/wordpress\/segunda\/wp-json\/wp\/v2\/comments?post=285198"}],"version-history":[{"count":0,"href":"https:\/\/www.tucomarca.com\/wordpress\/segunda\/wp-json\/wp\/v2\/posts\/285198\/revisions"}],"wp:featuredmedia":[{"embeddable":true,"href":"https:\/\/www.tucomarca.com\/wordpress\/segunda\/wp-json\/wp\/v2\/media\/285201"}],"wp:attachment":[{"href":"https:\/\/www.tucomarca.com\/wordpress\/segunda\/wp-json\/wp\/v2\/media?parent=285198"}],"wp:term":[{"taxonomy":"category","embeddable":true,"href":"https:\/\/www.tucomarca.com\/wordpress\/segunda\/wp-json\/wp\/v2\/categories?post=285198"},{"taxonomy":"post_tag","embeddable":true,"href":"https:\/\/www.tucomarca.com\/wordpress\/segunda\/wp-json\/wp\/v2\/tags?post=285198"}],"curies":[{"name":"wp","href":"https:\/\/api.w.org\/{rel}","templated":true}]}}