{"id":285261,"date":"2025-11-13T12:00:00","date_gmt":"2025-11-13T11:00:00","guid":{"rendered":"https:\/\/www.tucomarca.com\/wordpress\/segunda\/?p=285261"},"modified":"2025-11-13T18:38:13","modified_gmt":"2025-11-13T17:38:13","slug":"la-generalitat-cumple-los-plazos-y-finaliza-todas-las-obras-de-las-infraestructuras-del-circuito-de-cheste-para-el-gran-premio-del-fin-de-semana","status":"publish","type":"post","link":"https:\/\/www.tucomarca.com\/wordpress\/segunda\/la-generalitat-cumple-los-plazos-y-finaliza-todas-las-obras-de-las-infraestructuras-del-circuito-de-cheste-para-el-gran-premio-del-fin-de-semana\/","title":{"rendered":"La Generalitat cumple los plazos y finaliza todas las obras de las infraestructuras del Circuito de Cheste para el Gran Premio del fin de semana"},"content":{"rendered":"\n<h3 class=\"wp-block-heading\">Con una inversi\u00f3n de 26 millones de euros, la actuaci\u00f3n ha devuelto la plena operatividad al Circuit y a su entorno tras las inundaciones.<\/h3>\n\n\n\n<h3 class=\"wp-block-heading\">Mart\u00ednez Mus confirma autobuses lanzadera Cheste-Valencia en la franja nocturna durante el Gran Premio en el que Renfe no ofrecer\u00e1 servicios.<\/h3>\n\n\n\n<p>La Generalitat ha finalizado todas las obras de reconstrucci\u00f3n de las infraestructuras del Circuit Ricardo Tormo de Cheste y su entorno, lo que permitir\u00e1 celebrar con total normalidad el Gran Premio de la Comunitat Valenciana este fin de semana. Con una inversi\u00f3n de 26 millones de euros, la actuaci\u00f3n ha devuelto la plena operatividad al Circuit y a su entorno tras los graves da\u00f1os causados por las inundaciones de octubre de 2024.<\/p>\n\n\n\n<p>El vicepresidente segundo y conseller para la Recuperaci\u00f3n, Medio Ambiente, Infraestructuras y Territorio, Vicente Mart\u00ednez Mus, ha visitado las instalaciones y ha destacado que la Generalitat \u201cha cumplido con la palabra dada al haber trabajado sin descanso para que el Gran Premio vuelva a celebrarse este a\u00f1o\u201d, garantizando el acceso a los miles de aficionados que durante tres d\u00edas visitar\u00e1n el circuito. Durante la visita han estado presentes el secretario auton\u00f3mico de Infraestructuras, Javier Sendra; la directora general de Infraestructuras Terrestres, Mar\u00eda Jos\u00e9 Mart\u00ednez Ruzafa, y el director general de Coordinaci\u00f3n, Control y Seguimiento, Carlos Llopis, as\u00ed como el director general de Deporte, Luis Cervera.<\/p>\n\n\n\n<p>Estas actuaciones, incluidas en el Plan Endavant, iniciativas D.4.1 y D.4.2, han sido esenciales para garantizar la seguridad y el funcionamiento del recinto, preservar la programaci\u00f3n deportiva y reforzar el posicionamiento del Circuit Ricardo Tormo \u201ccomo uno de los principales activos econ\u00f3micos y deportivos de la Comunitat Valenciana\u201d ha indicado Mart\u00ednez Mus.<\/p>\n\n\n\n<p>De los 26 millones de euros invertidos, 12 millones se han destinado a la rehabilitaci\u00f3n del aparcamiento junto al barranco y a los accesos; 8 millones a la mejora de la CV-50; 5 millones a la recuperaci\u00f3n de las infraestructuras hidr\u00e1ulicas y de la depuradora; y casi 2 millones para la reapertura provisional del acceso principal del circuito y otros secundarios.<\/p>\n\n\n\n<p>El vicepresidente segundo ha agradecido el trabajo \u201cexcepcional\u201d del personal t\u00e9cnico, de la Conselleria y de las empresas constructoras, cuya labor \u201cha hecho posible que el Circuit vuelva a rugir tan solo un a\u00f1o despu\u00e9s de la tragedia\u201d.<\/p>\n\n\n\n<figure class=\"wp-block-image size-large\"><img loading=\"lazy\" decoding=\"async\" width=\"1024\" height=\"683\" src=\"https:\/\/www.tucomarca.com\/wordpress\/segunda\/wp-content\/uploads\/2025\/11\/CircuitoCheste2-1024x683.jpeg\" alt=\"\" class=\"wp-image-285270\" srcset=\"https:\/\/www.tucomarca.com\/wordpress\/segunda\/wp-content\/uploads\/2025\/11\/CircuitoCheste2-1024x683.jpeg 1024w, https:\/\/www.tucomarca.com\/wordpress\/segunda\/wp-content\/uploads\/2025\/11\/CircuitoCheste2-300x200.jpeg 300w, https:\/\/www.tucomarca.com\/wordpress\/segunda\/wp-content\/uploads\/2025\/11\/CircuitoCheste2-768x512.jpeg 768w, https:\/\/www.tucomarca.com\/wordpress\/segunda\/wp-content\/uploads\/2025\/11\/CircuitoCheste2-1536x1024.jpeg 1536w, https:\/\/www.tucomarca.com\/wordpress\/segunda\/wp-content\/uploads\/2025\/11\/CircuitoCheste2-2048x1365.jpeg 2048w\" sizes=\"auto, (max-width: 1024px) 100vw, 1024px\" \/><\/figure>\n\n\n\n<p><strong>Refuerzo del transporte p\u00fablico<\/strong><\/p>\n\n\n\n<p>Respecto al transporte p\u00fablico, cabe se\u00f1alar que, tras las riadas, la Generalitat ha formalizado nuevos contratos de Metrob\u00fas que han incrementado en un 30 % las expediciones diarias en municipios como Xirivella, Aldaia, Loriguilla, Chiva, Bu\u00f1ol y Cheste.<\/p>\n\n\n\n<p>Para garantizar la movilidad de los aficionados durante el fin de semana del Gran Premio, se ha establecido el servicio especial Valencia\u2013Cheste, que funcionar\u00e1 desde las 22:00 h hasta las 4:00 h de la madrugada el viernes 14 y s\u00e1bado 15 de noviembre, con una expedici\u00f3n por hora en ambos sentidos. Este refuerzo, ha se\u00f1alado el vicepresidente segundo \u201ccubrir\u00e1 el tramo horario en el que Renfe no presta servicio\u201d.<\/p>\n\n\n\n<p><strong>Falta de avances del Gobierno<\/strong><\/p>\n\n\n\n<p>En este sentido, Mart\u00ednez Mus ha lamentado que \u201cla reconstrucci\u00f3n vaya a dos velocidades muy diferenciadas: la r\u00e1pida y eficaz de la Generalitat y la lenta del Gobierno de Espa\u00f1a\u201d, y ha recordado que mientras el Ejecutivo auton\u00f3mico ha completado las obras del Circuit y ha puesto en marcha servicios adicionales de transporte para este fin de semana, \u201cel Gobierno central mantiene inoperativa la parada de la L\u00ednea C-3 de Cercan\u00edas en el municipio de Cheste y s\u00f3lo habilita el apeadero del circuito en condiciones precarias\u201d. Esta situaci\u00f3n, ha se\u00f1alado, \u201cdeja sin un servicio de calidad a los m\u00e1s de 10.000 aficionados que cada a\u00f1o utilizaban el tren para acudir al Gran Premio\u201d.<\/p>\n\n\n\n<figure class=\"wp-block-image size-full\"><img loading=\"lazy\" decoding=\"async\" width=\"666\" height=\"904\" src=\"https:\/\/www.tucomarca.com\/wordpress\/segunda\/wp-content\/uploads\/2025\/11\/CircuitoCheste3.jpeg\" alt=\"\" class=\"wp-image-285272\" srcset=\"https:\/\/www.tucomarca.com\/wordpress\/segunda\/wp-content\/uploads\/2025\/11\/CircuitoCheste3.jpeg 666w, https:\/\/www.tucomarca.com\/wordpress\/segunda\/wp-content\/uploads\/2025\/11\/CircuitoCheste3-221x300.jpeg 221w\" sizes=\"auto, (max-width: 666px) 100vw, 666px\" \/><\/figure>\n","protected":false},"excerpt":{"rendered":"<div class=\"mh-excerpt\">Con una inversi\u00f3n de 26 millones de euros, la actuaci\u00f3n ha devuelto la plena operatividad al Circuit y a su entorno tras las inundaciones. Mart\u00ednez Mus confirma autobuses lanzadera Cheste-Valencia en la franja nocturna durante <a class=\"mh-excerpt-more\" href=\"https:\/\/www.tucomarca.com\/wordpress\/segunda\/la-generalitat-cumple-los-plazos-y-finaliza-todas-las-obras-de-las-infraestructuras-del-circuito-de-cheste-para-el-gran-premio-del-fin-de-semana\/\" title=\"La Generalitat cumple los plazos y finaliza todas las obras de las infraestructuras del Circuito de Cheste para el Gran Premio del fin de semana\">[+] <\/a><\/div>\n","protected":false},"author":1,"featured_media":285268,"comment_status":"open","ping_status":"open","sticky":false,"template":"","format":"gallery","meta":{"footnotes":""},"categories":[17,21465,6,128,8,72,10,117,91,142,3,116,45],"tags":[10858,10477,10716,5952],"class_list":{"0":"post-285261","1":"post","2":"type-post","3":"status-publish","4":"format-gallery","5":"has-post-thumbnail","7":"category-cheste","8":"category-dana","9":"category-deportes","10":"category-infraestructuras","11":"category-la-comarca","12":"category-sin-categorizar","13":"category-la-hoya","14":"category-medio-ambiente-la-comarca","15":"category-motociclismo","16":"category-politica-la-comarca","17":"category-seccion","18":"category-sucesos-la-comarca","19":"category-ventana","20":"tag-10k-de-cheste","21":"tag-circuito-de-cheste","22":"tag-generalitat-valenciana","23":"tag-la-hoya-de-bunol-chiva","24":"post_format-post-format-gallery"},"_links":{"self":[{"href":"https:\/\/www.tucomarca.com\/wordpress\/segunda\/wp-json\/wp\/v2\/posts\/285261","targetHints":{"allow":["GET"]}}],"collection":[{"href":"https:\/\/www.tucomarca.com\/wordpress\/segunda\/wp-json\/wp\/v2\/posts"}],"about":[{"href":"https:\/\/www.tucomarca.com\/wordpress\/segunda\/wp-json\/wp\/v2\/types\/post"}],"author":[{"embeddable":true,"href":"https:\/\/www.tucomarca.com\/wordpress\/segunda\/wp-json\/wp\/v2\/users\/1"}],"replies":[{"embeddable":true,"href":"https:\/\/www.tucomarca.com\/wordpress\/segunda\/wp-json\/wp\/v2\/comments?post=285261"}],"version-history":[{"count":0,"href":"https:\/\/www.tucomarca.com\/wordpress\/segunda\/wp-json\/wp\/v2\/posts\/285261\/revisions"}],"wp:featuredmedia":[{"embeddable":true,"href":"https:\/\/www.tucomarca.com\/wordpress\/segunda\/wp-json\/wp\/v2\/media\/285268"}],"wp:attachment":[{"href":"https:\/\/www.tucomarca.com\/wordpress\/segunda\/wp-json\/wp\/v2\/media?parent=285261"}],"wp:term":[{"taxonomy":"category","embeddable":true,"href":"https:\/\/www.tucomarca.com\/wordpress\/segunda\/wp-json\/wp\/v2\/categories?post=285261"},{"taxonomy":"post_tag","embeddable":true,"href":"https:\/\/www.tucomarca.com\/wordpress\/segunda\/wp-json\/wp\/v2\/tags?post=285261"}],"curies":[{"name":"wp","href":"https:\/\/api.w.org\/{rel}","templated":true}]}}