{"id":285297,"date":"2025-11-13T11:45:00","date_gmt":"2025-11-13T10:45:00","guid":{"rendered":"https:\/\/www.tucomarca.com\/wordpress\/segunda\/?p=285297"},"modified":"2025-11-13T18:56:57","modified_gmt":"2025-11-13T17:56:57","slug":"sanidad-activa-un-dispositivo-preventivo-ante-el-gran-premio-de-motociclismo-de-cheste","status":"publish","type":"post","link":"https:\/\/www.tucomarca.com\/wordpress\/segunda\/sanidad-activa-un-dispositivo-preventivo-ante-el-gran-premio-de-motociclismo-de-cheste\/","title":{"rendered":"Sanidad activa un dispositivo preventivo ante el Gran Premio de Motociclismo de Cheste"},"content":{"rendered":"\n<h3 class=\"wp-block-heading\">El dispositivo m\u00f3vil especial se compone de una unidad SAMU, un veh\u00edculo USC, cuatro unidades preventivas de SVB y una ambulancia convencional.<\/h3>\n\n\n\n<h3 class=\"wp-block-heading\">Se refuerza la plantilla del Centro de Salud de Cheste y de los servicios de Urgencias, Traumatolog\u00eda y Cirug\u00eda del Hospital de Manises.<\/h3>\n\n\n\n<p>La Conselleria de Sanidad activa un dispositivo espec\u00edfico ante posibles emergencias sanitarias, con motivo del Campeonato Mundial de Motociclismo, que se celebra del 14 al 16 de noviembre, en el Circuito Ricardo Tormo de Cheste.<\/p>\n\n\n\n<p>El refuerzo en la zona se compone de una unidad del SAMU (Servicio de Ayuda M\u00e9dica Urgente). Esta ambulancia de soporte vital avanzado, con su dotaci\u00f3n habitual, permanecer\u00e1 en el centro de salud del municipio.<\/p>\n\n\n\n<p>Asimismo, se dispondr\u00e1 de un veh\u00edculo USC (Unidad de Soporte y Coordinaci\u00f3n), dotado con equipo m\u00e9dico SAMU, en las cercan\u00edas del trayecto de la A3.<\/p>\n\n\n\n<p>Preventivamente, estar\u00e1n activadas las unidades SVB (Soporte Vital B\u00e1sico) con base en Chiva, Bu\u00f1ol, Tur\u00eds y Monserrat. Por \u00faltimo, completa el dispositivo una ambulancia convencional en el Centro de Salud de Cheste.<\/p>\n\n\n\n<p>Por otro lado, el CICU (Centro de Informaci\u00f3n y Coordinaci\u00f3n de Urgencias) es el centro responsable de coordinar el dispositivo preventivo, de la evacuaci\u00f3n de los heridos desde el lugar de la emergencia a los centros hospitalarios, de alertar a los hospitales, de facilitar los recursos sanitarios en caso de necesidad y de realizar la coordinaci\u00f3n intersectorial en caso de cat\u00e1strofe o accidente de m\u00faltiples v\u00edctimas. En este sentido, durante el viernes y s\u00e1bado tambi\u00e9n el CICU aumentar\u00e1 su dotaci\u00f3n con un locutor de emergencias m\u00e1s.<\/p>\n\n\n\n<p>Por otro lado, se incrementa la plantilla de m\u00e9dicos, enfermer\u00eda y celadores del Centro de Salud de Cheste, desde las 15,00 horas del viernes 14 hasta las 21,00 horas del domingo 16. Asimismo, se dota de material sanitario extraordinario al centro para cubrir las necesidades de material durante estas jornadas.<\/p>\n\n\n\n<p>Adem\u00e1s, el Hospital de Manises refuerza los servicios de Urgencias, Traumatolog\u00eda y Cirug\u00eda durante este fin de semana. &nbsp;<\/p>\n\n\n\n<p>Como cada a\u00f1o, y para asegurar la atenci\u00f3n ante cualquier posible emergencia, se ha prealertado al Hospital La Fe de Val\u00e8ncia, al Hospital General de Val\u00e8ncia y al Hospital de Requena.<\/p>\n\n\n\n<p>Como objetivos espec\u00edficos, el dispositivo prev\u00e9 tres l\u00edneas fundamentales. En primer lugar, se trata de proporcionar una asistencia sanitaria eficaz con los medios necesarios en cada caso. En segundo lugar, se adapta de forma din\u00e1mica los recursos m\u00f3viles, tanto humanos como materiales, seg\u00fan las situaciones de riesgo. Y el tercer objetivo es mantener y asegurar la coordinaci\u00f3n de todos los recursos sanitarios y del grupo sanitario con el resto de operativos.<\/p>\n\n\n\n<p>La atenci\u00f3n sanitaria en las zonas de pista y de profesionales que participan en las pruebas se realizar\u00e1 seg\u00fan lo previsto en las normas de la federaci\u00f3n internacional y la proporciona la organizaci\u00f3n. En cuanto a las \u00e1reas destinadas al p\u00fablico ser\u00e1n atendidas por los dispositivos que establece y coordina el propio Centro M\u00e9dico del Circuito de Cheste.<\/p>\n\n\n\n<p>En las zonas indicadas anteriormente, y seg\u00fan establece la normativa vigente, los recursos sanitarios de la Conselleria de Sanidad intervendr\u00edan en aquellos incidentes que por su gravedad o intensidad (incidentes de m\u00faltiples v\u00edctimas) sobrepasaran la capacidad de los dispositivos sanitarios previstos por los organizadores del evento.<\/p>\n","protected":false},"excerpt":{"rendered":"<div class=\"mh-excerpt\">El dispositivo m\u00f3vil especial se compone de una unidad SAMU, un veh\u00edculo USC, cuatro unidades preventivas de SVB y una ambulancia convencional. Se refuerza la plantilla del Centro de Salud de Cheste y de los <a class=\"mh-excerpt-more\" href=\"https:\/\/www.tucomarca.com\/wordpress\/segunda\/sanidad-activa-un-dispositivo-preventivo-ante-el-gran-premio-de-motociclismo-de-cheste\/\" title=\"Sanidad activa un dispositivo preventivo ante el Gran Premio de Motociclismo de Cheste\">[+] <\/a><\/div>\n","protected":false},"author":1,"featured_media":285303,"comment_status":"open","ping_status":"open","sticky":false,"template":"","format":"standard","meta":{"footnotes":""},"categories":[17,6,128,8,72,10,91,142,3,116,45],"tags":[339,10477,10716,5952,52],"class_list":{"0":"post-285297","1":"post","2":"type-post","3":"status-publish","4":"format-standard","5":"has-post-thumbnail","7":"category-cheste","8":"category-deportes","9":"category-infraestructuras","10":"category-la-comarca","11":"category-sin-categorizar","12":"category-la-hoya","13":"category-motociclismo","14":"category-politica-la-comarca","15":"category-seccion","16":"category-sucesos-la-comarca","17":"category-ventana","18":"tag-cheste-2","19":"tag-circuito-de-cheste","20":"tag-generalitat-valenciana","21":"tag-la-hoya-de-bunol-chiva","22":"tag-sanidad"},"_links":{"self":[{"href":"https:\/\/www.tucomarca.com\/wordpress\/segunda\/wp-json\/wp\/v2\/posts\/285297","targetHints":{"allow":["GET"]}}],"collection":[{"href":"https:\/\/www.tucomarca.com\/wordpress\/segunda\/wp-json\/wp\/v2\/posts"}],"about":[{"href":"https:\/\/www.tucomarca.com\/wordpress\/segunda\/wp-json\/wp\/v2\/types\/post"}],"author":[{"embeddable":true,"href":"https:\/\/www.tucomarca.com\/wordpress\/segunda\/wp-json\/wp\/v2\/users\/1"}],"replies":[{"embeddable":true,"href":"https:\/\/www.tucomarca.com\/wordpress\/segunda\/wp-json\/wp\/v2\/comments?post=285297"}],"version-history":[{"count":0,"href":"https:\/\/www.tucomarca.com\/wordpress\/segunda\/wp-json\/wp\/v2\/posts\/285297\/revisions"}],"wp:featuredmedia":[{"embeddable":true,"href":"https:\/\/www.tucomarca.com\/wordpress\/segunda\/wp-json\/wp\/v2\/media\/285303"}],"wp:attachment":[{"href":"https:\/\/www.tucomarca.com\/wordpress\/segunda\/wp-json\/wp\/v2\/media?parent=285297"}],"wp:term":[{"taxonomy":"category","embeddable":true,"href":"https:\/\/www.tucomarca.com\/wordpress\/segunda\/wp-json\/wp\/v2\/categories?post=285297"},{"taxonomy":"post_tag","embeddable":true,"href":"https:\/\/www.tucomarca.com\/wordpress\/segunda\/wp-json\/wp\/v2\/tags?post=285297"}],"curies":[{"name":"wp","href":"https:\/\/api.w.org\/{rel}","templated":true}]}}