{"id":285403,"date":"2025-11-14T09:30:00","date_gmt":"2025-11-14T08:30:00","guid":{"rendered":"https:\/\/www.tucomarca.com\/wordpress\/segunda\/?p=285403"},"modified":"2025-11-14T19:41:37","modified_gmt":"2025-11-14T18:41:37","slug":"la-sm-la-artistica-de-bunol-prepara-un-fin-de-semana-lleno-de-musica-en-honor-a-santa-cecilia","status":"publish","type":"post","link":"https:\/\/www.tucomarca.com\/wordpress\/segunda\/la-sm-la-artistica-de-bunol-prepara-un-fin-de-semana-lleno-de-musica-en-honor-a-santa-cecilia\/","title":{"rendered":"La SM \u00abLa Art\u00edstica\u00bb de Bu\u00f1ol prepara un fin de semana lleno de m\u00fasica en honor a Santa Cecilia"},"content":{"rendered":"\n<p>La Sociedad Musical La Art\u00edstica de Bu\u00f1ol ha organizado una completa programaci\u00f3n cultural para celebrar la festividad de <strong>Santa Cecilia<\/strong>, patrona de los m\u00fasicos. Los actos se desarrollar\u00e1n entre el s\u00e1bado 15 y el mi\u00e9rcoles 19 de noviembre, e incluir\u00e1n conciertos, pasacalles y actos religiosos en distintos puntos del municipio.<\/p>\n\n\n\n<p>Las celebraciones comenzar\u00e1n el s\u00e1bado 15 de noviembre, a las 19,00 horas, en el Teatro Montecarlo, donde la Orquesta y la Banda Juvenil de la sociedad musical ofrecer\u00e1n un concierto especial en honor a la patrona. Este primer acto marcar\u00e1 el inicio oficial de la programaci\u00f3n ceciliana.<\/p>\n\n\n\n<p>La m\u00fasica volver\u00e1 a las calles el <strong>domingo 16 de noviembre<\/strong>, a partir de las <strong>10,00 horas<\/strong>, con el tradicional pasacalles de recogida de los nuevos m\u00fasicos de la Banda Sinf\u00f3nica. El recorrido partir\u00e1 desde el barrio San Rafael y finalizar\u00e1 en Rosales, en un ambiente festivo y de bienvenida para las nuevas incorporaciones.<\/p>\n\n\n\n<p>Los actos culminar\u00e1n el <strong>mi\u00e9rcoles 19 de noviembre<\/strong>, a las <strong>19:00 horas<\/strong>, con una misa en la Iglesia de San Pedro Ap\u00f3stol, acompa\u00f1ada por el Coro Orfeos de \u00abLa Art\u00edstica\u00bb. Al finalizar, tendr\u00e1 lugar un pasacalles desde Rosales hasta la sede de la sociedad musical, poniendo el broche final a las celebraciones.<\/p>\n\n\n\n<p>Con esta programaci\u00f3n, la S.M. \u00abLa Art\u00edstica\u00bb reafirma su compromiso con la tradici\u00f3n musical de Bu\u00f1ol y celebra, un a\u00f1o m\u00e1s, la figura de Santa Cecilia junto a m\u00fasicos, familias y vecinos.<\/p>\n","protected":false},"excerpt":{"rendered":"<div class=\"mh-excerpt\">La Sociedad Musical La Art\u00edstica de Bu\u00f1ol ha organizado una completa programaci\u00f3n cultural para celebrar la festividad de Santa Cecilia, patrona de los m\u00fasicos. Los actos se desarrollar\u00e1n entre el s\u00e1bado 15 y el mi\u00e9rcoles <a class=\"mh-excerpt-more\" href=\"https:\/\/www.tucomarca.com\/wordpress\/segunda\/la-sm-la-artistica-de-bunol-prepara-un-fin-de-semana-lleno-de-musica-en-honor-a-santa-cecilia\/\" title=\"La SM \u00abLa Art\u00edstica\u00bb de Bu\u00f1ol prepara un fin de semana lleno de m\u00fasica en honor a Santa Cecilia\">[+] <\/a><\/div>\n","protected":false},"author":12,"featured_media":61649,"comment_status":"open","ping_status":"open","sticky":false,"template":"","format":"standard","meta":{"footnotes":""},"categories":[4,18,66,8,10,7,3],"tags":[10385,5952,528,10559],"class_list":{"0":"post-285403","1":"post","2":"type-post","3":"status-publish","4":"format-standard","5":"has-post-thumbnail","7":"category-agenda","8":"category-bunol","9":"category-musica","10":"category-la-comarca","11":"category-la-hoya","12":"category-ocio-y-cultura","13":"category-seccion","14":"tag-bunol","15":"tag-la-hoya-de-bunol-chiva","16":"tag-santa-cecilia","17":"tag-sm-la-artistica-de-bunol"},"_links":{"self":[{"href":"https:\/\/www.tucomarca.com\/wordpress\/segunda\/wp-json\/wp\/v2\/posts\/285403","targetHints":{"allow":["GET"]}}],"collection":[{"href":"https:\/\/www.tucomarca.com\/wordpress\/segunda\/wp-json\/wp\/v2\/posts"}],"about":[{"href":"https:\/\/www.tucomarca.com\/wordpress\/segunda\/wp-json\/wp\/v2\/types\/post"}],"author":[{"embeddable":true,"href":"https:\/\/www.tucomarca.com\/wordpress\/segunda\/wp-json\/wp\/v2\/users\/12"}],"replies":[{"embeddable":true,"href":"https:\/\/www.tucomarca.com\/wordpress\/segunda\/wp-json\/wp\/v2\/comments?post=285403"}],"version-history":[{"count":0,"href":"https:\/\/www.tucomarca.com\/wordpress\/segunda\/wp-json\/wp\/v2\/posts\/285403\/revisions"}],"wp:featuredmedia":[{"embeddable":true,"href":"https:\/\/www.tucomarca.com\/wordpress\/segunda\/wp-json\/wp\/v2\/media\/61649"}],"wp:attachment":[{"href":"https:\/\/www.tucomarca.com\/wordpress\/segunda\/wp-json\/wp\/v2\/media?parent=285403"}],"wp:term":[{"taxonomy":"category","embeddable":true,"href":"https:\/\/www.tucomarca.com\/wordpress\/segunda\/wp-json\/wp\/v2\/categories?post=285403"},{"taxonomy":"post_tag","embeddable":true,"href":"https:\/\/www.tucomarca.com\/wordpress\/segunda\/wp-json\/wp\/v2\/tags?post=285403"}],"curies":[{"name":"wp","href":"https:\/\/api.w.org\/{rel}","templated":true}]}}