{"id":285409,"date":"2025-11-14T09:00:00","date_gmt":"2025-11-14T08:00:00","guid":{"rendered":"https:\/\/www.tucomarca.com\/wordpress\/segunda\/?p=285409"},"modified":"2025-11-14T19:22:12","modified_gmt":"2025-11-14T18:22:12","slug":"la-unio-denuncia-que-el-consell-detrae-en-menos-de-un-mes-54-millones-de-euros-de-fondos-agrarios-para-el-sector-y-los-destina-a-otras-finalidades","status":"publish","type":"post","link":"https:\/\/www.tucomarca.com\/wordpress\/segunda\/la-unio-denuncia-que-el-consell-detrae-en-menos-de-un-mes-54-millones-de-euros-de-fondos-agrarios-para-el-sector-y-los-destina-a-otras-finalidades\/","title":{"rendered":"La Uni\u00f3 denuncia que el Consell detrae en menos de un mes 54 millones de euros de fondos agrarios para el sector y los destina a otras finalidades\u00a0"},"content":{"rendered":"\n<h3 class=\"wp-block-heading\">Carles Peris advierte del grave precedente que \u201csupone detraer fondos del presupuesto agrario para destinarlos a otras finalidades ajenas al sector\u201d.<\/h3>\n\n\n\n<p>Desde el 14 de octubre al 4 de noviembre el Consell de la Generalitat ha minorado o suprimido la friolera de 54 millones de euros de fondos destinados al sector agrario de la Comunitat Valenciana para destinarlos a otras finalidades ajenas al sector, seg\u00fan denuncia La Uni\u00f3 Llauradora i Ramadera, quien considera que se quita dinero del sector agrario para otros fines, leg\u00edtimos, pero que deber\u00edan financiarse por otras v\u00edas y no a expensas del presupuesto del agro.<\/p>\n\n\n\n<p>El pasado 14 de octubre, el Consell suprimi\u00f3 la l\u00ednea presupuestaria S1941 de los presupuestos de la Conselleria de Agricultura, dotada con 26.700.000 euros, destinada a la necesaria recuperaci\u00f3n de la capacidad productiva de las parcelas agr\u00edcolas afectadas por la&nbsp;dana&nbsp;del 29 de octubre de 2024 y los destin\u00f3 a financiar la compra de material escolar. Este hecho ya motiv\u00f3 la presentaci\u00f3n de una queja por parte de La Uni\u00f3 porque hay muchas parcelas afectadas que necesitan recuperar su producci\u00f3n y la respuesta de Conselleria de que los fondos estar\u00edan de nuevo en los presupuestos del pr\u00f3ximo a\u00f1o. Sin embargo, el Consell sigue actuando en contra de los intereses agrarios y el pasado 4 de noviembre acord\u00f3 una minoraci\u00f3n de 27.382.229,15 euros en el presupuesto de la Agencia Valenciana de Fomento y Garant\u00eda Agraria (AVFGA), con objeto de financiar la l\u00ednea T0078 \u201cFondo de transici\u00f3n al nuevo modelo de financiaci\u00f3n de las universidades p\u00fablicas\u201d, es decir, a un objetivo completamente ajeno al sector agrario.&nbsp;<\/p>\n\n\n\n<figure class=\"wp-block-image size-large\"><img loading=\"lazy\" decoding=\"async\" width=\"1024\" height=\"683\" src=\"https:\/\/www.tucomarca.com\/wordpress\/segunda\/wp-content\/uploads\/2025\/11\/RecursAjudes-Dana-1024x683.jpg\" alt=\"\" class=\"wp-image-285411\" srcset=\"https:\/\/www.tucomarca.com\/wordpress\/segunda\/wp-content\/uploads\/2025\/11\/RecursAjudes-Dana-1024x683.jpg 1024w, https:\/\/www.tucomarca.com\/wordpress\/segunda\/wp-content\/uploads\/2025\/11\/RecursAjudes-Dana-300x200.jpg 300w, https:\/\/www.tucomarca.com\/wordpress\/segunda\/wp-content\/uploads\/2025\/11\/RecursAjudes-Dana-768x512.jpg 768w, https:\/\/www.tucomarca.com\/wordpress\/segunda\/wp-content\/uploads\/2025\/11\/RecursAjudes-Dana-1536x1024.jpg 1536w, https:\/\/www.tucomarca.com\/wordpress\/segunda\/wp-content\/uploads\/2025\/11\/RecursAjudes-Dana-2048x1365.jpg 2048w\" sizes=\"auto, (max-width: 1024px) 100vw, 1024px\" \/><\/figure>\n\n\n\n<p>Con esta nueva decisi\u00f3n se retira una cantidad muy significativa de recursos destinados a fondo FEADER y PEPAC, as\u00ed como a aportaciones de cofinanciaci\u00f3n auton\u00f3mica y estatal. Desde el punto de vista t\u00e9cnico, esta decisi\u00f3n puede comportar efectos adversos sobre la capacidad de inversi\u00f3n y de respuesta econ\u00f3mica del sector productor agrario valenciano, puesto que reduce de manera directa el margen presupuestario disponible para operaciones que impulsan la competitividad, la sostenibilidad y la continuidad de la actividad agraria.&nbsp;<\/p>\n\n\n\n<p>Para La Uni\u00f3, en un momento de m\u00e1xima presi\u00f3n por el aumento de costes de producci\u00f3n, las adversidades clim\u00e1ticas y la incertidumbre de los mercados, cualquier reducci\u00f3n de esta naturaleza impacta de manera inmediata en la rentabilidad y la estabilidad de las explotaciones agrarias. Con la voluntad de garantizar la m\u00e1xima transparencia y colaboraci\u00f3n institucional, La Uni\u00f3 ha solicitado a la Conselleria de Agricultura que informe en detalle acerca de las partidas y aplicaciones presupuestarias afectadas por esta minoraci\u00f3n, con indicaci\u00f3n del importe inicial, el importe reducido y el saldo resultante. As\u00ed mismo, le insta a que explique las implicaciones concretas que esta reducci\u00f3n puede tener en la actividad de la AVFGA y, especialmente, en las inversiones y ayudas que inciden directamente sobre el conjunto del sector productor agrario valenciano.<\/p>\n\n\n\n<p>Por otra parte, la organizaci\u00f3n reclama a la Conselleria de Agricultura qu\u00e9 medidas prev\u00e9 adoptar para garantizar que esta minoraci\u00f3n no compromete la ejecuci\u00f3n de los programas europeos ni reduce la capacidad inversora del sector, adem\u00e1s de que presente los informes t\u00e9cnicos y presupuestarios que han justificado esta transferencia de cr\u00e9dito y su compatibilidad con la normativa auton\u00f3mica y europea.<\/p>\n\n\n\n<p>Carles Peris, secretario general de La Uni\u00f3, se\u00f1ala que \u201csi estos fondos ya estaban en los presupuestos aprobados por PP y Vox en mayo, o no hicieron bien la previsi\u00f3n o no han sido capaces de impulsar la normativa para que este dinero llegue a los productores\u201d. Peris insiste en que \u201ces imprescindible preservar la capacidad inversora del sector agrario, puesto que constituye un pilar esencial para mantener la actividad econ\u00f3mica, el empleo y el equilibrio territorial del mundo rural valenciano. Cualquier reducci\u00f3n de recursos en este \u00e1mbito puede tener consecuencias directas sobre la sostenibilidad econ\u00f3mica de las explotaciones, sobre la planificaci\u00f3n de las pol\u00edticas de desarrollo rural y sobre la confianza de los productores en las instituciones p\u00fablicas\u201d.<\/p>\n\n\n\n<p>Advierte del grave precedente que \u201csupone detraer fondos del presupuesto agrario para destinarlos a otras finalidades, puesto que rompe el principio de coherencia en la pol\u00edtica presupuestaria y pone en riesgo la credibilidad de las instituciones ante el sector, Por ello conf\u00eda en que la Conselleria sea sensible a esta preocupaci\u00f3n y facilite, con la m\u00e1xima celeridad, la informaci\u00f3n solicitada, as\u00ed como las explicaciones pertinentes sobre el alcance y las consecuencias de esta decisi\u00f3n\u201d.<\/p>\n\n\n\n<p>El secretario general de La Uni\u00f3 incide en que \u201cse trata de recursos para el sector agrario que si se retiran frenan la gesti\u00f3n diaria del sector y ponen en riesgo proyectos de ejecuci\u00f3n. No se pueden eliminar porque s\u00ed fondos agrarios que frenan la recuperaci\u00f3n y proyectos, as\u00ed como l\u00edneas de inversi\u00f3n para el medio rural\u201d.<\/p>\n","protected":false},"excerpt":{"rendered":"<div class=\"mh-excerpt\">Carles Peris advierte del grave precedente que \u201csupone detraer fondos del presupuesto agrario para destinarlos a otras finalidades ajenas al sector\u201d. Desde el 14 de octubre al 4 de noviembre el Consell de la Generalitat <a class=\"mh-excerpt-more\" href=\"https:\/\/www.tucomarca.com\/wordpress\/segunda\/la-unio-denuncia-que-el-consell-detrae-en-menos-de-un-mes-54-millones-de-euros-de-fondos-agrarios-para-el-sector-y-los-destina-a-otras-finalidades\/\" title=\"La Uni\u00f3 denuncia que el Consell detrae en menos de un mes 54 millones de euros de fondos agrarios para el sector y los destina a otras finalidades\u00a0\">[+] <\/a><\/div>\n","protected":false},"author":12,"featured_media":285413,"comment_status":"open","ping_status":"open","sticky":false,"template":"","format":"standard","meta":{"footnotes":""},"categories":[21465,128,8,72,142,3,45],"tags":[12831,21081],"class_list":{"0":"post-285409","1":"post","2":"type-post","3":"status-publish","4":"format-standard","5":"has-post-thumbnail","7":"category-dana","8":"category-infraestructuras","9":"category-la-comarca","10":"category-sin-categorizar","11":"category-politica-la-comarca","12":"category-seccion","13":"category-ventana","14":"tag-dana-2","15":"tag-la-unio-llauradora-i-ramadera"},"_links":{"self":[{"href":"https:\/\/www.tucomarca.com\/wordpress\/segunda\/wp-json\/wp\/v2\/posts\/285409","targetHints":{"allow":["GET"]}}],"collection":[{"href":"https:\/\/www.tucomarca.com\/wordpress\/segunda\/wp-json\/wp\/v2\/posts"}],"about":[{"href":"https:\/\/www.tucomarca.com\/wordpress\/segunda\/wp-json\/wp\/v2\/types\/post"}],"author":[{"embeddable":true,"href":"https:\/\/www.tucomarca.com\/wordpress\/segunda\/wp-json\/wp\/v2\/users\/12"}],"replies":[{"embeddable":true,"href":"https:\/\/www.tucomarca.com\/wordpress\/segunda\/wp-json\/wp\/v2\/comments?post=285409"}],"version-history":[{"count":0,"href":"https:\/\/www.tucomarca.com\/wordpress\/segunda\/wp-json\/wp\/v2\/posts\/285409\/revisions"}],"wp:featuredmedia":[{"embeddable":true,"href":"https:\/\/www.tucomarca.com\/wordpress\/segunda\/wp-json\/wp\/v2\/media\/285413"}],"wp:attachment":[{"href":"https:\/\/www.tucomarca.com\/wordpress\/segunda\/wp-json\/wp\/v2\/media?parent=285409"}],"wp:term":[{"taxonomy":"category","embeddable":true,"href":"https:\/\/www.tucomarca.com\/wordpress\/segunda\/wp-json\/wp\/v2\/categories?post=285409"},{"taxonomy":"post_tag","embeddable":true,"href":"https:\/\/www.tucomarca.com\/wordpress\/segunda\/wp-json\/wp\/v2\/tags?post=285409"}],"curies":[{"name":"wp","href":"https:\/\/api.w.org\/{rel}","templated":true}]}}