{"id":285419,"date":"2025-11-14T11:00:00","date_gmt":"2025-11-14T10:00:00","guid":{"rendered":"https:\/\/www.tucomarca.com\/wordpress\/segunda\/?p=285419"},"modified":"2025-11-14T19:37:30","modified_gmt":"2025-11-14T18:37:30","slug":"la-diputacio-marca-la-hoja-de-ruta-en-la-red-viaria-de-la-hoya-de-bunol-chiva-386-millones-de-euros-invertidos-y-565-programados","status":"publish","type":"post","link":"https:\/\/www.tucomarca.com\/wordpress\/segunda\/la-diputacio-marca-la-hoja-de-ruta-en-la-red-viaria-de-la-hoya-de-bunol-chiva-386-millones-de-euros-invertidos-y-565-programados\/","title":{"rendered":"La Diputaci\u00f3 marca la hoja de ruta en la red viaria de La Hoya de Bu\u00f1ol-Chiva: 38,6 millones de euros invertidos y 56,5 programados"},"content":{"rendered":"\n<h3 class=\"wp-block-heading\">La vicepresidenta segunda, Reme Mazzolari, preside en Godelleta una jornada de trabajo para repasar junto a alcaldes y alcaldesas de la comarca las actuaciones m\u00e1s relevantes ejecutadas y en tramitaci\u00f3n por el \u00e1rea provincial de Carreteras.<\/h3>\n\n\n\n<h3 class=\"wp-block-heading\">El proyecto de ampliaci\u00f3n de plataforma y mejora funcional de la CV-425 en el tramo Bu\u00f1ol-Alborache concentra una de las mayores inversiones de la comarca, con una obra en ejecuci\u00f3n que ha sido pionera en la implantaci\u00f3n de criterios ambientales.<\/h3>\n\n\n\n<h3 class=\"wp-block-heading\">Mazzolari anuncia un incremento del 75% en el presupuesto destinado a conservaci\u00f3n \u00abcomo mecanismo de mejora continua de las carreteras\u00bb.<\/h3>\n\n\n\n<p>La Diputaci\u00f3 de Val\u00e8ncia ha celebrado en Godelleta la tercera jornada impulsada por el \u00e1rea provincial de Carreteras para analizar, junto con los alcaldes y alcaldesas de La Hoya de Bu\u00f1ol-Chiva, el estado de la red viaria provincial y las actuaciones desarrolladas en la comarca desde 2023.&nbsp;<\/p>\n\n\n\n<p>La diputada de Carreteras, Reme Mazzolari, ha presidido el encuentro junto con la alcaldesa, Amparo Pardo, donde ha puesto de manifiesto el \u00abhist\u00f3rico esfuerzo inversor realizado, especialmente tras la dana del a\u00f1o pasado, que fue especialmente destructiva en esta comarca\u00bb.<\/p>\n\n\n\n<p>Mazzolari ha recordado que \u00abel temporal tuvo en esta comarca el epicentro de los da\u00f1os m\u00e1s graves sobre red de carreteras de la Diputaci\u00f3, cosa que nos oblig\u00f3 a activar de inmediato actuaciones de reparaci\u00f3n y reconstrucci\u00f3n\u00bb. Seg\u00fan ha indicado, solo en la Hoya de Bu\u00f1ol-Chiva se han destinado m\u00e1s de 32,7 millones de euros en obras de emergencia ejecutadas, ya pr\u00e1cticamente finalizadas, que han permitido restablecer la movilidad en condiciones de seguridad en los municipios afectados. La diputada ha subrayado que \u201cdesde el primer momento trabajamos para devolver la normalidad a la comarca y lo hicimos movilizando todos los recursos necesarios apenas 48 horas despu\u00e9s de las lluvias torrenciales\u201d.<\/p>\n\n\n\n<p>Durante la jornada se ha explicado tambi\u00e9n el incremento del presupuesto de conservaci\u00f3n de la red provincial, que en la demarcaci\u00f3n de Bu\u00f1ol pasar\u00e1 de 2,3 millones de euros anuales a 4,2 millones entre 2025 y 2026, lo que supone un aumento del 78,5%. Este refuerzo permitir\u00e1 actuar con mayor rapidez en tareas de mantenimiento ordinario y extraordinario, mejorar la respuesta ante incidencias y avanzar en la humanizaci\u00f3n y la mejora funcional de las carreteras. Mazzolari ha indicado que \u00abentendemos la conservaci\u00f3n como un mecanismo de mejora continua de las carreteras\u00bb y subraya que \u201ccada euro invertido en este aspecto es un euro invertido en seguridad y cohesi\u00f3n territorial\u00bb.<\/p>\n\n\n\n<figure class=\"wp-block-gallery has-nested-images columns-default is-cropped wp-block-gallery-1 is-layout-flex wp-block-gallery-is-layout-flex\">\n<figure class=\"wp-block-image size-large\"><img loading=\"lazy\" decoding=\"async\" width=\"1024\" height=\"691\" data-id=\"285429\" src=\"https:\/\/www.tucomarca.com\/wordpress\/segunda\/wp-content\/uploads\/2025\/11\/MazzolariGodelleta1-1024x691.jpg\" alt=\"\" class=\"wp-image-285429\" srcset=\"https:\/\/www.tucomarca.com\/wordpress\/segunda\/wp-content\/uploads\/2025\/11\/MazzolariGodelleta1-1024x691.jpg 1024w, https:\/\/www.tucomarca.com\/wordpress\/segunda\/wp-content\/uploads\/2025\/11\/MazzolariGodelleta1-300x202.jpg 300w, https:\/\/www.tucomarca.com\/wordpress\/segunda\/wp-content\/uploads\/2025\/11\/MazzolariGodelleta1-768x518.jpg 768w, https:\/\/www.tucomarca.com\/wordpress\/segunda\/wp-content\/uploads\/2025\/11\/MazzolariGodelleta1.jpg 1181w\" sizes=\"auto, (max-width: 1024px) 100vw, 1024px\" \/><\/figure>\n\n\n\n<figure class=\"wp-block-image size-large\"><img loading=\"lazy\" decoding=\"async\" width=\"1024\" height=\"691\" data-id=\"285433\" src=\"https:\/\/www.tucomarca.com\/wordpress\/segunda\/wp-content\/uploads\/2025\/11\/MazzolariGodelleta3-1024x691.jpg\" alt=\"\" class=\"wp-image-285433\" srcset=\"https:\/\/www.tucomarca.com\/wordpress\/segunda\/wp-content\/uploads\/2025\/11\/MazzolariGodelleta3-1024x691.jpg 1024w, https:\/\/www.tucomarca.com\/wordpress\/segunda\/wp-content\/uploads\/2025\/11\/MazzolariGodelleta3-300x202.jpg 300w, https:\/\/www.tucomarca.com\/wordpress\/segunda\/wp-content\/uploads\/2025\/11\/MazzolariGodelleta3-768x518.jpg 768w, https:\/\/www.tucomarca.com\/wordpress\/segunda\/wp-content\/uploads\/2025\/11\/MazzolariGodelleta3.jpg 1181w\" sizes=\"auto, (max-width: 1024px) 100vw, 1024px\" \/><\/figure>\n<\/figure>\n\n\n\n<p><strong>Renovaci\u00f3n de la carretera entre Bu\u00f1ol y Alborache&nbsp;<\/strong><\/p>\n\n\n\n<p>Una de las actuaciones abordadas durante el encuentro es la renovaci\u00f3n integral del tramo de la carretera CV-425 que une Bu\u00f1ol y Alborache, una infraestructura clave para la comarca de la Hoya de Bu\u00f1ol-Chiva que se encuentra ya en ejecuci\u00f3n.<\/p>\n\n\n\n<p>Con una inversi\u00f3n de m\u00e1s de 6 millones de euros, se trata de una obra pionera en la introducci\u00f3n de criterios ambientales en su licitaci\u00f3n. As\u00ed, se han incorporado medidas de reforestaci\u00f3n, silvicultura y restauraci\u00f3n del entorno para compensar las emisiones generadas durante el desarrollo de la obra, estimadas en unas 4.000 toneladas de CO\u2082 equivalente. Este planteamiento, seg\u00fan ha destacado Reme Mazzolari \u00abrepresenta un paso adelante en la gesti\u00f3n de infraestructuras, al vincular la mejora viaria con la sostenibilidad ambiental desde su propia concepci\u00f3n\u00bb.<\/p>\n\n\n\n<p>El proyecto contempla la ampliaci\u00f3n de plataforma, mejora del firme y adaptaci\u00f3n funcional del trazado para responder tanto a las necesidades del tr\u00e1fico como a los retos del cambio clim\u00e1tico. De esta forma, la Diputaci\u00f3n combina criterios de eficiencia, seguridad y sostenibilidad para que la actuaci\u00f3n no s\u00f3lo suponga una mejora estructural sino una oportunidad para avanzar en la transici\u00f3n ecol\u00f3gica de sus infraestructuras.<\/p>\n\n\n\n<p><strong>Otras obras destacadas en la comarca<\/strong><\/p>\n\n\n\n<p>En el encuentro se ha hecho balance de las obras ejecutadas en los \u00faltimos a\u00f1os, entre las que destacan la mejora de la seguridad vial en la CV-415 en su acceso a Tur\u00eds, la conexi\u00f3n ciclo-peatonal entre Siete Aguas y su estaci\u00f3n ferroviaria o la eliminaci\u00f3n del tramo de concentraci\u00f3n de accidentes en la CV-428 hacia Cortes de Pall\u00e1s. Tambi\u00e9n se han repasado las actuaciones que contin\u00faan en marcha, como la mejora de la CV-417 entre la Universidad Laboral y la CV-424.<\/p>\n\n\n\n<p>De cara a los pr\u00f3ximos a\u00f1os, se han detallado las actuaciones previstas para 2026 y 2027. Entre ellas figuran la mejora de la seguridad vial en la CV-429 entre Macastre y La Portera, distribuida en dos fases que suman m\u00e1s de 5,8 millones de euros; la ampliaci\u00f3n de la plataforma de la CV-422 entre Tur\u00eds y Llombai, con el inicio de las expropiaciones previsto para 2026; la actualizaci\u00f3n del proyecto de la Variante Norte de Chiva en la CV-379; el acondicionamiento de la CV-424 entre Venta del Poyo y Bu\u00f1ol, cuya ejecuci\u00f3n requiere una revisi\u00f3n del proyecto tras los da\u00f1os sufridos por la DANA; y la mejora de trazado en la CV-425 entre Alborache y Macastre, actualmente en fase de licitaci\u00f3n del contrato de redacci\u00f3n. Entre carreteras y caminos, la inversi\u00f3n prevista en la Hoya de Bu\u00f1ol-Chiva para este periodo supera los 56,5 millones de euros.<\/p>\n\n\n\n<p>La jornada ha servido adem\u00e1s para intercambiar impresiones con los ayuntamientos sobre las necesidades prioritarias de la comarca. La diputada y vicepresidenta Mazzolari ha concluido que la planificaci\u00f3n estrat\u00e9gica del \u00e1rea \u201cse construye escuchando a los pueblos, entendiendo su realidad y priorizando lo que de verdad mejora su d\u00eda a d\u00eda\u201d, y ha valorado estas reuniones como un instrumento eficaz para mejorar la coordinaci\u00f3n institucional y dar visibilidad al trabajo desarrollado por la Diputaci\u00f3n en el territorio.<\/p>\n","protected":false},"excerpt":{"rendered":"<div class=\"mh-excerpt\">La vicepresidenta segunda, Reme Mazzolari, preside en Godelleta una jornada de trabajo para repasar junto a alcaldes y alcaldesas de la comarca las actuaciones m\u00e1s relevantes ejecutadas y en tramitaci\u00f3n por el \u00e1rea provincial de <a class=\"mh-excerpt-more\" href=\"https:\/\/www.tucomarca.com\/wordpress\/segunda\/la-diputacio-marca-la-hoja-de-ruta-en-la-red-viaria-de-la-hoya-de-bunol-chiva-386-millones-de-euros-invertidos-y-565-programados\/\" title=\"La Diputaci\u00f3 marca la hoja de ruta en la red viaria de La Hoya de Bu\u00f1ol-Chiva: 38,6 millones de euros invertidos y 56,5 programados\">[+] <\/a><\/div>\n","protected":false},"author":12,"featured_media":285430,"comment_status":"open","ping_status":"open","sticky":false,"template":"","format":"gallery","meta":{"footnotes":""},"categories":[19,18,21465,14,128,8,72,10,117,142,3,116,45],"tags":[21628,10383,5952,19430],"class_list":{"0":"post-285419","1":"post","2":"type-post","3":"status-publish","4":"format-gallery","5":"has-post-thumbnail","7":"category-alborache","8":"category-bunol","9":"category-dana","10":"category-godelleta","11":"category-infraestructuras","12":"category-la-comarca","13":"category-sin-categorizar","14":"category-la-hoya","15":"category-medio-ambiente-la-comarca","16":"category-politica-la-comarca","17":"category-seccion","18":"category-sucesos-la-comarca","19":"category-ventana","20":"tag-carreteras-de-la-diputacion","21":"tag-godelleta","22":"tag-la-hoya-de-bunol-chiva","23":"tag-reme-mazzolari","24":"post_format-post-format-gallery"},"_links":{"self":[{"href":"https:\/\/www.tucomarca.com\/wordpress\/segunda\/wp-json\/wp\/v2\/posts\/285419","targetHints":{"allow":["GET"]}}],"collection":[{"href":"https:\/\/www.tucomarca.com\/wordpress\/segunda\/wp-json\/wp\/v2\/posts"}],"about":[{"href":"https:\/\/www.tucomarca.com\/wordpress\/segunda\/wp-json\/wp\/v2\/types\/post"}],"author":[{"embeddable":true,"href":"https:\/\/www.tucomarca.com\/wordpress\/segunda\/wp-json\/wp\/v2\/users\/12"}],"replies":[{"embeddable":true,"href":"https:\/\/www.tucomarca.com\/wordpress\/segunda\/wp-json\/wp\/v2\/comments?post=285419"}],"version-history":[{"count":0,"href":"https:\/\/www.tucomarca.com\/wordpress\/segunda\/wp-json\/wp\/v2\/posts\/285419\/revisions"}],"wp:featuredmedia":[{"embeddable":true,"href":"https:\/\/www.tucomarca.com\/wordpress\/segunda\/wp-json\/wp\/v2\/media\/285430"}],"wp:attachment":[{"href":"https:\/\/www.tucomarca.com\/wordpress\/segunda\/wp-json\/wp\/v2\/media?parent=285419"}],"wp:term":[{"taxonomy":"category","embeddable":true,"href":"https:\/\/www.tucomarca.com\/wordpress\/segunda\/wp-json\/wp\/v2\/categories?post=285419"},{"taxonomy":"post_tag","embeddable":true,"href":"https:\/\/www.tucomarca.com\/wordpress\/segunda\/wp-json\/wp\/v2\/tags?post=285419"}],"curies":[{"name":"wp","href":"https:\/\/api.w.org\/{rel}","templated":true}]}}