{"id":285442,"date":"2025-11-14T10:00:00","date_gmt":"2025-11-14T09:00:00","guid":{"rendered":"https:\/\/www.tucomarca.com\/wordpress\/segunda\/?p=285442"},"modified":"2025-11-14T19:47:51","modified_gmt":"2025-11-14T18:47:51","slug":"dos-aguas-acoge-su-ix-feria-gastronomica-y-artesanal-este-domingo","status":"publish","type":"post","link":"https:\/\/www.tucomarca.com\/wordpress\/segunda\/dos-aguas-acoge-su-ix-feria-gastronomica-y-artesanal-este-domingo\/","title":{"rendered":"Dos Aguas acoge su IX Feria Gastron\u00f3mica y Artesanal este domingo"},"content":{"rendered":"\n<p>Dos Aguas celebrar\u00e1 este domingo, <strong>16 de noviembre<\/strong>, la <strong>IX Feria Gastron\u00f3mica y Artesanal<\/strong>, un evento ya consolidado en el calendario local y que regresa despu\u00e9s de que tuviera que ser suspendido el pasado 12 de octubre a causa del temporal de lluvias. La cita volver\u00e1 a llenar las calles del municipio de tradici\u00f3n, sabor y cultura popular.<\/p>\n\n\n\n<p>Organizada por el <strong>Ayuntamiento de Dos Aguas<\/strong> con la colaboraci\u00f3n de la <strong>Diputaci\u00f3 de Val\u00e8ncia<\/strong> y el <strong>SARC (Servei d\u2019Assist\u00e8ncia i Recursos Culturals)<\/strong>, la feria reunir\u00e1 una amplia oferta de productos gastron\u00f3micos y artesanales, adem\u00e1s de actividades dirigidas a p\u00fablicos de todas las edades.<\/p>\n\n\n\n<p><strong>Gastronom\u00eda para todos los gustos<\/strong><\/p>\n\n\n\n<p>El espacio gastron\u00f3mico permitir\u00e1 a los visitantes disfrutar de una variada selecci\u00f3n de productos: pan y tortas t\u00edpicas, dulces, embutidos, quesos artesanales, miel, encurtidos, aceite de oliva, d\u00e1tiles, higos, garapi\u00f1ados o los tradicionales <em>Miguelitos<\/em> de La Roda. Adem\u00e1s, se podr\u00e1n degustar bu\u00f1uelos y chocolate, cuya recaudaci\u00f3n se destinar\u00e1 \u00edntegramente a la <strong>Asociaci\u00f3n Espa\u00f1ola Contra el C\u00e1ncer (AECC)<\/strong>.<\/p>\n\n\n\n<p><strong>Artesan\u00eda local y actividades culturales<\/strong><\/p>\n\n\n\n<p>La zona de artesan\u00eda contar\u00e1 con puestos de bisuter\u00eda, cer\u00e1mica, libros, velas, bordados, decoraci\u00f3n, atrapasue\u00f1os, bolsos y diversos complementos elaborados de forma totalmente artesanal.<\/p>\n\n\n\n<p>A lo largo del d\u00eda, el p\u00fablico podr\u00e1 disfrutar de una <strong>exhibici\u00f3n de bons\u00e1is<\/strong> en el mirador del edificio multiusos y, durante la ma\u00f1ana, visitar el <strong>museo del castillo, Torre de Vilaragut<\/strong>.<\/p>\n\n\n\n<p><strong>Una jornada repleta de actividades<\/strong><\/p>\n\n\n\n<p>La feria ofrecer\u00e1 un completo programa de propuestas: paseos a caballo y en carro, talleres infantiles, exhibici\u00f3n de cetrer\u00eda, photocall y el taller de decoraci\u00f3n de m\u00e1scaras de <strong>La Llar de Noa<\/strong>. Los m\u00e1s peque\u00f1os tambi\u00e9n podr\u00e1n disfrutar de la <strong>Fireta Antiga<\/strong>, con globoflexia y algod\u00f3n de az\u00facar.<\/p>\n\n\n\n<p>A las <strong>17,00 horas<\/strong>, el edificio multiusos acoger\u00e1 un espect\u00e1culo de magia a cargo de <strong>Markus Magic Show<\/strong>, y a partir de las <strong>18,00 horas<\/strong>, el grupo de <strong>gigantes y cabezudos de Benet\u00fasser<\/strong> recorrer\u00e1 la avenida Marqu\u00e9s de Dos Aguas para poner el broche final a la jornada.<\/p>\n","protected":false},"excerpt":{"rendered":"<div class=\"mh-excerpt\">Dos Aguas celebrar\u00e1 este domingo, 16 de noviembre, la IX Feria Gastron\u00f3mica y Artesanal, un evento ya consolidado en el calendario local y que regresa despu\u00e9s de que tuviera que ser suspendido el pasado 12 <a class=\"mh-excerpt-more\" href=\"https:\/\/www.tucomarca.com\/wordpress\/segunda\/dos-aguas-acoge-su-ix-feria-gastronomica-y-artesanal-este-domingo\/\" title=\"Dos Aguas acoge su IX Feria Gastron\u00f3mica y Artesanal este domingo\">[+] <\/a><\/div>\n","protected":false},"author":12,"featured_media":285445,"comment_status":"open","ping_status":"open","sticky":false,"template":"","format":"standard","meta":{"footnotes":""},"categories":[4,15,8,10,7,3,45],"tags":[14233,23148,5952],"class_list":{"0":"post-285442","1":"post","2":"type-post","3":"status-publish","4":"format-standard","5":"has-post-thumbnail","7":"category-agenda","8":"category-dos-aguas","9":"category-la-comarca","10":"category-la-hoya","11":"category-ocio-y-cultura","12":"category-seccion","13":"category-ventana","14":"tag-ayuntamiento-de-dos-aguas","15":"tag-ix-feria-gastronomica-y-artesanal","16":"tag-la-hoya-de-bunol-chiva"},"_links":{"self":[{"href":"https:\/\/www.tucomarca.com\/wordpress\/segunda\/wp-json\/wp\/v2\/posts\/285442","targetHints":{"allow":["GET"]}}],"collection":[{"href":"https:\/\/www.tucomarca.com\/wordpress\/segunda\/wp-json\/wp\/v2\/posts"}],"about":[{"href":"https:\/\/www.tucomarca.com\/wordpress\/segunda\/wp-json\/wp\/v2\/types\/post"}],"author":[{"embeddable":true,"href":"https:\/\/www.tucomarca.com\/wordpress\/segunda\/wp-json\/wp\/v2\/users\/12"}],"replies":[{"embeddable":true,"href":"https:\/\/www.tucomarca.com\/wordpress\/segunda\/wp-json\/wp\/v2\/comments?post=285442"}],"version-history":[{"count":0,"href":"https:\/\/www.tucomarca.com\/wordpress\/segunda\/wp-json\/wp\/v2\/posts\/285442\/revisions"}],"wp:featuredmedia":[{"embeddable":true,"href":"https:\/\/www.tucomarca.com\/wordpress\/segunda\/wp-json\/wp\/v2\/media\/285445"}],"wp:attachment":[{"href":"https:\/\/www.tucomarca.com\/wordpress\/segunda\/wp-json\/wp\/v2\/media?parent=285442"}],"wp:term":[{"taxonomy":"category","embeddable":true,"href":"https:\/\/www.tucomarca.com\/wordpress\/segunda\/wp-json\/wp\/v2\/categories?post=285442"},{"taxonomy":"post_tag","embeddable":true,"href":"https:\/\/www.tucomarca.com\/wordpress\/segunda\/wp-json\/wp\/v2\/tags?post=285442"}],"curies":[{"name":"wp","href":"https:\/\/api.w.org\/{rel}","templated":true}]}}