{"id":285467,"date":"2025-11-14T12:30:00","date_gmt":"2025-11-14T11:30:00","guid":{"rendered":"https:\/\/www.tucomarca.com\/wordpress\/segunda\/?p=285467"},"modified":"2025-11-14T19:53:28","modified_gmt":"2025-11-14T18:53:28","slug":"marian-cano-denuncia-la-negativa-a-prorrogar-la-vida-de-las-nucleares-y-reivindica-el-papel-clave-de-cofrentes-para-la-seguridad-energetica-y-competitividad-de-la-comunitat-valenciana","status":"publish","type":"post","link":"https:\/\/www.tucomarca.com\/wordpress\/segunda\/marian-cano-denuncia-la-negativa-a-prorrogar-la-vida-de-las-nucleares-y-reivindica-el-papel-clave-de-cofrentes-para-la-seguridad-energetica-y-competitividad-de-la-comunitat-valenciana\/","title":{"rendered":"Mari\u00e1n Cano denuncia la negativa a prorrogar la vida de las nucleares y reivindica el papel clave de Cofrentes para la seguridad energ\u00e9tica y competitividad de la Comunitat Valenciana"},"content":{"rendered":"\n<h3 class=\"wp-block-heading\">La consellera ha criticado que el Gobierno central\u00a0\u00abantepone ideolog\u00eda a las necesidades reales de empresas y familias valencianas, con una decisi\u00f3n que pone en riesgo miles de empleos, encarece la energ\u00eda y debilita a la Comunitat Valenciana\u201d.<\/h3>\n\n\n\n<h3 class=\"wp-block-heading\">Cano reclama una transici\u00f3n energ\u00e9tica \u201crealista y responsable\u201d que combine energ\u00edas renovables con otras tecnolog\u00edas para \u00abgarantizar la estabilidad del sistema\u201d.<\/h3>\n\n\n\n<p>La consellera de Innovaci\u00f3n, Industria, Comercio y Turismo, Mari\u00e1n Cano, ha denunciado que la decisi\u00f3n de no de prorrogar el cierre de las centrales nucleares afectar\u00e1 directamente a la central de Cofrentes, a su comarca y a decenas de miles de puestos de trabajo, adem\u00e1s de repercutir en todos los ciudadanos de la Comunitat, \u201cque deber\u00e1n pagar un precio m\u00e1s alto por la energ\u00eda debido a decisiones ideol\u00f3gicas que ignoran las necesidades reales de nuestro territorio\u201d.<\/p>\n\n\n\n<p>Durante la clausura de la jornada \u201cEl futuro de la Energ\u00eda El\u00e9ctrica: Clave para la Competitividad Empresarial\u201d, Cano ha defendido la necesidad de alargar la vida \u00fatil de la central de Cofrentes como \u201cuna decisi\u00f3n de sentido com\u00fan en defensa de la seguridad del suministro, el empleo, la competitividad de las empresas valencianas y la soberan\u00eda energ\u00e9tica de la Comunitat\u201d.<\/p>\n\n\n\n<p>\u201cLa continuidad de Cofrentes, siempre bajo los m\u00e1s altos est\u00e1ndares de seguridad, es esencial para nuestra autonom\u00eda energ\u00e9tica y la competitividad de nuestras empresas\u201d, ha explicado. La Comunitat Valenciana, ha subrayado, \u201cno puede permitirse perder autonom\u00eda energ\u00e9tica ni competitividad industrial por decisiones que anteponen la ideolog\u00eda al bienestar de las familias y al futuro econ\u00f3mico\u201d.\u00a0<\/p>\n\n\n\n<p><strong>Cano reclama una transici\u00f3n energ\u00e9tica \u201crealista y responsable\u201d<\/strong><\/p>\n\n\n\n<p>La titular de Energ\u00eda ha insistido en que \u201cCofrentes es una infraestructura estrat\u00e9gica que garantiza un suministro el\u00e9ctrico estable, libre de emisiones y fundamental para nuestra industria\u201d, y ha reclamado al Gobierno central \u201crealismo y responsabilidad\u201d en la planificaci\u00f3n energ\u00e9tica, y una transici\u00f3n energ\u00e9tica que combine las energ\u00edas renovables con otras tecnolog\u00edas \u201cpara dotar de la m\u00e1xina seguridad al sistema\u201d.&nbsp;<\/p>\n\n\n\n<p>En este sentido, ha incidido en que la Comunitat \u201cno puede permitirse dejar de tener esta fuente de energ\u00eda\u201d, y ha recordado que sin Cofrentes la Comunitat Valenciana deber\u00eda importar el 74 % de la energ\u00eda que consume, \u201clo que nos pondr\u00eda en una posici\u00f3n de debilidad manifiesta\u201d.<\/p>\n\n\n\n<p>La consellera ha puesto en valor \u201cla apuesta y esfuerzo\u201d realizado por el actual Consell en materia de energ\u00edas renovables, recordando que desde el primer momento \u201chemos legislado para eliminar trabas y simplificar procedimientos que permitan acelerar la instalaci\u00f3n de potencia de origen renovable\u201d.&nbsp;<\/p>\n\n\n\n<p>En este sentido, ha mostrado el compromiso del Consell para situar a la Comunitat Valenciana \u201cen el liderazgo energ\u00e9tico\u201d. autorizando en estos a\u00f1os \u201cveinte veces m\u00e1s potencia que en la d\u00e9cada anterior\u201d.<\/p>\n\n\n\n<p>No obstante, ha destacado, \u201cqueda camino por recorrer\u201d y, en ese proceso de instalaci\u00f3n de diferentes fuentes de energ\u00eda renovables, \u201ces vital contar con Cofrentes, porque en la actualidad suministra el 50 % del consumo de la Comunitat\u201d.<\/p>\n\n\n\n<p>En este sentido, Cano ha calificado el Plan Nacional Integrado de Energ\u00eda y Clima (PNIEC), como \u201cun listado de buenas intenciones\u201d, y ha subrayado que los objetivos que establece dependen de factores externos y que \u201clo \u00fanico seguro es el cierre de las nucleares\u201d.<\/p>\n\n\n\n<p>\u201cNo se concibe que dejemos una fuente de energ\u00eda estable, segura y econ\u00f3micamente viable antes de haber alcanzado la respuesta a si tenemos fuentes de energ\u00eda suficientes y almacenamiento para gestionarlas\u201d, ha se\u00f1alado.<\/p>\n\n\n\n<p><strong>Protecci\u00f3n ante conflictos geopol\u00edticos<\/strong><\/p>\n\n\n\n<p>La titular de Energ\u00eda ha destacado que \u201cla energ\u00eda es un bien imprescindible para el desarrollo\u201d y adem\u00e1s de garantizar el acceso, es \u201cfundamental\u201d proteger su precio de los conflictos geopol\u00edticos, como los que afectaron a Europa durante 2022 con la guerra de Ucrania.<\/p>\n\n\n\n<p>La consellera ha pedido \u201cser pragm\u00e1ticos y no dogm\u00e1ticos\u201d y ha advertido sobre los errores cometidos por otros pa\u00edses como Alemania. Cano, en plena sinton\u00eda con las recomendaciones europeas, ha defendido que el acuerdo de cierre nuclear firmado en 2019 debe ser revisado, ya que \u201cel mundo no es el mismo que cuando se planificaron los cierres nucleares\u201d.<\/p>\n\n\n\n<p>Para la consellera, si todos los pa\u00edses europeos, salvo Espa\u00f1a, est\u00e1n revisando o ampliando la vida \u00fatil de sus centrales nucleares, tal vez deber\u00edamos preguntarnos si somos nosotros los que estamos equivocados.<\/p>\n\n\n\n<p>Por ello, ha defendido que el cierre de estas centrales ha de adaptarse al cumplimiento real de los objetivos de potencia y almacenamiento, para evitar \u201cuna dependencia del gas y de los ciclos combinados que nos lleve de nuevo a una fragilidad y falta de competitividad como la de 2022\u201d.<\/p>\n","protected":false},"excerpt":{"rendered":"<div class=\"mh-excerpt\">La consellera ha criticado que el Gobierno central\u00a0\u00abantepone ideolog\u00eda a las necesidades reales de empresas y familias valencianas, con una decisi\u00f3n que pone en riesgo miles de empleos, encarece la energ\u00eda y debilita a la <a class=\"mh-excerpt-more\" href=\"https:\/\/www.tucomarca.com\/wordpress\/segunda\/marian-cano-denuncia-la-negativa-a-prorrogar-la-vida-de-las-nucleares-y-reivindica-el-papel-clave-de-cofrentes-para-la-seguridad-energetica-y-competitividad-de-la-comunitat-valenciana\/\" title=\"Mari\u00e1n Cano denuncia la negativa a prorrogar la vida de las nucleares y reivindica el papel clave de Cofrentes para la seguridad energ\u00e9tica y competitividad de la Comunitat Valenciana\">[+] <\/a><\/div>\n","protected":false},"author":12,"featured_media":285481,"comment_status":"open","ping_status":"open","sticky":false,"template":"","format":"standard","meta":{"footnotes":""},"categories":[38,41,128,8,72,117,142,3,45],"tags":[23371,10393,10716],"class_list":{"0":"post-285467","1":"post","2":"type-post","3":"status-publish","4":"format-standard","5":"has-post-thumbnail","7":"category-ayora-cofrentes","8":"category-cofrentes","9":"category-infraestructuras","10":"category-la-comarca","11":"category-sin-categorizar","12":"category-medio-ambiente-la-comarca","13":"category-politica-la-comarca","14":"category-seccion","15":"category-ventana","16":"tag-centrales-nucleares","17":"tag-cofrentes","18":"tag-generalitat-valenciana"},"_links":{"self":[{"href":"https:\/\/www.tucomarca.com\/wordpress\/segunda\/wp-json\/wp\/v2\/posts\/285467","targetHints":{"allow":["GET"]}}],"collection":[{"href":"https:\/\/www.tucomarca.com\/wordpress\/segunda\/wp-json\/wp\/v2\/posts"}],"about":[{"href":"https:\/\/www.tucomarca.com\/wordpress\/segunda\/wp-json\/wp\/v2\/types\/post"}],"author":[{"embeddable":true,"href":"https:\/\/www.tucomarca.com\/wordpress\/segunda\/wp-json\/wp\/v2\/users\/12"}],"replies":[{"embeddable":true,"href":"https:\/\/www.tucomarca.com\/wordpress\/segunda\/wp-json\/wp\/v2\/comments?post=285467"}],"version-history":[{"count":0,"href":"https:\/\/www.tucomarca.com\/wordpress\/segunda\/wp-json\/wp\/v2\/posts\/285467\/revisions"}],"wp:featuredmedia":[{"embeddable":true,"href":"https:\/\/www.tucomarca.com\/wordpress\/segunda\/wp-json\/wp\/v2\/media\/285481"}],"wp:attachment":[{"href":"https:\/\/www.tucomarca.com\/wordpress\/segunda\/wp-json\/wp\/v2\/media?parent=285467"}],"wp:term":[{"taxonomy":"category","embeddable":true,"href":"https:\/\/www.tucomarca.com\/wordpress\/segunda\/wp-json\/wp\/v2\/categories?post=285467"},{"taxonomy":"post_tag","embeddable":true,"href":"https:\/\/www.tucomarca.com\/wordpress\/segunda\/wp-json\/wp\/v2\/tags?post=285467"}],"curies":[{"name":"wp","href":"https:\/\/api.w.org\/{rel}","templated":true}]}}