{"id":285505,"date":"2025-11-16T17:00:00","date_gmt":"2025-11-16T16:00:00","guid":{"rendered":"https:\/\/www.tucomarca.com\/wordpress\/segunda\/?p=285505"},"modified":"2025-11-16T21:44:40","modified_gmt":"2025-11-16T20:44:40","slug":"camarero-el-gran-premio-vuelve-mas-fuerte-que-nunca-y-acoge-a-mas-de-100-000-aficionados-que-consagran-a-la-comunitat-como-referente-internacional-del-motociclismo","status":"publish","type":"post","link":"https:\/\/www.tucomarca.com\/wordpress\/segunda\/camarero-el-gran-premio-vuelve-mas-fuerte-que-nunca-y-acoge-a-mas-de-100-000-aficionados-que-consagran-a-la-comunitat-como-referente-internacional-del-motociclismo\/","title":{"rendered":"Camarero: \u00abel Gran Premio vuelve m\u00e1s fuerte que nunca y acoge a m\u00e1s de 100.000 aficionados que consagran a la Comunitat como referente internacional del motociclismo\u00bb"},"content":{"rendered":"\n<h3 class=\"wp-block-heading\">La Generalitat ha destinado 26,7 millones de euros para reparar los da\u00f1os de la DANA en el Circuito de Cheste y sus infraestructuras de acceso.<\/h3>\n\n\n\n<h3 class=\"wp-block-heading\">La vicepresidenta primera agradece al Mundial de Moto GP y a Dorna la recaudaci\u00f3n del Gran Premio de la Solidaridad, con 1,6 millones de euros destinados a Cheste y Chiva.<\/h3>\n\n\n\n<p>La vicepresidenta primera y consellera de Servicios Sociales, Igualdad y Vivienda, Susana Camarero, ha destacado que el Gran Premio de la Comunitat Valenciana \u201cvuelve este a\u00f1o, despu\u00e9s de que la pasada edici\u00f3n no se pudiera celebrar por la dana, m\u00e1s fuerte que nunca, con m\u00e1s de 100.000 aficionados que consagran a la Comunitat Valenciana como referente internacional del motociclismo\u201d.<\/p>\n\n\n\n<p>Durante su asistencia al Gran Premio Comunitat Valenciana de motociclismo que ha celebrado en el Circuit Ricardo Tormo de Cheste, Susana Camarero ha recordado el esfuerzo inversor de la Generalitat para paliar los da\u00f1os que la dana caus\u00f3 tanto en las instalaciones del circuito como en su entorno, lo que oblig\u00f3 a cancelar la edici\u00f3n de 2024.<\/p>\n\n\n\n<p>A este respecto, Camarero ha se\u00f1alado que \u201cel Consell ha realizado una inversi\u00f3n de 26,7 millones de euros para la recuperaci\u00f3n del Circuit Ricardo Tormo y la zona en la que est\u00e1 enclavado, todo ello para que se vuelva a celebrar el acontecimiento deportivo m\u00e1s importante de nuestra tierra y uno de los m\u00e1s espectaculares a nivel nacional y europeo\u201d.<\/p>\n\n\n\n<p>La vicepresidenta primera tambi\u00e9n ha reconocido la solidaridad del mundo del motociclismo, agradeciendo \u201cal Mundial de Moto GP, a Dorna y en especial al Gran Premio de la Solidaridad celebrado en Barcelona en noviembre de 2024 la recaudaci\u00f3n de 1,6 millones de euros, destinados a la reconstrucci\u00f3n de Cheste y Chiva\u201d. \u201cEste Gran Premio representa como nunca la imagen de la reconstrucci\u00f3n y el reflejo de la solidaridad hacia los valencianos\u201d, ha aseverado.<\/p>\n\n\n\n<figure class=\"wp-block-gallery has-nested-images columns-default is-cropped wp-block-gallery-1 is-layout-flex wp-block-gallery-is-layout-flex\">\n<figure class=\"wp-block-image size-large\"><img loading=\"lazy\" decoding=\"async\" width=\"1024\" height=\"682\" data-id=\"285509\" src=\"https:\/\/www.tucomarca.com\/wordpress\/segunda\/wp-content\/uploads\/2025\/11\/CamareroMotoGP1-1024x682.jpg\" alt=\"\" class=\"wp-image-285509\" srcset=\"https:\/\/www.tucomarca.com\/wordpress\/segunda\/wp-content\/uploads\/2025\/11\/CamareroMotoGP1-1024x682.jpg 1024w, https:\/\/www.tucomarca.com\/wordpress\/segunda\/wp-content\/uploads\/2025\/11\/CamareroMotoGP1-300x200.jpg 300w, https:\/\/www.tucomarca.com\/wordpress\/segunda\/wp-content\/uploads\/2025\/11\/CamareroMotoGP1-768x512.jpg 768w, https:\/\/www.tucomarca.com\/wordpress\/segunda\/wp-content\/uploads\/2025\/11\/CamareroMotoGP1-1536x1023.jpg 1536w, https:\/\/www.tucomarca.com\/wordpress\/segunda\/wp-content\/uploads\/2025\/11\/CamareroMotoGP1.jpg 1600w\" sizes=\"auto, (max-width: 1024px) 100vw, 1024px\" \/><\/figure>\n<\/figure>\n\n\n\n<p><strong>Sede del Gran Premio hasta 2031<\/strong><\/p>\n\n\n\n<p>As\u00ed, ha celebrado que \u201cla Comunitat Valenciana vuelve a rugir. Vuelve la emoci\u00f3n, vuelve el sonido y vuelve el orgullo de una tierra que jam\u00e1s se rinde, donde la moto es cultura y la afici\u00f3n nunca falla\u201d. \u201cEs por ello -ha continuado- que Valencia seguir\u00e1 siendo sede del Gran Premio al menos hasta 2031\u201d.<\/p>\n\n\n\n<p>La vicepresidenta primera tambi\u00e9n se ha referido as\u00ed a la renovaci\u00f3n del contrato para la continuidad del GP de Cheste, por un importe de 80,2 millones de euros, \u201cque garantiza que se celebre con car\u00e1cter anual hasta 2031, sin alternancias ni rotaciones, como suced\u00eda hasta ahora\u201d.<\/p>\n\n\n\n<p>M\u00e1s all\u00e1 de la reconstrucci\u00f3n, la Generalitat mantiene un compromiso presupuestario anual con el circuito, destinando dos millones de euros al mantenimiento de las instalaciones y 610.000 euros para formaci\u00f3n y capacitaci\u00f3n, independientemente del canon del Gran Premio.<\/p>\n\n\n\n<p>El Gran Premio da un retorno econ\u00f3mico a la Comunitat Valenciana de unos 40 millones de euros por a\u00f1o, es decir, 200 millones por los cinco a\u00f1os de extensi\u00f3n del contrato, superando con creces la inversi\u00f3n realizada por la Generalitat.<\/p>\n\n\n\n<p><strong>Actuaciones de recuperaci\u00f3n<\/strong><\/p>\n\n\n\n<p>En cuanto al esfuerzo por la recuperaci\u00f3n del circuito tras la dana, por un total de 26,7 millones de euros, Camarero ha indicado que las actuaciones m\u00e1s urgentes se han centrado en el circuito mismo, con una inversi\u00f3n de 3,6 millones de euros para rehabilitar el aparcamiento principal, retirar lodos, reponer el asfaltado y reconstruir la torre de iluminaci\u00f3n y su cableado.<\/p>\n\n\n\n<p>En materia de infraestructuras, la Conselleria de Medio Ambiente, Infraestructuras y Territorio ha ejecutado obras por valor de 10,5 millones de euros, incluyendo la rehabilitaci\u00f3n de puentes en la CV50 y la reconstrucci\u00f3n del acceso al circuito sobre el barranco de la Sechara.<\/p>\n\n\n\n<p>Adem\u00e1s, la vicepresidenta primera ha explicado que \u201cla Generalitat ha recuperado totalmente las l\u00edneas de Metrovalencia\u201d y ha criticado el servicio de trenes de cercan\u00edas para acceder al circuito, competencia del Estado.<\/p>\n\n\n\n<p>Camarero ha detallado que el servicio de Cercan\u00edas, particularmente la l\u00ednea C3, ofrece actualmente \u201cmenos frecuencia, con una franja horaria m\u00e1s reducida y deja al descubierto el horario nocturno para el regreso a casa de los espectadores, adem\u00e1s de suponer un agravio para los vecinos de Cheste, Chiva y Bu\u00f1ol\u201d.<\/p>\n\n\n\n<p>Para paliar esta situaci\u00f3n, ha continuado explicando Camarero, \u201cla Generalitat ha programado un servicio extraordinario de Metrob\u00fas con dos lanzaderas Cheste-Valencia que funcionar\u00e1n hasta las cuatro de la madrugada, dando servicio a miles de personas que Pedro S\u00e1nchez deja sin alternativas\u201d.<\/p>\n","protected":false},"excerpt":{"rendered":"<div class=\"mh-excerpt\">La Generalitat ha destinado 26,7 millones de euros para reparar los da\u00f1os de la DANA en el Circuito de Cheste y sus infraestructuras de acceso. La vicepresidenta primera agradece al Mundial de Moto GP y <a class=\"mh-excerpt-more\" href=\"https:\/\/www.tucomarca.com\/wordpress\/segunda\/camarero-el-gran-premio-vuelve-mas-fuerte-que-nunca-y-acoge-a-mas-de-100-000-aficionados-que-consagran-a-la-comunitat-como-referente-internacional-del-motociclismo\/\" title=\"Camarero: \u00abel Gran Premio vuelve m\u00e1s fuerte que nunca y acoge a m\u00e1s de 100.000 aficionados que consagran a la Comunitat como referente internacional del motociclismo\u00bb\">[+] <\/a><\/div>\n","protected":false},"author":12,"featured_media":285511,"comment_status":"open","ping_status":"open","sticky":false,"template":"","format":"image","meta":{"footnotes":""},"categories":[17,6,128,8,72,10,91,142,3,45],"tags":[339,10716,11347,5952],"class_list":{"0":"post-285505","1":"post","2":"type-post","3":"status-publish","4":"format-image","5":"has-post-thumbnail","7":"category-cheste","8":"category-deportes","9":"category-infraestructuras","10":"category-la-comarca","11":"category-sin-categorizar","12":"category-la-hoya","13":"category-motociclismo","14":"category-politica-la-comarca","15":"category-seccion","16":"category-ventana","17":"tag-cheste-2","18":"tag-generalitat-valenciana","19":"tag-gran-premio-de-la-comunitat-valenciana","20":"tag-la-hoya-de-bunol-chiva","21":"post_format-post-format-image"},"_links":{"self":[{"href":"https:\/\/www.tucomarca.com\/wordpress\/segunda\/wp-json\/wp\/v2\/posts\/285505","targetHints":{"allow":["GET"]}}],"collection":[{"href":"https:\/\/www.tucomarca.com\/wordpress\/segunda\/wp-json\/wp\/v2\/posts"}],"about":[{"href":"https:\/\/www.tucomarca.com\/wordpress\/segunda\/wp-json\/wp\/v2\/types\/post"}],"author":[{"embeddable":true,"href":"https:\/\/www.tucomarca.com\/wordpress\/segunda\/wp-json\/wp\/v2\/users\/12"}],"replies":[{"embeddable":true,"href":"https:\/\/www.tucomarca.com\/wordpress\/segunda\/wp-json\/wp\/v2\/comments?post=285505"}],"version-history":[{"count":0,"href":"https:\/\/www.tucomarca.com\/wordpress\/segunda\/wp-json\/wp\/v2\/posts\/285505\/revisions"}],"wp:featuredmedia":[{"embeddable":true,"href":"https:\/\/www.tucomarca.com\/wordpress\/segunda\/wp-json\/wp\/v2\/media\/285511"}],"wp:attachment":[{"href":"https:\/\/www.tucomarca.com\/wordpress\/segunda\/wp-json\/wp\/v2\/media?parent=285505"}],"wp:term":[{"taxonomy":"category","embeddable":true,"href":"https:\/\/www.tucomarca.com\/wordpress\/segunda\/wp-json\/wp\/v2\/categories?post=285505"},{"taxonomy":"post_tag","embeddable":true,"href":"https:\/\/www.tucomarca.com\/wordpress\/segunda\/wp-json\/wp\/v2\/tags?post=285505"}],"curies":[{"name":"wp","href":"https:\/\/api.w.org\/{rel}","templated":true}]}}