{"id":28551,"date":"2014-06-23T14:22:39","date_gmt":"2014-06-23T11:22:39","guid":{"rendered":"http:\/\/www.tucomarca.com\/wordpress\/segunda\/?p=28551"},"modified":"2014-06-23T14:22:39","modified_gmt":"2014-06-23T11:22:39","slug":"la-conselleria-de-educacion-insta-a-los-centros-educativos-a-reutilizar-los-libros-de-texto","status":"publish","type":"post","link":"https:\/\/www.tucomarca.com\/wordpress\/segunda\/la-conselleria-de-educacion-insta-a-los-centros-educativos-a-reutilizar-los-libros-de-texto\/","title":{"rendered":"La Conselleria de Educaci\u00f3n insta a los centros educativos a reutilizar los libros de texto"},"content":{"rendered":"<p>La conselleria de Educaci\u00f3n, Cultura y Deporte presentar\u00e1 la pr\u00f3xima semana a la mesa de educaci\u00f3n el borrador de resoluci\u00f3n por el que se dan instrucciones a los centros de Primaria para que reutilicen los libros de texto y materiales did\u00e1cticos el pr\u00f3ximo curso 2014-15.<\/p>\n<p>A trav\u00e9s de estas instrucciones la Conselleria insta a los centros a mantener la vigencia de los libros de texto de Primaria durante 6 a\u00f1os, dado que la decisi\u00f3n es competencia de los \u00f3rganos de coordinaci\u00f3n did\u00e1ctica de los centros, con el fin de que las familias puedan reutilizarlos y ahorrar en la compra de este material escolar.<\/p>\n<p>Con ello, la Conselleria pretende fomentar la reutilizaci\u00f3n de libros de texto y materiales did\u00e1cticos, as\u00ed como de evitar obligaciones econ\u00f3micas a\u00f1adidas para las familias, siempre y cuando el contenido de estos libros respeten el curr\u00edculo establecido para cada \u00e1rea por la Conselleria de Educaci\u00f3n.<\/p>\n<p>De este modo, los centros podr\u00e1n seguir utilizando pr\u00e1cticamente todos los libros de 1\u00ba, 3\u00ba y 5\u00ba, salvo los de las materias en los que se modifica el curr\u00edculo como Coneixement del Medi e Ingl\u00e9s. En concreto, se modificar\u00e1 el curr\u00edculo de Coneixement del Medi, que pasa a dividirse en dos materias, por un lado Ciencias Sociales y por otro Ciencias Naturales; as\u00ed como el de lengua extranjera ingl\u00e9s, con el fin de potenciar el aprendizaje de esta lengua desde el inicio de la etapa.<\/p>\n<p>Adem\u00e1s, los centros podr\u00e1n seguir utilizando todos los libros de 2\u00ba, 4\u00ba y 6\u00ba de Primaria, dado que estos cursos no se incorporan al nuevo sistema de la LOMCE hasta el curso 2015-16.<\/p>\n<p>Por otro lado, la Conselleria prorroga en las instrucciones el plazo establecido para que los centros expongan la relaci\u00f3n de libros de texto de 1\u00ba, 3\u00ba y 5\u00ba de Primaria, como consecuencia de la nueva regulaci\u00f3n normativa. De este modo los centros tendr\u00e1n hasta mediados de julio para publicar en el tabl\u00f3n de anuncios la relaci\u00f3n de los libros de texto y dem\u00e1s materiales curriculares del pr\u00f3ximo curso.<\/p>\n<p>Deducciones en la Declaraci\u00f3n de la Renta<br \/>\nOtra de las l\u00edneas de actuaci\u00f3n para fomentar el ahorro son las deducciones fiscales por la compra de material escolar. En este sentido, las familias han podido deducirse, por primera vez en la campa\u00f1a de la renta de 2013, la compra de material escolar y libros de texto para sus hijos.<\/p>\n<p>Esta deducci\u00f3n fiscal se incluye en el tramo auton\u00f3mico del Impuesto sobre la Renta de las Personas F\u00edsicas, concretamente en la casilla 926 del modelo de declaraci\u00f3n.<\/p>\n<p>Esta medida aprobada por el Consell permite ayudar a las familias a ahorrar en la escolarizaci\u00f3n de sus hijos, dado que la deducci\u00f3n por compra de material escolar tiene un importe de 100 euros por cada hijo, siempre que se encuentren escolarizados en un centro p\u00fablico o privado concertado de la Comunitat Valenciana.<\/p>\n","protected":false},"excerpt":{"rendered":"<div class=\"mh-excerpt\">La conselleria de Educaci\u00f3n, Cultura y Deporte presentar\u00e1 la pr\u00f3xima semana a la mesa de educaci\u00f3n el borrador de resoluci\u00f3n por el que se dan instrucciones a los centros de Primaria para que reutilicen los <a class=\"mh-excerpt-more\" href=\"https:\/\/www.tucomarca.com\/wordpress\/segunda\/la-conselleria-de-educacion-insta-a-los-centros-educativos-a-reutilizar-los-libros-de-texto\/\" title=\"La Conselleria de Educaci\u00f3n insta a los centros educativos a reutilizar los libros de texto\">[+] <\/a><\/div>\n","protected":false},"author":2,"featured_media":0,"comment_status":"open","ping_status":"open","sticky":false,"template":"","format":"standard","meta":{"footnotes":""},"categories":[8,72,10,3],"tags":[4954,1305,75,4953,2418,4955],"class_list":{"0":"post-28551","1":"post","2":"type-post","3":"status-publish","4":"format-standard","6":"category-la-comarca","7":"category-sin-categorizar","8":"category-la-hoya","9":"category-seccion","10":"tag-centros","11":"tag-conselleria","12":"tag-educacion","13":"tag-insta","14":"tag-libros-de-texto","15":"tag-reutilizar"},"_links":{"self":[{"href":"https:\/\/www.tucomarca.com\/wordpress\/segunda\/wp-json\/wp\/v2\/posts\/28551","targetHints":{"allow":["GET"]}}],"collection":[{"href":"https:\/\/www.tucomarca.com\/wordpress\/segunda\/wp-json\/wp\/v2\/posts"}],"about":[{"href":"https:\/\/www.tucomarca.com\/wordpress\/segunda\/wp-json\/wp\/v2\/types\/post"}],"author":[{"embeddable":true,"href":"https:\/\/www.tucomarca.com\/wordpress\/segunda\/wp-json\/wp\/v2\/users\/2"}],"replies":[{"embeddable":true,"href":"https:\/\/www.tucomarca.com\/wordpress\/segunda\/wp-json\/wp\/v2\/comments?post=28551"}],"version-history":[{"count":0,"href":"https:\/\/www.tucomarca.com\/wordpress\/segunda\/wp-json\/wp\/v2\/posts\/28551\/revisions"}],"wp:attachment":[{"href":"https:\/\/www.tucomarca.com\/wordpress\/segunda\/wp-json\/wp\/v2\/media?parent=28551"}],"wp:term":[{"taxonomy":"category","embeddable":true,"href":"https:\/\/www.tucomarca.com\/wordpress\/segunda\/wp-json\/wp\/v2\/categories?post=28551"},{"taxonomy":"post_tag","embeddable":true,"href":"https:\/\/www.tucomarca.com\/wordpress\/segunda\/wp-json\/wp\/v2\/tags?post=28551"}],"curies":[{"name":"wp","href":"https:\/\/api.w.org\/{rel}","templated":true}]}}