{"id":285536,"date":"2025-11-17T08:00:00","date_gmt":"2025-11-17T07:00:00","guid":{"rendered":"https:\/\/www.tucomarca.com\/wordpress\/segunda\/?p=285536"},"modified":"2025-11-17T19:01:34","modified_gmt":"2025-11-17T18:01:34","slug":"el-movimiento-de-mujeres-democraticas-muestra-su-malestar-ante-el-comunicado-publicado-por-el-ayuntamiento-de-bunol-por-la-primera-semana-de-la-inclusion","status":"publish","type":"post","link":"https:\/\/www.tucomarca.com\/wordpress\/segunda\/el-movimiento-de-mujeres-democraticas-muestra-su-malestar-ante-el-comunicado-publicado-por-el-ayuntamiento-de-bunol-por-la-primera-semana-de-la-inclusion\/","title":{"rendered":"El Movimiento de Mujeres Democr\u00e1ticas muestra su \u00abmalestar ante el comunicado publicado por el Ayuntamiento de Bu\u00f1ol por la Primera Semana de la Inclusi\u00f3n\u00bb"},"content":{"rendered":"\n<p>\u00abAnte el Comunicado publicado por el Ayuntamiento de Bu\u00f1ol sobre la primera semana de la inclusi\u00f3n, queremos mostrar nuestro profundo malestar, vi\u00e9ndonos en la obligaci\u00f3n de puntualizar varios aspectos que consideramos importante aclarar ya que pueden dar pie a confusi\u00f3n y tergiversaciones\u00bb, tal como han hecho constar desde el Movimiento de Mujeres Democr\u00e1ticas (MDM) de Bu\u00f1ol.<\/p>\n\n\n\n<p>Seg\u00fan han hecho constar desde este colectivo, \u00abtanto la Violencia de G\u00e9nero como la Inclusi\u00f3n de personas con diversidad funcional son temas de suficiente calado como para ser tratados de forma independiente y lo m\u00e1s rigurosa posible. Insistimos, son temas independientes. El 25 N es una jornada de reivindicaci\u00f3n, denuncia social y sensibilizaci\u00f3n con el objetivo de erradicar la violencia contra las mujeres y ni\u00f1as\u00bb.<\/p>\n\n\n\n<p>Adem\u00e1s, mantienen que el MDM es \u00abun grupo de larga trayectoria e implicaci\u00f3n en cualquier aspecto social de nuestra localidad, dispuestas siempre a colaborar con el resto de Asociaciones de Bu\u00f1ol. Y, consecuentemente, colaboramos con entrega en la Semana de la Inclusi\u00f3n. Dicha Semana coincide con la Jornada 25N y es por eso que hemos elaborado una programaci\u00f3n diversa, comprometida y de denuncia. Actos como la creaci\u00f3n de una pancarta, en colaboraci\u00f3n con la Asociaci\u00f3n del Ganchillo, a partir de mariposas moradas con los nombres de las mujeres asesinadas en 2025, y en blanco, en representaci\u00f3n de las ni\u00f1as y ni\u00f1os v\u00edctimas de la Violencia Vicaria. Tambi\u00e9n se ha llevado a cabo el III Concurso de Relatos Breves sobre el tema &#8216;Violencia de G\u00e9nero&#8217;, en colaboraci\u00f3n con el IES de Bu\u00f1ol. Adem\u00e1s de una Tertulia en la TV local sobre esta lacra social\u00bb.<\/p>\n\n\n\n<p>Por \u00faltimo, desde el MDM han querido \u00abhacer hincapi\u00e9, una vez m\u00e1s, en un aspecto tan, tan obvio como que las mujeres no somos &#8216;un colectivo susceptible de inclusi\u00f3n&#8217;, sino parte fundamental de la sociedad (de hecho, m\u00e1s de la mitad de la poblaci\u00f3n num\u00e9ricamente hablando). Y somos parte activa y critica que, desafortunadamente, a\u00fan necesita de d\u00edas como el 25N para reivindicar tanto la igualdad real, como la eliminaci\u00f3n de cualquier tipo de violencia, f\u00edsica, psicol\u00f3gica, sexual o econ\u00f3mica contra las mujeres. M\u00e1s a\u00fan en momentos como los actuales donde una parte de la sociedad pone en duda este tipo de violencias. Ojal\u00e1 llegue el d\u00eda en que ya no sea necesaria recordar esta fecha\u00bb.<\/p>\n\n\n\n<p>\u00abConfiamos que estas puntualizaciones ser\u00e1n, entendidas, atendidas y compartidas como se merecen por parte de nuestro Ayuntamiento. Seguimos, como siempre, a disposici\u00f3n de nuestro pueblo para cualquier iniciativa o propuesta por la que valga la pena nuestra lucha y la inclusi\u00f3n lo es y esperamos que la poblaci\u00f3n de Bu\u00f1ol se vuelque esta semana y participe de todas las actividades programadas y que sea la primera de muchas otras\u00bb, han finalizado desde el Movimiento de Mujeres Democr\u00e1ticas.<\/p>\n","protected":false},"excerpt":{"rendered":"<div class=\"mh-excerpt\">\u00abAnte el Comunicado publicado por el Ayuntamiento de Bu\u00f1ol sobre la primera semana de la inclusi\u00f3n, queremos mostrar nuestro profundo malestar, vi\u00e9ndonos en la obligaci\u00f3n de puntualizar varios aspectos que consideramos importante aclarar ya que <a class=\"mh-excerpt-more\" href=\"https:\/\/www.tucomarca.com\/wordpress\/segunda\/el-movimiento-de-mujeres-democraticas-muestra-su-malestar-ante-el-comunicado-publicado-por-el-ayuntamiento-de-bunol-por-la-primera-semana-de-la-inclusion\/\" title=\"El Movimiento de Mujeres Democr\u00e1ticas muestra su \u00abmalestar ante el comunicado publicado por el Ayuntamiento de Bu\u00f1ol por la Primera Semana de la Inclusi\u00f3n\u00bb\">[+] <\/a><\/div>\n","protected":false},"author":12,"featured_media":135107,"comment_status":"open","ping_status":"open","sticky":false,"template":"","format":"standard","meta":{"footnotes":""},"categories":[18,8,10,142,3],"tags":[10385,5952,20366],"class_list":{"0":"post-285536","1":"post","2":"type-post","3":"status-publish","4":"format-standard","5":"has-post-thumbnail","7":"category-bunol","8":"category-la-comarca","9":"category-la-hoya","10":"category-politica-la-comarca","11":"category-seccion","12":"tag-bunol","13":"tag-la-hoya-de-bunol-chiva","14":"tag-movimiento-democratico-de-mujeres-de-bunol"},"_links":{"self":[{"href":"https:\/\/www.tucomarca.com\/wordpress\/segunda\/wp-json\/wp\/v2\/posts\/285536","targetHints":{"allow":["GET"]}}],"collection":[{"href":"https:\/\/www.tucomarca.com\/wordpress\/segunda\/wp-json\/wp\/v2\/posts"}],"about":[{"href":"https:\/\/www.tucomarca.com\/wordpress\/segunda\/wp-json\/wp\/v2\/types\/post"}],"author":[{"embeddable":true,"href":"https:\/\/www.tucomarca.com\/wordpress\/segunda\/wp-json\/wp\/v2\/users\/12"}],"replies":[{"embeddable":true,"href":"https:\/\/www.tucomarca.com\/wordpress\/segunda\/wp-json\/wp\/v2\/comments?post=285536"}],"version-history":[{"count":0,"href":"https:\/\/www.tucomarca.com\/wordpress\/segunda\/wp-json\/wp\/v2\/posts\/285536\/revisions"}],"wp:featuredmedia":[{"embeddable":true,"href":"https:\/\/www.tucomarca.com\/wordpress\/segunda\/wp-json\/wp\/v2\/media\/135107"}],"wp:attachment":[{"href":"https:\/\/www.tucomarca.com\/wordpress\/segunda\/wp-json\/wp\/v2\/media?parent=285536"}],"wp:term":[{"taxonomy":"category","embeddable":true,"href":"https:\/\/www.tucomarca.com\/wordpress\/segunda\/wp-json\/wp\/v2\/categories?post=285536"},{"taxonomy":"post_tag","embeddable":true,"href":"https:\/\/www.tucomarca.com\/wordpress\/segunda\/wp-json\/wp\/v2\/tags?post=285536"}],"curies":[{"name":"wp","href":"https:\/\/api.w.org\/{rel}","templated":true}]}}